{"id":493270,"date":"2025-10-12T16:12:12","date_gmt":"2025-10-12T16:12:12","guid":{"rendered":"https:\/\/www.europesays.com\/de\/493270\/"},"modified":"2025-10-12T16:12:12","modified_gmt":"2025-10-12T16:12:12","slug":"sc-bielefeld-04-26-bietet-sv-haeger-paroli","status":"publish","type":"post","link":"https:\/\/www.europesays.com\/de\/493270\/","title":{"rendered":"SC Bielefeld 04\/26 bietet SV H\u00e4ger Paroli"},"content":{"rendered":"<p>                                Spielinfos:<br \/>\nDatum &amp; Uhrzeit: 12.10.2025 15.00 Uhr<br \/>Austragungsort: Bielefeld<br \/>Wettbewerb: Kreisliga A<br \/>Spieltag: 10<\/p>\n<p>Spielbericht: SC Bielefeld 04\/26 gegen SV H\u00e4ger 3:0 (3:0)<\/p>\n<p id=\"absatz2\" class=\"em_text\">Bielefeld. Ein siegreiches Heimspiel d\u00fcrfen die Besucher der Bielefelder Sportanlage Sudbrack am Sonntag verfolgen. Mit 3:0 setzen sich die Bielefelder souver\u00e4n gegen die G\u00e4ste aus H\u00e4ger durch.<\/p>\n<p id=\"absatz4\" class=\"em_text\">Besart Zeka versenkt den ersten Treffer und verschafft den Hausherren fr\u00fch die F\u00fchrung (17). Das zweite Tor l\u00e4sst nicht lange auf sich warten: Diesmal setzt Daniel Steinbr\u00fcck den Ball ins Netz.<\/p>\n<p id=\"absatz5\" class=\"em_text\">Dem Bielefelder Team gelingt es, noch vor der Pause, ein weiteres Mal zu treffen und den Abstand auszubauen. Sead Aganovic kann in Minute 37 erfolgreich abschlie\u00dfen. Der SC Bielefeld 04\/26 entscheidet die Partie f\u00fcr sich. Die H\u00e4geraner rutschten auf Platz elf ab.<\/p>\n<p id=\"absatz6\" class=\"em_text\">Tore fallen keine mehr, langweilig ist der Rest des Spiels deswegen nicht. Der SC Bielefeld 04\/26 wird noch einmal mit Gelb verwarnt. Die Gegner vom SV H\u00e4ger beenden die Partie mit zwei Gelben Karten (72, 93).<\/p>\n<p>Die Aufstellungen: SC Bielefeld 04\/26 &#8211; SV H\u00e4ger<br \/>\nSC Bielefeld 04\/26: Volkan \u00dcnal (8), Ibrahima Sory Camara (5), Ngonde Lionel Kumpesa (4), Sead Aganovic (7), Adam Mozolevskyi (20), Besart Zeka (21), Bahadir K\u00fcpc\u00fcoglu (6), Daniel Steinbr\u00fcck (18), Emre Pelin (12), Drilon Zeka (38), Mert Karakan (14)<br \/>SV H\u00e4ger: Chris Heidemann (31), Justus Welscher (6), Felix Beine (1), Henning Lotzmann (18), Johannes Theune (14), Mathis K\u00e4mper (3), Justin Wrobbel (4), Marcel Kranzioch (10), Simon Romoth (8), Nenad Jankovic (27), Dilges Yildiz (7)<br \/>Schiedsrichter: Milian Gr\u00f6\u00dfchen (Bad Salzuflen)<\/p>\n<p id=\"absatz7\" class=\"em_text\">Assistent: Luis Aydin<\/p>\n<p id=\"absatz8\" class=\"em_text\">Assistent: Steffen Krause<\/p>\n<p id=\"absatz9\" class=\"em_text\" style=\"font-size: .8em;\">Die Inhalte dieses Berichts wurden automatisch auf der Basis von DFB-Daten zusammengestellt.<\/p>\n","protected":false},"excerpt":{"rendered":"Spielinfos: Datum &amp; Uhrzeit: 12.10.2025 15.00 UhrAustragungsort: BielefeldWettbewerb: Kreisliga ASpieltag: 10 Spielbericht: SC Bielefeld 04\/26 gegen SV H\u00e4ger&hellip;\n","protected":false},"author":2,"featured_media":493271,"comment_status":"","ping_status":"","sticky":false,"template":"","format":"standard","meta":{"footnotes":""},"categories":[1841],"tags":[29339,1605,29340,3364,29,5282,30,35506,9428,16327,734,7774,1613,1209,17965,16328,16332,7773,7765],"class_list":{"0":"post-493270","1":"post","2":"type-post","3":"status-publish","4":"format-standard","5":"has-post-thumbnail","7":"category-bielefeld","8":"tag-besart-zeka","9":"tag-bielefeld","10":"tag-daniel-steinbrck","11":"tag-de","12":"tag-deutschland","13":"tag-fuball","14":"tag-germany","15":"tag-hger","16":"tag-kreisliga","17":"tag-kreisliga-a-bielefeld","18":"tag-meta_artikelklasse_nachricht","19":"tag-meta_themen_sport","20":"tag-meta_userneeds_informieremich","21":"tag-nordrhein-westfalen","22":"tag-paroli","23":"tag-sead-aganovic","24":"tag-serie_ligaid_210717","25":"tag-serie_ligaid_all","26":"tag-spielinfo"},"share_on_mastodon":{"url":"https:\/\/pubeurope.com\/@de\/115362079936897248","error":""},"_links":{"self":[{"href":"https:\/\/www.europesays.com\/de\/wp-json\/wp\/v2\/posts\/493270","targetHints":{"allow":["GET"]}}],"collection":[{"href":"https:\/\/www.europesays.com\/de\/wp-json\/wp\/v2\/posts"}],"about":[{"href":"https:\/\/www.europesays.com\/de\/wp-json\/wp\/v2\/types\/post"}],"author":[{"embeddable":true,"href":"https:\/\/www.europesays.com\/de\/wp-json\/wp\/v2\/users\/2"}],"replies":[{"embeddable":true,"href":"https:\/\/www.europesays.com\/de\/wp-json\/wp\/v2\/comments?post=493270"}],"version-history":[{"count":0,"href":"https:\/\/www.europesays.com\/de\/wp-json\/wp\/v2\/posts\/493270\/revisions"}],"wp:featuredmedia":[{"embeddable":true,"href":"https:\/\/www.europesays.com\/de\/wp-json\/wp\/v2\/media\/493271"}],"wp:attachment":[{"href":"https:\/\/www.europesays.com\/de\/wp-json\/wp\/v2\/media?parent=493270"}],"wp:term":[{"taxonomy":"category","embeddable":true,"href":"https:\/\/www.europesays.com\/de\/wp-json\/wp\/v2\/categories?post=493270"},{"taxonomy":"post_tag","embeddable":true,"href":"https:\/\/www.europesays.com\/de\/wp-json\/wp\/v2\/tags?post=493270"}],"curies":[{"name":"wp","href":"https:\/\/api.w.org\/{rel}","templated":true}]}}