{"id":493272,"date":"2025-10-12T16:13:10","date_gmt":"2025-10-12T16:13:10","guid":{"rendered":"https:\/\/www.europesays.com\/de\/493272\/"},"modified":"2025-10-12T16:13:10","modified_gmt":"2025-10-12T16:13:10","slug":"baustart-an-solinger-jahnkampfbahn-erst-2026","status":"publish","type":"post","link":"https:\/\/www.europesays.com\/de\/493272\/","title":{"rendered":"Baustart an Solinger Jahnkampfbahn erst 2026"},"content":{"rendered":"<p class=\"text_ohne_einzug richtext text-em-55 !leading-serif mx-6 desktop:mx-0\">Die zust\u00e4ndigen Stellen im Solinger Rathaus und beim F\u00f6rderkreis Jahnkampfbahn haben ihre Hausaufgaben erledigt \u2013 und so gesehen stehen die Beteiligten in den Startl\u00f6chern f\u00fcr den Umbau des Walder Stadions. Doch bis es so weit ist und die ersten Bautrupps anr\u00fccken, um unter anderem die Gegengerade der fast 100 Jahre alten Sportanlage zu \u00fcberdachen, wird noch etwas Zeit vergehen. Denn wie Stadt Solingen jetzt mitgeteilt hat, sollen die Arbeiten erst 2026 starten.<\/p>\n","protected":false},"excerpt":{"rendered":"Die zust\u00e4ndigen Stellen im Solinger Rathaus und beim F\u00f6rderkreis Jahnkampfbahn haben ihre Hausaufgaben erledigt \u2013 und so gesehen&hellip;\n","protected":false},"author":2,"featured_media":493273,"comment_status":"","ping_status":"","sticky":false,"template":"","format":"standard","meta":{"footnotes":""},"categories":[1840],"tags":[242,16365,3364,29,30,123761,1209,31252,7223,34907,123760,4418,70952],"class_list":{"0":"post-493272","1":"post","2":"type-post","3":"status-publish","4":"format-standard","5":"has-post-thumbnail","7":"category-wuppertal","8":"tag-242","9":"tag-baustart","10":"tag-de","11":"tag-deutschland","12":"tag-germany","13":"tag-jahnkampfbahn","14":"tag-nordrhein-westfalen","15":"tag-oberpriller","16":"tag-solingen","17":"tag-solinger","18":"tag-tribuenendach","19":"tag-wuppertal","20":"tag-xxxxx"},"share_on_mastodon":{"url":"https:\/\/pubeurope.com\/@de\/115362083926135923","error":""},"_links":{"self":[{"href":"https:\/\/www.europesays.com\/de\/wp-json\/wp\/v2\/posts\/493272","targetHints":{"allow":["GET"]}}],"collection":[{"href":"https:\/\/www.europesays.com\/de\/wp-json\/wp\/v2\/posts"}],"about":[{"href":"https:\/\/www.europesays.com\/de\/wp-json\/wp\/v2\/types\/post"}],"author":[{"embeddable":true,"href":"https:\/\/www.europesays.com\/de\/wp-json\/wp\/v2\/users\/2"}],"replies":[{"embeddable":true,"href":"https:\/\/www.europesays.com\/de\/wp-json\/wp\/v2\/comments?post=493272"}],"version-history":[{"count":0,"href":"https:\/\/www.europesays.com\/de\/wp-json\/wp\/v2\/posts\/493272\/revisions"}],"wp:featuredmedia":[{"embeddable":true,"href":"https:\/\/www.europesays.com\/de\/wp-json\/wp\/v2\/media\/493273"}],"wp:attachment":[{"href":"https:\/\/www.europesays.com\/de\/wp-json\/wp\/v2\/media?parent=493272"}],"wp:term":[{"taxonomy":"category","embeddable":true,"href":"https:\/\/www.europesays.com\/de\/wp-json\/wp\/v2\/categories?post=493272"},{"taxonomy":"post_tag","embeddable":true,"href":"https:\/\/www.europesays.com\/de\/wp-json\/wp\/v2\/tags?post=493272"}],"curies":[{"name":"wp","href":"https:\/\/api.w.org\/{rel}","templated":true}]}}