{"id":493332,"date":"2025-10-12T16:50:15","date_gmt":"2025-10-12T16:50:15","guid":{"rendered":"https:\/\/www.europesays.com\/de\/493332\/"},"modified":"2025-10-12T16:50:15","modified_gmt":"2025-10-12T16:50:15","slug":"polizei-vor-ort-unfall-mit-stadtbahn-in-stuttgart-ost-verkehr-in-richtung-wasen-beeintraechtigt","status":"publish","type":"post","link":"https:\/\/www.europesays.com\/de\/493332\/","title":{"rendered":"Polizei vor Ort: Unfall mit Stadtbahn in Stuttgart-Ost: Verkehr in Richtung Wasen beeintr\u00e4chtigt"},"content":{"rendered":"<p>\t\t\t\t\t\t\t\t\t\t\t\t\t\t\t\t\t\t\t\t\t\t\t\t\t\t\t\t      \t\t            \t\t             \t\t\t\t   \t\t\t\t\t   <img decoding=\"async\" id=\"article-image\" fetchpriority=\"high\" alt=\"Polizei vor Ort: Unfall mit Stadtbahn in Stuttgart-Ost: Verkehr in Richtung Wasen beeintr\u00e4chtigt\" onclick=\"var pA=document.createElement('a');pA.setAttribute('href','https:\/\/www.stuttgarter-nachrichten.de\/gallery.polizei-vor-ort-unfall-mit-stadtbahn-in-stuttgart-ost-verkehr-in-richtung-wasen-beeintraechtigt.416d7d60-9be6-4c54-807b-2799f64e4f5e.html'),pA.click();\" title=\"Polizei vor Ort: Unfall mit Stadtbahn in Stuttgart-Ost: Verkehr in Richtung Wasen beeintr\u00e4chtigt\" src=\"https:\/\/www.europesays.com\/de\/wp-content\/uploads\/2025\/10\/media.media.a6363985-3c63-42e5-abc6-06bb1d2701f2.16x9_700.jpg\" data-linkto=\"https:\/\/www.stuttgarter-nachrichten.de\/gallery.polizei-vor-ort-unfall-mit-stadtbahn-in-stuttgart-ost-verkehr-in-richtung-wasen-beeintraechtigt.416d7d60-9be6-4c54-807b-2799f64e4f5e.html\"\/>\t\t\t\t\t\t\t\t\t\t\t\t\t\t\t\t\t\t\t\t\t\t\t\tAuf H\u00f6he der Haltestelle Metzstra\u00dfe sind eine Stadtbahn und ein Auto zusammengesto\u00dfen. (Symbolbild)\u00a0Foto: Andreas Rosar\/Fotoagentur Stuttgart\t\t\t<\/p>\n<p>Am sp\u00e4ten Sonntagnachmittag kommt es im Stuttgarter Osten zu einem Unfall. Der Bahn- und Autoverkehr ist aktuell unterbrochen. Was bislang bekannt ist.<\/p>\n<p>Aufgrund eines Unfalls an der Stadtbahnhaltestelle \u201eMetzstra\u00dfe\u201c im Stuttgarter Osten kommt es aktuell zu Verz\u00f6gerungen im Bahn- und Stra\u00dfenverkehr in Richtung Bad Cannstatt. <\/p>\n<p>Wie die <a href=\"https:\/\/www.stuttgarter-nachrichten.de\/thema\/Polizei\" title=\"Polizei\" class=\"art_thema\" target=\"_blank\" rel=\"noopener\">Polizei<\/a> mitteilt, sind ein Auto und eine Stadtbahn auf H\u00f6he der Haltestelle zusammengesto\u00dfen. Das Fahrzeug, vermutlich ein Auto, wurde danach gegen eine Ampel geschoben, wie ein Polizeisprecher sagte. Die Polizei vermutete, dass der Fahrer des Fahrzeugs verletzt wurde. \u00dcber Verletzte in der Stadtbahn war nichts bekannt. Die vollbesetzte Bahn blockiert aktuell die Strecke.<\/p>\n<p>Laut Sprecher \u00fcberpr\u00fcfte die Feuerwehr die Fahrg\u00e4ste in der Stadtbahn und fragte nach Verletzten. Wie viele von ihnen am letzten <a href=\"https:\/\/www.stuttgarter-nachrichten.de\/thema\/Cannstatter_Wasen\" title=\"Wasen\" class=\"art_thema\" target=\"_blank\" rel=\"noopener\">Wasen<\/a>-Tag in der Stadtbahn sa\u00dfen, war nicht bekannt.<\/p>\n<p>Auto- und Bahnverkehr im Bereich Metzstra\u00dfe unterbrochen <\/p>\n<p>Die Strecke der Stadtbahnlinie U1 zwischen den Haltestellen Mineralb\u00e4der und Hauptbahnhof (Arnulf-Klett-Platz) ist unterbrochen. Zudem ist die Neckarstra\u00dfe f\u00fcr Autofahrer gesperrt. <\/p>\n<p> Ersatzverkehr mit Bussen eingerichtet <\/p>\n<p>Der VVS bittet Fahrg\u00e4ste zwischen Hauptbahnhof und St\u00f6ckach die Stadtbahnen der Linie U9 zu nutzen. Zwischen St\u00f6ckach und Bad Cannstatt Wilhelmsplatz wird laut VVS ein Ersatzverkehr mit Taxis oder Bussen eingerichtet. <\/p>\n<p>Die Haltestellen Mineralb\u00e4der und Mercedesstra\u00dfe k\u00f6nnen vom Ersatzverkehr nicht bedient werden. Es wird empfohlen zwischen Bad Cannstatt und der Stuttgarter Innenstadt auf die S-Bahnen der Linien S1, S2 und S3 auszuweichen.<\/p>\n<p>Wie viele Stadtbahnen im Stuttgarter Netz aktuell versp\u00e4tet sind oder ausfallen, zeigt unsere Tabelle. Wir werten daf\u00fcr Echtzeitdaten aus, die Tabelle aktualisiert sich automatisch alle zehn Minuten. Klicken Sie auf eine der Linien, um Details zu erfahren:<\/p>\n<p> Weitere Informationen in K\u00fcrze. <\/p>\n","protected":false},"excerpt":{"rendered":"Auf H\u00f6he der Haltestelle Metzstra\u00dfe sind eine Stadtbahn und ein Auto zusammengesto\u00dfen. (Symbolbild)\u00a0Foto: Andreas Rosar\/Fotoagentur Stuttgart Am sp\u00e4ten&hellip;\n","protected":false},"author":2,"featured_media":493333,"comment_status":"","ping_status":"","sticky":false,"template":"","format":"standard","meta":{"footnotes":""},"categories":[1830],"tags":[1634,4742,3364,29,30,8781,121,8248,55572,1441],"class_list":{"0":"post-493332","1":"post","2":"type-post","3":"status-publish","4":"format-standard","5":"has-post-thumbnail","7":"category-stuttgart","8":"tag-baden-wuerttemberg","9":"tag-cannstatter-wasen","10":"tag-de","11":"tag-deutschland","12":"tag-germany","13":"tag-grafik","14":"tag-polizei","15":"tag-polizeibericht-stuttgart","16":"tag-stadtbahnunfall","17":"tag-stuttgart"},"share_on_mastodon":{"url":"https:\/\/pubeurope.com\/@de\/115362230050213836","error":""},"_links":{"self":[{"href":"https:\/\/www.europesays.com\/de\/wp-json\/wp\/v2\/posts\/493332","targetHints":{"allow":["GET"]}}],"collection":[{"href":"https:\/\/www.europesays.com\/de\/wp-json\/wp\/v2\/posts"}],"about":[{"href":"https:\/\/www.europesays.com\/de\/wp-json\/wp\/v2\/types\/post"}],"author":[{"embeddable":true,"href":"https:\/\/www.europesays.com\/de\/wp-json\/wp\/v2\/users\/2"}],"replies":[{"embeddable":true,"href":"https:\/\/www.europesays.com\/de\/wp-json\/wp\/v2\/comments?post=493332"}],"version-history":[{"count":0,"href":"https:\/\/www.europesays.com\/de\/wp-json\/wp\/v2\/posts\/493332\/revisions"}],"wp:featuredmedia":[{"embeddable":true,"href":"https:\/\/www.europesays.com\/de\/wp-json\/wp\/v2\/media\/493333"}],"wp:attachment":[{"href":"https:\/\/www.europesays.com\/de\/wp-json\/wp\/v2\/media?parent=493332"}],"wp:term":[{"taxonomy":"category","embeddable":true,"href":"https:\/\/www.europesays.com\/de\/wp-json\/wp\/v2\/categories?post=493332"},{"taxonomy":"post_tag","embeddable":true,"href":"https:\/\/www.europesays.com\/de\/wp-json\/wp\/v2\/tags?post=493332"}],"curies":[{"name":"wp","href":"https:\/\/api.w.org\/{rel}","templated":true}]}}