{"id":493804,"date":"2025-10-12T21:26:15","date_gmt":"2025-10-12T21:26:15","guid":{"rendered":"https:\/\/www.europesays.com\/de\/493804\/"},"modified":"2025-10-12T21:26:15","modified_gmt":"2025-10-12T21:26:15","slug":"baden-wuerttemberg-nackter-mann-bedroht-kinder-und-passanten-in-kleinstadt","status":"publish","type":"post","link":"https:\/\/www.europesays.com\/de\/493804\/","title":{"rendered":"Baden-W\u00fcrttemberg: Nackter Mann bedroht Kinder und Passanten in Kleinstadt"},"content":{"rendered":"<p class=\"is-first-paragraph\" data-external=\"Article.FirstParagraph\">Ein psychisch kranker Mann h\u00e4lt die 6000-Einwohner-Kleinstadt Neuffen im Landkreis Esslingen (Baden-W\u00fcrttemberg) in Atem. Nach einem heftigen Vorfall am Donnerstagmorgen in der Hauptstra\u00dfe in Neuffen ermittelt die Polizei wegen des Verdachts der K\u00f6rperverletzung gegen den 36-J\u00e4hrigen. Au\u00dferdem wurde der Mann in die Psychiatrie eingewiesen. <\/p>\n<p>Zuvor hatte der offenbar geistig verwirrte Mann Passanten, Schul- und Kindergartenkinder in aggressiver Art und Weise angesprochen, auf Autos eingeschlagen und war auch auf die Motorhaube eines Fahrzeugs gestiegen. Im weiteren Verlauf entbl\u00f6\u00dfte er sich vollst\u00e4ndig, rannte nackt die Stra\u00dfe entlang und ging auch Passanten k\u00f6rperlich an. Die \u201e<a class=\"is-link c-block-items__link is-external c-link--rich-text-renderer\" href=\"https:\/\/www.bild.de\/regional\/baden-wuerttemberg\/er-schlaegt-immer-wieder-zu-kleinstadt-in-angst-vor-nacktem-fluechtling-68e8d88c2401d9f443e81831\" target=\"_blank\" title=\"(Link wird in einem neuen Tab ge\u00f6ffnet)\" rel=\"nofollow noopener\" data-internal-tracking-enabled=\"true\" data-internal-tracking=\"{&quot;action&quot;:&quot;click&quot;,&quot;label&quot;:&quot;link&quot;,&quot;name&quot;:&quot;Inline Element&quot;,&quot;data&quot;:{&quot;source&quot;:&quot;&quot;,&quot;target&quot;:&quot;https:\/\/www.bild.de\/regional\/baden-wuerttemberg\/er-schlaegt-immer-wieder-zu-kleinstadt-in-angst-vor-nacktem-fluechtling-68e8d88c2401d9f443e81831&quot;,&quot;trackingName&quot;:&quot;&quot;,&quot;trackingLabel&quot;:&quot;&quot;}}\">Bild<\/a>\u201c-Zeitung berichtet, dass sich Ladeninhaber mit ihren Kunden w\u00e4hrend des Ausrasters in den Gesch\u00e4ften verschanzt haben.<\/p>\n<p>Schlie\u00dflich habe sich ein Kfz-Mechatroniker mit einem Warndreieck bewaffnet und es gemeinsam mit einem weiteren Augenzeugen geschafft, den <a class=\"is-link c-block-items__link c-link--rich-text-renderer\" href=\"https:\/\/www.welt.de\/vermischtes\/article255454166\/Freiburg-Mann-randaliert-mit-Schrotflinte-und-droht-Beamten-Polizei-erschiesst-48-Jaehrigen.html\" data-internal-tracking-enabled=\"true\" data-internal-tracking=\"{&quot;action&quot;:&quot;click&quot;,&quot;label&quot;:&quot;link&quot;,&quot;name&quot;:&quot;Inline Element&quot;,&quot;data&quot;:{&quot;source&quot;:&quot;&quot;,&quot;target&quot;:&quot;https:\/\/www.welt.de\/vermischtes\/article255454166\/Freiburg-Mann-randaliert-mit-Schrotflinte-und-droht-Beamten-Polizei-erschiesst-48-Jaehrigen.html&quot;,&quot;trackingName&quot;:&quot;&quot;,&quot;trackingLabel&quot;:&quot;&quot;}}\" rel=\"nofollow noopener\" target=\"_blank\">Randalierer<\/a> festzuhalten, bis die Polizei eintrifft. Es soll sich laut \u201eBild\u201c um einen Asylbewerber aus dem Togo handeln, der seit nunmehr zwei Jahren in Neuffen lebt. Laut Bewohnern soll es nicht das erste Mal gewesen sein, dass der Mann nackt Menschen bedroht hat.<\/p>\n<p>Nach der Festnahme wurde der 36-J\u00e4hrige in eine Fachklinik eingeliefert und dort station\u00e4r aufgenommen. Im Ort rechnen viele damit, dass er bald zur\u00fcckkehren k\u00f6nnte.<\/p>\n<p>Ernstlich verletzt wurde nach derzeitigem Kenntnisstand bei dem Vorfall am Donnerstag niemand, auch Sachsch\u00e4den seien der Polizei bislang nicht bekannt. <\/p>\n","protected":false},"excerpt":{"rendered":"Ein psychisch kranker Mann h\u00e4lt die 6000-Einwohner-Kleinstadt Neuffen im Landkreis Esslingen (Baden-W\u00fcrttemberg) in Atem. Nach einem heftigen Vorfall&hellip;\n","protected":false},"author":2,"featured_media":493805,"comment_status":"","ping_status":"","sticky":false,"template":"","format":"standard","meta":{"footnotes":""},"categories":[2],"tags":[70611,29,30,13,14,15,110,121,12,47260,10,8,9,11,123870,105537],"class_list":{"0":"post-493804","1":"post","2":"type-post","3":"status-publish","4":"format-standard","5":"has-post-thumbnail","7":"category-deutschland","8":"tag-asylbewerber-ks","9":"tag-deutschland","10":"tag-germany","11":"tag-headlines","12":"tag-nachrichten","13":"tag-news","14":"tag-newsteam","15":"tag-polizei","16":"tag-schlagzeilen","17":"tag-togo","18":"tag-top-news","19":"tag-top-meldungen","20":"tag-topmeldungen","21":"tag-topnews","22":"tag-vandalen-ks","23":"tag-vandalismus-ks"},"share_on_mastodon":{"url":"https:\/\/pubeurope.com\/@de\/115363314851942280","error":""},"_links":{"self":[{"href":"https:\/\/www.europesays.com\/de\/wp-json\/wp\/v2\/posts\/493804","targetHints":{"allow":["GET"]}}],"collection":[{"href":"https:\/\/www.europesays.com\/de\/wp-json\/wp\/v2\/posts"}],"about":[{"href":"https:\/\/www.europesays.com\/de\/wp-json\/wp\/v2\/types\/post"}],"author":[{"embeddable":true,"href":"https:\/\/www.europesays.com\/de\/wp-json\/wp\/v2\/users\/2"}],"replies":[{"embeddable":true,"href":"https:\/\/www.europesays.com\/de\/wp-json\/wp\/v2\/comments?post=493804"}],"version-history":[{"count":0,"href":"https:\/\/www.europesays.com\/de\/wp-json\/wp\/v2\/posts\/493804\/revisions"}],"wp:featuredmedia":[{"embeddable":true,"href":"https:\/\/www.europesays.com\/de\/wp-json\/wp\/v2\/media\/493805"}],"wp:attachment":[{"href":"https:\/\/www.europesays.com\/de\/wp-json\/wp\/v2\/media?parent=493804"}],"wp:term":[{"taxonomy":"category","embeddable":true,"href":"https:\/\/www.europesays.com\/de\/wp-json\/wp\/v2\/categories?post=493804"},{"taxonomy":"post_tag","embeddable":true,"href":"https:\/\/www.europesays.com\/de\/wp-json\/wp\/v2\/tags?post=493804"}],"curies":[{"name":"wp","href":"https:\/\/api.w.org\/{rel}","templated":true}]}}