{"id":493807,"date":"2025-10-12T21:28:12","date_gmt":"2025-10-12T21:28:12","guid":{"rendered":"https:\/\/www.europesays.com\/de\/493807\/"},"modified":"2025-10-12T21:28:12","modified_gmt":"2025-10-12T21:28:12","slug":"buergerinitiative-wehrt-sich-gegen-plaene-fuer-gewerbegebiet-in-halle-tornau","status":"publish","type":"post","link":"https:\/\/www.europesays.com\/de\/493807\/","title":{"rendered":"B\u00fcrgerinitiative wehrt sich gegen Pl\u00e4ne f\u00fcr Gewerbegebiet in Halle-Tornau"},"content":{"rendered":"<p><img decoding=\"async\" src=\"https:\/\/www.europesays.com\/de\/wp-content\/uploads\/2025\/10\/nein-678x381.jpg\" alt=\"\" title=\"nein\"\/><br \/>\n \u00a9 H@llAnzeiger<\/p>\n<p>Halle\/BIHgN. Die B\u00fcrgerinitiative \u201eHalles gr\u00fcner Norden\u201c wendet sich aktuell mit einem offenen Brief an den Oberb\u00fcrgermeister der Stadt Halle (Saale), Dr. Alexander Vogt. Die Initiative setzt sich daf\u00fcr ein, dass die aktuellen Pl\u00e4ne f\u00fcr ein neues Gewerbegebiet in Tornau erneut auf Eis gelegt werden, um \u201cdas Lebensgef\u00fchl, die Lebensqualit\u00e4t und die Identit\u00e4t aller B\u00fcrgerinnen und B\u00fcrger in Tornau, M\u00f6tzlich, Seeben und dem Saalekreis\u201d nicht zu beintr\u00e4chtigen. <\/p>\n<p>Dabei wird insbesondere kritisiert, dass der Stadtrat nun seinen eigenen Beschluss aufheben soll: \u201cEs macht uns fassungslos, dass der Beschluss aus dem Jahre 2019, in dem die Entwicklung eines solchen Gebietes mehrheitlich abgelehnt wurde, wieder aufgehoben werden soll. Wo bleiben da Glaubw\u00fcrdigkeit und Ehrlichkeit der Politiker? Dies ist ein massiver Vertrauensbruch gegen\u00fcber uns B\u00fcrgerinnen und B\u00fcrgern. Tornau ist Heimat, R\u00fcckzugsort, Naturidylle und ein Stadtteil mit gewachsener, l\u00e4ndlich gepr\u00e4gter Struktur. Ein Gewerbegebiet w\u00fcrde diese Qualit\u00e4ten vernichten\u201d, so die Initiative.\u00a0<\/p>\n<p><strong>Forderungen an Oberb\u00fcrgermeister aufgestellt<\/strong><br \/>Die Initiative appelliert an den Oberb\u00fcrgermeister, eine umfassende Potenzialanalyse aller bestehenden Gewerbefl\u00e4chen der Stadt Halle durchzuf\u00fchren, bevor neue Fl\u00e4chen versiegelt werden. Au\u00dferdem sollen Alternativstandorte und nachhaltige Entwicklungskonzepte, die Wirtschaft und Lebensqualit\u00e4t gleicherma\u00dfen ber\u00fccksichtigen, gepr\u00fcft und \u00f6konomischen Chancen sorgf\u00e4ltig gegen den langfristigen Erhalt der Natur, Artenvielfalt und Lebensqualit\u00e4t abgewogen werden.<\/p>\n<p><strong>B\u00fcrgerinitiative setzt auf Dialog<\/strong><br \/>Iris Bereuther von der B\u00fcrgerinitative fordert die Politik zur B\u00fcrgerbeteiligung auf: \u201cF\u00fcr einen offenen Dialog stehen Ihnen und allen Stadtr\u00e4ten die Mitglieder der B\u00fcrgerinitiative sehr gern zur Verf\u00fcgung. Sprechen Sie mit uns! Nehmen Sie B\u00fcrgerbeteiligung ernst\u201d.<\/p>\n<p>Am 26.10.2025 l\u00e4dt die Initiative deshalb zum Herbstspaziergang ein. Bei Kaffee, Gl\u00fchwein, Pl\u00e4tzchen und Kuchen sollen Argumente ausgetauscht und L\u00f6sungen gefunden werden.<\/p>\n","protected":false},"excerpt":{"rendered":"\u00a9 H@llAnzeiger Halle\/BIHgN. Die B\u00fcrgerinitiative \u201eHalles gr\u00fcner Norden\u201c wendet sich aktuell mit einem offenen Brief an den Oberb\u00fcrgermeister&hellip;\n","protected":false},"author":2,"featured_media":493808,"comment_status":"","ping_status":"","sticky":false,"template":"","format":"standard","meta":{"footnotes":""},"categories":[1860],"tags":[3364,29,548,663,3934,30,4062,17332,13,14,15,17331,860,12],"class_list":{"0":"post-493807","1":"post","2":"type-post","3":"status-publish","4":"format-standard","5":"has-post-thumbnail","7":"category-halle-saale","8":"tag-de","9":"tag-deutschland","10":"tag-eu","11":"tag-europa","12":"tag-europe","13":"tag-germany","14":"tag-halle","15":"tag-halle-saale","16":"tag-headlines","17":"tag-nachrichten","18":"tag-news","19":"tag-saale","20":"tag-sachsen-anhalt","21":"tag-schlagzeilen"},"share_on_mastodon":{"url":"https:\/\/pubeurope.com\/@de\/115363322795641669","error":""},"_links":{"self":[{"href":"https:\/\/www.europesays.com\/de\/wp-json\/wp\/v2\/posts\/493807","targetHints":{"allow":["GET"]}}],"collection":[{"href":"https:\/\/www.europesays.com\/de\/wp-json\/wp\/v2\/posts"}],"about":[{"href":"https:\/\/www.europesays.com\/de\/wp-json\/wp\/v2\/types\/post"}],"author":[{"embeddable":true,"href":"https:\/\/www.europesays.com\/de\/wp-json\/wp\/v2\/users\/2"}],"replies":[{"embeddable":true,"href":"https:\/\/www.europesays.com\/de\/wp-json\/wp\/v2\/comments?post=493807"}],"version-history":[{"count":0,"href":"https:\/\/www.europesays.com\/de\/wp-json\/wp\/v2\/posts\/493807\/revisions"}],"wp:featuredmedia":[{"embeddable":true,"href":"https:\/\/www.europesays.com\/de\/wp-json\/wp\/v2\/media\/493808"}],"wp:attachment":[{"href":"https:\/\/www.europesays.com\/de\/wp-json\/wp\/v2\/media?parent=493807"}],"wp:term":[{"taxonomy":"category","embeddable":true,"href":"https:\/\/www.europesays.com\/de\/wp-json\/wp\/v2\/categories?post=493807"},{"taxonomy":"post_tag","embeddable":true,"href":"https:\/\/www.europesays.com\/de\/wp-json\/wp\/v2\/tags?post=493807"}],"curies":[{"name":"wp","href":"https:\/\/api.w.org\/{rel}","templated":true}]}}