{"id":493851,"date":"2025-10-12T21:55:22","date_gmt":"2025-10-12T21:55:22","guid":{"rendered":"https:\/\/www.europesays.com\/de\/493851\/"},"modified":"2025-10-12T21:55:22","modified_gmt":"2025-10-12T21:55:22","slug":"quali-tuerkei-keeper-berke-oezer-unerlaubt-abgereist-inakzeptabel","status":"publish","type":"post","link":"https:\/\/www.europesays.com\/de\/493851\/","title":{"rendered":"Quali &#8211; T\u00fcrkei-Keeper Berke \u00d6zer unerlaubt abgereist: &#8222;Inakzeptabel&#8220;"},"content":{"rendered":"<p class=\"css-1q8kfuz\">In der t\u00fcrkischen Fu\u00dfball-Nationalmannschaft hat Ersatztorh\u00fcter Berke \u00d6zer f\u00fcr einen Eklat gesorgt.<\/p>\n<p class=\"css-1cmglxz\">Wie der t\u00fcrkische Verband TFF am Sonntag bekannt gab, habe der 25-J\u00e4hrige vom franz\u00f6sischen Erstligisten OSC Lille das Team-Camp in Istanbul nach der R\u00fcckkehr vom 6:1-Sieg in der <a href=\"https:\/\/www.ran.de\/sports\/fussball\/wm-qualifikation-europa\" target=\"_blank\" rel=\"noopener\">WM-Qualifikation<\/a> in Bulgarien &#8222;auf eigenen Wunsch und ohne die Erlaubnis unseres technischen und administrativen Personals&#8220; verlassen.<\/p>\n<p class=\"css-1cmglxz\">\u00d6zer habe dies &#8222;mit seinem Ausschluss aus dem Kader f\u00fcr das gestern ausgetragene Spiel&#8220; begr\u00fcndet, schrieb der Verband, der das Verhalten scharf kritisierte: &#8222;In einer Zeit, in der wir mit Hingabe um die Qualifikation f\u00fcr die Weltmeisterschaft k\u00e4mpfen, die wir uns seit vielen Jahren w\u00fcnschen, und in der die Einheit und Solidarit\u00e4t innerhalb der Mannschaft auf dem H\u00f6hepunkt sind, ist ein solches Verhalten inakzeptabel. Disziplin, Respekt und Teamgeist sind dabei unsere wichtigsten Prinzipien, an denen wir niemals kompromittieren werden.&#8220;<\/p>\n<p class=\"css-1cmglxz\">\u00d6zer selbst reagierte in den Sozialen Netzwerken. &#8222;Diese Entscheidung ist weder gegen einen meiner Mitspieler gerichtet noch respektlos&#8220;, schrieb er, kritisierte dann aber die Verantwortlichen: &#8222;Als ich die Aufstellung sah, wurde mir klar, wie sinnlos unsere Gespr\u00e4che der letzten Tage gewesen waren.&#8220;<\/p>\n<p>\u00d6zer reiste wohl schon mit Schmerzen an<\/p>\n<p class=\"css-1cmglxz\">Er sei schon mit Schmerzen zur Nationalmannschaft gereist und h\u00e4tte im Vorfeld gesagt, &#8222;dass es besser w\u00e4re, wenn ich mich ausruhe und behandeln lasse, falls ich nicht im Kader stehen sollte&#8220;, sagte \u00d6zer: &#8222;Ich m\u00f6chte, dass alle Personen gleich und gerecht behandelt werden, und \u00fcberlasse es der \u00f6ffentlichen Meinung, den aktuellen Prozess und den Ton der diesbez\u00fcglichen Erkl\u00e4rung zu beurteilen.&#8220;<\/p>\n<p class=\"css-1cmglxz\">Als Ersatz wurde nun Muhammed Sengezer f\u00fcr das kommende WM-Qualifikationsspiel am Dienstag (20.45 Uhr) gegen Georgien berufen.<\/p>\n","protected":false},"excerpt":{"rendered":"In der t\u00fcrkischen Fu\u00dfball-Nationalmannschaft hat Ersatztorh\u00fcter Berke \u00d6zer f\u00fcr einen Eklat gesorgt. Wie der t\u00fcrkische Verband TFF am&hellip;\n","protected":false},"author":2,"featured_media":493852,"comment_status":"","ping_status":"","sticky":false,"template":"","format":"standard","meta":{"footnotes":""},"categories":[3933],"tags":[57702,331,332,123756,10207,548,663,158,3934,3935,347,13,14,10702,15,12,4969,143,58622],"class_list":{"0":"post-493851","1":"post","2":"type-post","3":"status-publish","4":"format-standard","5":"has-post-thumbnail","7":"category-eu","8":"tag-abreise","9":"tag-aktuelle-nachrichten","10":"tag-aktuelle-news","11":"tag-berke-oezer","12":"tag-eklat","13":"tag-eu","14":"tag-europa","15":"tag-europaeische-union","16":"tag-europe","17":"tag-european-union","18":"tag-fussball","19":"tag-headlines","20":"tag-nachrichten","21":"tag-nationalmannschaft","22":"tag-news","23":"tag-schlagzeilen","24":"tag-skandal","25":"tag-tuerkei","26":"tag-wm-qualifikation"},"share_on_mastodon":{"url":"https:\/\/pubeurope.com\/@de\/115363428989480756","error":""},"_links":{"self":[{"href":"https:\/\/www.europesays.com\/de\/wp-json\/wp\/v2\/posts\/493851","targetHints":{"allow":["GET"]}}],"collection":[{"href":"https:\/\/www.europesays.com\/de\/wp-json\/wp\/v2\/posts"}],"about":[{"href":"https:\/\/www.europesays.com\/de\/wp-json\/wp\/v2\/types\/post"}],"author":[{"embeddable":true,"href":"https:\/\/www.europesays.com\/de\/wp-json\/wp\/v2\/users\/2"}],"replies":[{"embeddable":true,"href":"https:\/\/www.europesays.com\/de\/wp-json\/wp\/v2\/comments?post=493851"}],"version-history":[{"count":0,"href":"https:\/\/www.europesays.com\/de\/wp-json\/wp\/v2\/posts\/493851\/revisions"}],"wp:featuredmedia":[{"embeddable":true,"href":"https:\/\/www.europesays.com\/de\/wp-json\/wp\/v2\/media\/493852"}],"wp:attachment":[{"href":"https:\/\/www.europesays.com\/de\/wp-json\/wp\/v2\/media?parent=493851"}],"wp:term":[{"taxonomy":"category","embeddable":true,"href":"https:\/\/www.europesays.com\/de\/wp-json\/wp\/v2\/categories?post=493851"},{"taxonomy":"post_tag","embeddable":true,"href":"https:\/\/www.europesays.com\/de\/wp-json\/wp\/v2\/tags?post=493851"}],"curies":[{"name":"wp","href":"https:\/\/api.w.org\/{rel}","templated":true}]}}