{"id":493995,"date":"2025-10-12T23:20:12","date_gmt":"2025-10-12T23:20:12","guid":{"rendered":"https:\/\/www.europesays.com\/de\/493995\/"},"modified":"2025-10-12T23:20:12","modified_gmt":"2025-10-12T23:20:12","slug":"doepfner-bei-ronzheimer-europa-hat-sich-bis-auf-die-knochen-blamiert-politik","status":"publish","type":"post","link":"https:\/\/www.europesays.com\/de\/493995\/","title":{"rendered":"D\u00f6pfner bei Ronzheimer: \u201eEuropa hat sich bis auf die Knochen blamiert\u201c | Politik"},"content":{"rendered":"<p>Berlin \u2013\u00a0<b>Die Welt staunt \u00fcber das Wunder vom Nahen Osten. Die Hamas-Terroristen haben den Krieg f\u00fcr beendet erkl\u00e4rt, sollen Montag alle zwanzig noch lebenden Geiseln freilassen. <\/b><a href=\"https:\/\/www.bild.de\/news\/ausland\/israel\/thema-israel-alle-infos-80028948.bild.html\" class=\"text-link\" target=\"_blank\" rel=\"noopener\"><b>Israel<\/b><\/a><b> zog die Panzer bereits zur\u00fcck \u2013 seit Freitag ruhen die Waffen.<\/b><\/p>\n<p>Auch interessant<\/p>\n<p>Anzeige<\/p>\n<p>Auch interessant<\/p>\n<p>Anzeige<\/p>\n<p>Diesen historischen Deal machte US-Pr\u00e4sident <a href=\"https:\/\/www.bild.de\/politik\/leute\/donald-trump\/thema-donald-trump-alle-infos-80018378.bild.html\" class=\"text-link\" target=\"_blank\" rel=\"noopener\">Donald Trump<\/a> (79) m\u00f6glich. Schwiegersohn Jared Kushner (44) und Nahost-Sondergesandter Steve Witkoff (68) verhandelten vor Ort mit allen relevanten Akteuren, der Pr\u00e4sident selbst nickte den Deal am Ende ab. <\/p>\n<p>Was die drei Immobilien-Milliard\u00e4re geschafft haben, sagt viel \u00fcber eine neue Weltordnung aus. In der neuen Folge seines Podcasts spricht BILD-Vize <a href=\"https:\/\/www.bild.de\/politik\/paul-ronzheimer-aktuelle-news-und-beitraege-5NSwt6emFd1NZ33ISIvE\" class=\"text-link\" target=\"_blank\" rel=\"noopener\">Paul Ronzheimer<\/a> mit Axel-Springer-Vorstandschef Mathias D\u00f6pfner \u00fcber Trump \u2013 aber vor allem \u00fcber die besch\u00e4mende Rolle, die Europa gespielt hat. <\/p>\n<p><b>Paul Ronzheimer ist in Tel Aviv und berichtet D\u00f6pfner, wie die Menschen auf uns blicken. W\u00e4hrend die Einigung gefeiert wird, sei Europa den meisten \u201eziemlich egal\u201c. <\/b><\/p>\n<p>\u25b6\ufe0e Und weiter: \u201eStattdessen sind andere bei diesem Deal ganz wichtig. <a href=\"https:\/\/www.bild.de\/themen\/orte\/katar\/nachrichten-news-fotos-videos-17370926.bild.html\" class=\"text-link\" target=\"_blank\" rel=\"noopener\">Katar<\/a> zum Beispiel. Aber auch \u00c4gypten, die <a href=\"https:\/\/www.bild.de\/news\/ausland\/tuerkei\/thema-tuerkei-alle-infos-80032998.bild.html\" class=\"text-link\" target=\"_blank\" rel=\"noopener\">T\u00fcrkei<\/a>, die dort eine Rolle gespielt haben. Katar finanziell und diplomatisch und dazu nat\u00fcrlich die Trump-Regierung!\u201c<\/p>\n<p>Auch D\u00f6pfner, der sowohl in Washington als auch Jerusalem sehr gut vernetzt ist, spricht Europa eine Relevanz ab. \u201eEuropa hat sich in diesem Zusammenhang als absolut impotent, als machtlos, kraftlos und kontraproduktiv erwiesen. Und nach meiner Einsch\u00e4tzung wirklich bis auf die Knochen blamiert\u201c, so D\u00f6pfner. <\/p>\n<p> An dieser Stelle findest du Inhalte von Drittanbietern <\/p>\n<p> Um mit Inhalten von Drittanbietern zu interagieren oder diese darzustellen, brauchen wir deine Zustimmung. <\/p>\n<p> externen Inhalt aktivieren  Um eingebettete Inhalte anzuzeigen, ist Ihre jederzeit widerrufliche Einwilligung (\u00fcber den Schalter oder \u00fcber &#8220; <a class=\"embed-placeholder__text-link\" href=\"#\" rel=\"noopener noreferrer\" title=\"Tracking widerrufen\"> Widerruf Tracking und Cookies<\/a> &#8220; am Seitenende) zur Verarbeitung personenbezogener Daten n\u00f6tig.  Dabei k\u00f6nnen Daten in Drittl\u00e4nder wie die USA \u00fcbermittelt werden (Art. 49 Abs. 1 lit. a DSGVO). Mit dem Aktivieren des Inhalts stimmen Sie zu. Weitere Infos finden Sie <a class=\"embed-placeholder__text-link\" href=\"#\" rel=\"noopener noreferrer\" title=\"Zu den Privatsph\u00e4re Einstellungen\"> hier<\/a>. <\/p>\n<p>Die neue Folge vom RONZHEIMER.-Podcast mit Axel Springer CEO Mathias D\u00f6pfner h\u00f6ren Sie hier bei <a href=\"https:\/\/open.spotify.com\/episode\/3JCE9Vka5net3CxB1ETRTA\" rel=\"noopener\" class=\"text-link--external text-link\" target=\"_blank\">Spotify<\/a>, <a href=\"https:\/\/podcasts.apple.com\/de\/podcast\/trumps-erfolg-europas-versagen-mit-mathias-d%C3%B6pfner\/id1700432142?i=1000731263832\" rel=\"noopener\" class=\"text-link--external text-link\" target=\"_blank\">Apple Podcasts<\/a> und im <a href=\"https:\/\/shows.acast.com\/ronzheimer\/episodes\/trumps-erfolg-europas-versagen-mit-mathias-dopfner\" rel=\"noopener\" class=\"text-link--external text-link\" target=\"_blank\">BILD-Player<\/a>.<\/p>\n<p>D\u00f6pfner: Europ\u00e4ische Politik ist naiv, opportunistisch und weltfremd<\/p>\n<p><b>Der richtige Weg sei ganz klar von den Amerikanern vorgezeichnet worden und er scheine zum Erfolg zu f\u00fchren. Wenn die Geiseln tats\u00e4chlich befreit sind, sei es n\u00f6tig, \u201edar\u00fcber nachzudenken, ob unsere europ\u00e4ische Politik, die eine Mischung aus Naivit\u00e4t, Opportunismus und Weltfremdheit ist, ob diese Politik in Zukunft so noch fortgesetzt werden sollte\u201c, so D\u00f6pfner.<\/b><\/p>\n<p>Mehr zum Thema<\/p>\n<p><b>Trump verfolge einen Politikstil, der in den beim Deal gefragten Kulturkreisen und besonders in Autokratien und Nicht-Demokratien gut funktioniere, weil er ernst genommen werde. <\/b><\/p>\n<p>Anders Europa! D\u00f6pfner: \u201eDie <a href=\"https:\/\/www.bild.de\/politik\/ausland\/europaeische-union\/thema-europaeische-union-alle-infos-79955728.bild.html\" class=\"text-link\" target=\"_blank\" rel=\"noopener\">EU<\/a> glaubt, dass wenn man mit Autokraten, mit Diktatoren, mit Terroristen nett redet, wenn man ihnen Kompromisse anbietet, wenn man nicht eskaliert, wenn man Zugest\u00e4ndnisse macht, dass sie dann freundlicher, netter und friedlicher werden.\u201c Doch das Gegenteil sei der Fall. <\/p>\n<p><b>Was die deutsche Regierung, aber auch vor allem Br\u00fcssel zuletzt im Nahost-Konflikt und dem Krieg in Gaza geboten h\u00e4tte, seien \u201ealles Signale, die die <\/b><a href=\"https:\/\/www.bild.de\/themen\/organisationen\/hamas\/politik-nachrichten-news-fotos-videos-20560984.bild.html\" class=\"text-link\" target=\"_blank\" rel=\"noopener\"><b>Hamas<\/b><\/a><b> gest\u00e4rkt haben\u201c. <\/b><\/p>\n","protected":false},"excerpt":{"rendered":"Berlin \u2013\u00a0Die Welt staunt \u00fcber das Wunder vom Nahen Osten. Die Hamas-Terroristen haben den Krieg f\u00fcr beendet erkl\u00e4rt,&hellip;\n","protected":false},"author":2,"featured_media":493996,"comment_status":"","ping_status":"","sticky":false,"template":"","format":"standard","meta":{"footnotes":""},"categories":[3933],"tags":[331,332,119065,548,663,158,3934,3935,739,2547,410,13,411,579,118032,14,19462,19741,15,2043,91454,40134,12,45,1017],"class_list":{"0":"post-493995","1":"post","2":"type-post","3":"status-publish","4":"format-standard","5":"has-post-thumbnail","7":"category-eu","8":"tag-aktuelle-nachrichten","9":"tag-aktuelle-news","10":"tag-doepfner-mathias","11":"tag-eu","12":"tag-europa","13":"tag-europaeische-union","14":"tag-europe","15":"tag-european-union","16":"tag-gaza","17":"tag-gaza-streifen","18":"tag-hamas","19":"tag-headlines","20":"tag-israel","21":"tag-katar","22":"tag-kushner-jared","23":"tag-nachrichten","24":"tag-nahost-konflikt","25":"tag-netanjahu-benjamin","26":"tag-news","27":"tag-podcast","28":"tag-ronzheimer","29":"tag-ronzheimer-paul","30":"tag-schlagzeilen","31":"tag-texttospeech","32":"tag-trump-donald"},"share_on_mastodon":{"url":"https:\/\/pubeurope.com\/@de\/115363763063369418","error":""},"_links":{"self":[{"href":"https:\/\/www.europesays.com\/de\/wp-json\/wp\/v2\/posts\/493995","targetHints":{"allow":["GET"]}}],"collection":[{"href":"https:\/\/www.europesays.com\/de\/wp-json\/wp\/v2\/posts"}],"about":[{"href":"https:\/\/www.europesays.com\/de\/wp-json\/wp\/v2\/types\/post"}],"author":[{"embeddable":true,"href":"https:\/\/www.europesays.com\/de\/wp-json\/wp\/v2\/users\/2"}],"replies":[{"embeddable":true,"href":"https:\/\/www.europesays.com\/de\/wp-json\/wp\/v2\/comments?post=493995"}],"version-history":[{"count":0,"href":"https:\/\/www.europesays.com\/de\/wp-json\/wp\/v2\/posts\/493995\/revisions"}],"wp:featuredmedia":[{"embeddable":true,"href":"https:\/\/www.europesays.com\/de\/wp-json\/wp\/v2\/media\/493996"}],"wp:attachment":[{"href":"https:\/\/www.europesays.com\/de\/wp-json\/wp\/v2\/media?parent=493995"}],"wp:term":[{"taxonomy":"category","embeddable":true,"href":"https:\/\/www.europesays.com\/de\/wp-json\/wp\/v2\/categories?post=493995"},{"taxonomy":"post_tag","embeddable":true,"href":"https:\/\/www.europesays.com\/de\/wp-json\/wp\/v2\/tags?post=493995"}],"curies":[{"name":"wp","href":"https:\/\/api.w.org\/{rel}","templated":true}]}}