{"id":493999,"date":"2025-10-12T23:22:14","date_gmt":"2025-10-12T23:22:14","guid":{"rendered":"https:\/\/www.europesays.com\/de\/493999\/"},"modified":"2025-10-12T23:22:14","modified_gmt":"2025-10-12T23:22:14","slug":"vatikan-papst-leo-schockiert-mann-laesst-im-petersdom-die-hosen-herunter-und-uriniert-in-altar","status":"publish","type":"post","link":"https:\/\/www.europesays.com\/de\/493999\/","title":{"rendered":"Vatikan: Papst Leo schockiert \u2013 Mann l\u00e4sst im Petersdom die Hosen herunter und uriniert in Altar"},"content":{"rendered":"<p>Der Petersdom wird immer wieder zum Schauplatz unsch\u00f6ner Gesten. Ein besonders krasser Fall von Vandalismus ereignete sich nun am weltber\u00fchmten Altar des Bernini-Baldachins. Der Papst will daraufhin die Sicherheit im Vatikan \u00fcberpr\u00fcfen lassen.<\/p>\n<p class=\"is-first-paragraph\" data-external=\"Article.FirstParagraph\">Italienische Medien berichten von einem besonders schockierenden Fall von Vandalismus im Petersdom, der sich offenbar am Samstag vor hunderten Besuchern ereignete. Wie italienische Medien berichten, \u00fcberwand ein Mann die Absperrungen zum Hauptaltar in der gr\u00f6\u00dften Kirche der Welt. Dort lie\u00df er die Hosen herunter und urinierte in den Altar. Ein Video des Vorfalls macht in den Sozialen Medien die Runde.<\/p>\n<p>Dem Mann gelang es laut der italienischen Zeitung \u201e<a class=\"is-link c-block-items__link is-external c-link--rich-text-renderer\" href=\"https:\/\/www.iltempo.it\/attualita\/2025\/10\/11\/video\/video-san-pietro-altare-profanato-scandalo-sconcerto-papa-leone-xiv-44508932\/\" target=\"_blank\" title=\"(Link wird in einem neuen Tab ge\u00f6ffnet)\" rel=\"nofollow noopener\" data-internal-tracking-enabled=\"true\" data-internal-tracking=\"{&quot;action&quot;:&quot;click&quot;,&quot;label&quot;:&quot;link&quot;,&quot;name&quot;:&quot;Inline Element&quot;,&quot;data&quot;:{&quot;source&quot;:&quot;&quot;,&quot;target&quot;:&quot;https:\/\/www.iltempo.it\/attualita\/2025\/10\/11\/video\/video-san-pietro-altare-profanato-scandalo-sconcerto-papa-leone-xiv-44508932\/&quot;,&quot;trackingName&quot;:&quot;&quot;,&quot;trackingLabel&quot;:&quot;&quot;}}\">Il Tempo<\/a>\u201c, die Drehkreuze zum Altar unter Berninis pr\u00e4chtigem Baldachin zu umgehen. Nachdem er schnell die Stufen hinaufgestiegen war, lie\u00df er hemmungslos seine Hose fallen und <a class=\"is-link c-block-items__link c-link--rich-text-renderer\" href=\"https:\/\/www.welt.de\/politik\/deutschland\/article235614764\/Berlin-Mann-uriniert-an-Holocaust-Denkmal-Staatsschutz-ermittelt.html\" data-internal-tracking-enabled=\"true\" data-internal-tracking=\"{&quot;action&quot;:&quot;click&quot;,&quot;label&quot;:&quot;link&quot;,&quot;name&quot;:&quot;Inline Element&quot;,&quot;data&quot;:{&quot;source&quot;:&quot;&quot;,&quot;target&quot;:&quot;https:\/\/www.welt.de\/politik\/deutschland\/article235614764\/Berlin-Mann-uriniert-an-Holocaust-Denkmal-Staatsschutz-ermittelt.html&quot;,&quot;trackingName&quot;:&quot;&quot;,&quot;trackingLabel&quot;:&quot;&quot;}}\" target=\"_blank\" rel=\"noopener\">urinierte<\/a> auf den Altar. <\/p>\n<p>Anwesenden Vatikanpolizisten schritten ein und f\u00fchrten den Mann ab, doch der Schaden war da bereits angerichtet. Die Emp\u00f6rung unter Gl\u00e4ubigen ist dementsprechend gro\u00df.<\/p>\n<p><a class=\"is-link c-block-items__link c-link--rich-text-renderer\" href=\"https:\/\/www.welt.de\/politik\/ausland\/article68de2f189ab5e8bd613e0140\/papst-nennt-trumps-migrationspolitik-unmenschlich-weisses-haus-reagiert.html\" data-internal-tracking-enabled=\"true\" data-internal-tracking=\"{&quot;action&quot;:&quot;click&quot;,&quot;label&quot;:&quot;link&quot;,&quot;name&quot;:&quot;Inline Element&quot;,&quot;data&quot;:{&quot;source&quot;:&quot;&quot;,&quot;target&quot;:&quot;https:\/\/www.welt.de\/politik\/ausland\/article68de2f189ab5e8bd613e0140\/papst-nennt-trumps-migrationspolitik-unmenschlich-weisses-haus-reagiert.html&quot;,&quot;trackingName&quot;:&quot;&quot;,&quot;trackingLabel&quot;:&quot;&quot;}}\" target=\"_blank\" rel=\"noopener\">Papst Leo XIV<\/a>. soll \u00fcber die Entweihung des Altars schockiert sein und will laut der italienischen Zeitung Klarheit \u00fcber die Effizienz des Sicherheitsdienstes \u2013 es war nicht der erste Fall von Vandalismus im Petersdom. Zuletzt war im Februar ein Mann auf denselben Altar geklettert und hatte mehrere Kerzenleuchter von dort heruntergesto\u00dfen. <\/p>\n<p>Der Vatikan \u00e4u\u00dfert sich in der Regel nicht zu derartigen Vorf\u00e4llen, auch um keine Nachahmer-Effekte zu f\u00f6rdern. F\u00fcr die \u00f6ffentliche Sicherheit im Petersdom ist \u2013 anders als auf dem Petersplatz \u2013 allein der Vatikan verantwortlich.<\/p>\n<p>kna\/saha<\/p>\n","protected":false},"excerpt":{"rendered":"Der Petersdom wird immer wieder zum Schauplatz unsch\u00f6ner Gesten. Ein besonders krasser Fall von Vandalismus ereignete sich nun&hellip;\n","protected":false},"author":2,"featured_media":494000,"comment_status":"","ping_status":"","sticky":false,"template":"","format":"standard","meta":{"footnotes":""},"categories":[5],"tags":[123905,331,332,3364,29,30,13,355,39036,14,15,110,12,105537,13477],"class_list":{"0":"post-493999","1":"post","2":"type-post","3":"status-publish","4":"format-standard","5":"has-post-thumbnail","7":"category-nachrichten","8":"tag-papst-geb-1955","9":"tag-aktuelle-nachrichten","10":"tag-aktuelle-news","11":"tag-de","12":"tag-deutschland","13":"tag-germany","14":"tag-headlines","15":"tag-italien","16":"tag-leo-xiv","17":"tag-nachrichten","18":"tag-news","19":"tag-newsteam","20":"tag-schlagzeilen","21":"tag-vandalismus-ks","22":"tag-vatikan"},"share_on_mastodon":{"url":"https:\/\/pubeurope.com\/@de\/115363771060221047","error":""},"_links":{"self":[{"href":"https:\/\/www.europesays.com\/de\/wp-json\/wp\/v2\/posts\/493999","targetHints":{"allow":["GET"]}}],"collection":[{"href":"https:\/\/www.europesays.com\/de\/wp-json\/wp\/v2\/posts"}],"about":[{"href":"https:\/\/www.europesays.com\/de\/wp-json\/wp\/v2\/types\/post"}],"author":[{"embeddable":true,"href":"https:\/\/www.europesays.com\/de\/wp-json\/wp\/v2\/users\/2"}],"replies":[{"embeddable":true,"href":"https:\/\/www.europesays.com\/de\/wp-json\/wp\/v2\/comments?post=493999"}],"version-history":[{"count":0,"href":"https:\/\/www.europesays.com\/de\/wp-json\/wp\/v2\/posts\/493999\/revisions"}],"wp:featuredmedia":[{"embeddable":true,"href":"https:\/\/www.europesays.com\/de\/wp-json\/wp\/v2\/media\/494000"}],"wp:attachment":[{"href":"https:\/\/www.europesays.com\/de\/wp-json\/wp\/v2\/media?parent=493999"}],"wp:term":[{"taxonomy":"category","embeddable":true,"href":"https:\/\/www.europesays.com\/de\/wp-json\/wp\/v2\/categories?post=493999"},{"taxonomy":"post_tag","embeddable":true,"href":"https:\/\/www.europesays.com\/de\/wp-json\/wp\/v2\/tags?post=493999"}],"curies":[{"name":"wp","href":"https:\/\/api.w.org\/{rel}","templated":true}]}}