{"id":494214,"date":"2025-10-13T01:30:15","date_gmt":"2025-10-13T01:30:15","guid":{"rendered":"https:\/\/www.europesays.com\/de\/494214\/"},"modified":"2025-10-13T01:30:15","modified_gmt":"2025-10-13T01:30:15","slug":"kinderbuecher-erscheinen-in-neuer-optik","status":"publish","type":"post","link":"https:\/\/www.europesays.com\/de\/494214\/","title":{"rendered":"Kinderb\u00fccher erscheinen in neuer Optik"},"content":{"rendered":"<p class=\"Textstyled__Text-sc-1cqv9mi-0 cLyiiX\">Burscheid. Seit 2017 schreibt Hans-Josef Hungenberg Kinderb\u00fccher. Erschienen sind seit 2018 unter anderem Jari und der Rotmilan, das Mauswiesel und der Maulwurf, Paul und die Tiere im Wald und der Turmfalke stellt vor. Hinzu kommen Tierbilderb\u00fccher. Denn Hans-Josef Hungenberg ist auch begeisterter Fotograf und erg\u00e4nzt seine B\u00fccher um die eigenen Fotos aus der Natur. Seine Inspiration sch\u00f6pft er bei Spazierg\u00e4ngen in seiner Heimatregion, dem Bergischen Land. <\/p>\n<p>Weiterlesen nach der Anzeige<\/p>\n<p>Weiterlesen nach der Anzeige<\/p>\n<p class=\"Textstyled__Text-sc-1cqv9mi-0 cLyiiX\">Zwei seiner B\u00fccher sind nun unter neuem Titel und anderer Optik erschienen: Aus \u201eDer Turmfalke stellt vor\u201c wurde \u201eDie kenne ich doch!\u201c Grund f\u00fcr die Neugestaltung war ein Verlagswechsel von epubli zu \u201eBooks on Demand\u201c (Bod), weil die Titel dort aus technischen Gr\u00fcnden nicht mehr druckbar waren. <\/p>\n<p class=\"Textstyled__Text-sc-1cqv9mi-0 cLyiiX\">\u201eDer Wechsel zu Bod hatte auch den Hintergrund, dass die Buchhandlungen dadurch besseren Zugriff auf die B\u00fccher haben. Bei epubli war das schwierig\u201c, erkl\u00e4rt Hungenberg. <\/p>\n<p>Zuf\u00e4llig zum Schreiben gekommen <\/p>\n<p class=\"Textstyled__Text-sc-1cqv9mi-0 cLyiiX\">Zum Schreiben sei er eher zuf\u00e4llig gekommen, sagt Hans-Josef Hungenberg. \u201eZu meinem 60. Geburtstag bekam ich eine kleine Kamera geschenkt, die ich in meiner Freizeit bei mir im nahegelegenen Wald und auf der Wiese ausprobierte. Es entstanden verschiedene Fotos, Schwerpunkt waren allerdings Tierfotos.\u201c <\/p>\n<p>Weiterlesen nach der Anzeige<\/p>\n<p>Weiterlesen nach der Anzeige<\/p>\n<p><img decoding=\"async\" alt=\"Beide B\u00e4nde von &quot;Der Turmfalke stellt vor&quot; sind und er dem Titel &quot;Die kenne ich doch!&quot; neu erschienen.\" loading=\"lazy\"  src=\"https:\/\/www.europesays.com\/de\/wp-content\/uploads\/2025\/10\/623AYIV5ZRGEFJ3H723ZXXNXY4.jpg\" \/><\/p>\n<p class=\"Textstyled__Text-sc-1cqv9mi-0 cLyiiX\">Freizeit habe er durch eine Arbeitszeitreduzierung auf eine 3-Tage-Woche gehabt. \u201eIch habe mir die Bilder dann immer wieder angeschaut und zeigte sie auch immer mal wieder Kindern in meinem Umfeld.\u201c Irgendwann habe er aus gesammelten Bildern ein kleines Buch gedruckt. \u201eDann musste man nicht mehr einzelne Bilder zeigen und so entstand ein kleines Bilderbuch mit Tieren. Ein Freund von uns meinte dann, ich solle es doch ver\u00f6ffentlichen.\u201c<\/p>\n<p class=\"Textstyled__Text-sc-1cqv9mi-0 cLyiiX\">2017 erschienen mit \u201eDer Turmfalke stellt vor\u201c und \u201eWer ist denn da alles im Wald und auf der Wiese unterwegs\u201c die ersten B\u00fccher, kurz darauf auch die erste Geschichte, \u201eMica der kleine Turmfalke erz\u00e4hlt\u201c. Die Idee f\u00fcr diese Geschichte entstand so: \u201eMein Schwager hing in Kircht\u00fcrmen Nistk\u00e4sten f\u00fcr Turmfalken und Schleiereulen auf und bat mich, einmal mitzugehen, um einige Fotos zu machen.\u201c <\/p>\n<p>Warum Kinderb\u00fccher? <\/p>\n<p class=\"Textstyled__Text-sc-1cqv9mi-0 cLyiiX\">Warum er speziell Kinderb\u00fccher gerne schreibt und bebildert? \u201eDie Natur und die Tiere zu erleben ist f\u00fcr mich etwas Besonderes und ein bisschen davon den Kindern nahezubringen, das ist mein Anliegen.\u201c <\/p>\n<p>Weiterlesen nach der Anzeige<\/p>\n<p>Weiterlesen nach der Anzeige<\/p>\n<p class=\"Textstyled__Text-sc-1cqv9mi-0 cLyiiX\">Er erkl\u00e4rt: \u201eAlle Geschichte haben einen Hintergrund. Es geht um unterschiedliche Freundschaften, um Mut, Ausbildung, Umwelt, Gefahren, einander zu helfen. Es geht nat\u00fcrlich auch darum, dass Kinder lesend die Natur kennenlernen.\u201c <\/p>\n<p class=\"Textstyled__Text-sc-1cqv9mi-0 cLyiiX\">Im kommenden Fr\u00fchjahr ist Hans-Joseph Hungenberg vom 16. bis 22. M\u00e4rz bei \u201eBurscheid liest\u201c dabei und liest aus seinen B\u00fcchern.<\/p>\n<p class=\"Editorialstyled__Editorial-sc-1bfvh9l-0 cSmjnJ\">RGA<\/p>\n","protected":false},"excerpt":{"rendered":"Burscheid. Seit 2017 schreibt Hans-Josef Hungenberg Kinderb\u00fccher. Erschienen sind seit 2018 unter anderem Jari und der Rotmilan, das&hellip;\n","protected":false},"author":2,"featured_media":494215,"comment_status":"","ping_status":"","sticky":false,"template":"","format":"standard","meta":{"footnotes":""},"categories":[1774],"tags":[1784,1785,29,214,30,215],"class_list":{"0":"post-494214","1":"post","2":"type-post","3":"status-publish","4":"format-standard","5":"has-post-thumbnail","7":"category-buecher","8":"tag-books","9":"tag-buecher","10":"tag-deutschland","11":"tag-entertainment","12":"tag-germany","13":"tag-unterhaltung"},"share_on_mastodon":{"url":"https:\/\/pubeurope.com\/@de\/115364274285990737","error":""},"_links":{"self":[{"href":"https:\/\/www.europesays.com\/de\/wp-json\/wp\/v2\/posts\/494214","targetHints":{"allow":["GET"]}}],"collection":[{"href":"https:\/\/www.europesays.com\/de\/wp-json\/wp\/v2\/posts"}],"about":[{"href":"https:\/\/www.europesays.com\/de\/wp-json\/wp\/v2\/types\/post"}],"author":[{"embeddable":true,"href":"https:\/\/www.europesays.com\/de\/wp-json\/wp\/v2\/users\/2"}],"replies":[{"embeddable":true,"href":"https:\/\/www.europesays.com\/de\/wp-json\/wp\/v2\/comments?post=494214"}],"version-history":[{"count":0,"href":"https:\/\/www.europesays.com\/de\/wp-json\/wp\/v2\/posts\/494214\/revisions"}],"wp:featuredmedia":[{"embeddable":true,"href":"https:\/\/www.europesays.com\/de\/wp-json\/wp\/v2\/media\/494215"}],"wp:attachment":[{"href":"https:\/\/www.europesays.com\/de\/wp-json\/wp\/v2\/media?parent=494214"}],"wp:term":[{"taxonomy":"category","embeddable":true,"href":"https:\/\/www.europesays.com\/de\/wp-json\/wp\/v2\/categories?post=494214"},{"taxonomy":"post_tag","embeddable":true,"href":"https:\/\/www.europesays.com\/de\/wp-json\/wp\/v2\/tags?post=494214"}],"curies":[{"name":"wp","href":"https:\/\/api.w.org\/{rel}","templated":true}]}}