{"id":494221,"date":"2025-10-13T01:34:10","date_gmt":"2025-10-13T01:34:10","guid":{"rendered":"https:\/\/www.europesays.com\/de\/494221\/"},"modified":"2025-10-13T01:34:10","modified_gmt":"2025-10-13T01:34:10","slug":"sind-menschen-mit-adhs-kreativer-studie-zeigt-positiven-nebeneffekt-abschweifender-aufmerksamkeit","status":"publish","type":"post","link":"https:\/\/www.europesays.com\/de\/494221\/","title":{"rendered":"Sind Menschen mit ADHS kreativer? &#8211; Studie zeigt positiven Nebeneffekt abschweifender Aufmerksamkeit"},"content":{"rendered":"<p>Abschweifende Gedanken als Schl\u00fcsselfaktor<\/p>\n<p>Und tats\u00e4chlich: \u201eWir haben festgestellt, dass Menschen mit st\u00e4rkeren ADHS-Symptomen wie Aufmerksamkeitsdefiziten, Hyperaktivit\u00e4t oder Impulsivit\u00e4t, bei den kreativen Leistungen besser abschneiden\u201c, berichtet Fang. Alle drei Symptomkomplexe waren positiv mit Kreativit\u00e4t verkn\u00fcpft. Die divergente Kreativit\u00e4t \u2013 also das kreative Denken \u201eout of the Box\u201c \u2013 war zudem deutlicher ausgepr\u00e4gt, wenn Testpersonen stark zum Abschweifen neigten, wie das Team feststellte.<\/p>\n<p>Allerdings kommt es dabei auf die Art des Abschweifens an: \u201eFr\u00fchere Forschungen haben zwei verschiedene Arten des Abschweifens identifiziert\u201c, erkl\u00e4rt Fang. Die erste ist der Konzentrationsverlust, bei dem unsere Gedanken unwillk\u00fcrlich und spontan von Thema zu Thema driften. \u201eDie zweite Variante ist das absichtliche Abschweifen, bei denen Menschen sich bewusst gestatten, vom Thema abzuweichen\u201c, so Fang. \u201eIhre Gedanken gehen dann andere Wege.\u201c\n<\/p>\n<p>Dieses Abschweifen der Gedanken, vor allem, wenn es bewusst zugelassen wird, scheint einer der Schl\u00fcsselfaktoren f\u00fcr das kreative Denken zu sein. ADHS-Patienten mit dieser Neigung schnitten auch in den Tests von Fang und seinem Team besonders gut ab. \u201eFr\u00fchere Studien haben schon Hinweise darauf geliefert, dass ADHS und Kreativit\u00e4t \u00fcber dieses Abschweifen miteinander verkn\u00fcpft sind\u201c, sagt Fang. \u201eWir haben diese Verbindung jetzt durch direkte Tests best\u00e4tigt.\u201c\n<\/p>\n<p>\u201eGewinn f\u00fcr unsere Gesellschaft\u201c<\/p>\n<p>Nach Ansicht der Forschenden unterstreicht dies, dass neurodiverse Menschen mit ADHS oder auch Autismus eine wichtige und positive Rolle f\u00fcr unsere Gesellschaft spielen. Denn ihre Neurodiversit\u00e4t kann diese Menschen zwar einschr\u00e4nken, aber auch bereichern \u2013 beispielsweise durch eine erh\u00f6hte Kreativit\u00e4t.\n<\/p>\n<p>\u00c4hnlich sieht dies auch Klaus-Peter Lesch von der Universit\u00e4t W\u00fcrzburg: \u201eDas Abschweifen der Gedanken ist eine der entscheidenden Ressourcen, auf denen die bemerkenswerte Kreativit\u00e4t von hochfunktionalen ADHS-Betroffenen beruht. Genau das macht sie zu einem unglaublich wertvollen Gewinn f\u00fcr unsere Gesellschaft und die Zukunft unseres Planeten\u201c, kommentiert der nicht an der Studie beteiligte Neurowissenschaftler. (38th <a href=\"https:\/\/www.ecnp.eu\/congress2025\/\" target=\"_blank\" rel=\"noopener\">ECNP Congress<\/a>, 2025)\n<\/p>\n<p>Quelle: European College of Neuropsychopharmacology (ECNP)<br \/>\n&#13;<br \/>\n\t&#13;<br \/>\n\t&#13;<br \/>\n\t&#13;<br \/>\n&#13;<br \/>\n\t&#13;<br \/>\n&#13;<br \/>\n&#13;\n\t<\/p>\n<p>13. Oktober 2025\t&#13;<br \/>\n\t&#13;<br \/>\n\t &#8211; Nadja Podbregar<\/p>\n","protected":false},"excerpt":{"rendered":"Abschweifende Gedanken als Schl\u00fcsselfaktor Und tats\u00e4chlich: \u201eWir haben festgestellt, dass Menschen mit st\u00e4rkeren ADHS-Symptomen wie Aufmerksamkeitsdefiziten, Hyperaktivit\u00e4t oder&hellip;\n","protected":false},"author":2,"featured_media":494222,"comment_status":"","ping_status":"","sticky":false,"template":"","format":"standard","meta":{"footnotes":""},"categories":[137],"tags":[123947,16181,123948,29,30,141,232,123949,38010,8782,13353],"class_list":{"0":"post-494221","1":"post","2":"type-post","3":"status-publish","4":"format-standard","5":"has-post-thumbnail","7":"category-gesundheit","8":"tag-abschweifen","9":"tag-adhs","10":"tag-aufmerksamkeitsdefizit","11":"tag-deutschland","12":"tag-germany","13":"tag-gesundheit","14":"tag-health","15":"tag-hyperaktivitaet","16":"tag-kreativ","17":"tag-kreativitaet","18":"tag-psychologie"},"share_on_mastodon":{"url":"","error":""},"_links":{"self":[{"href":"https:\/\/www.europesays.com\/de\/wp-json\/wp\/v2\/posts\/494221","targetHints":{"allow":["GET"]}}],"collection":[{"href":"https:\/\/www.europesays.com\/de\/wp-json\/wp\/v2\/posts"}],"about":[{"href":"https:\/\/www.europesays.com\/de\/wp-json\/wp\/v2\/types\/post"}],"author":[{"embeddable":true,"href":"https:\/\/www.europesays.com\/de\/wp-json\/wp\/v2\/users\/2"}],"replies":[{"embeddable":true,"href":"https:\/\/www.europesays.com\/de\/wp-json\/wp\/v2\/comments?post=494221"}],"version-history":[{"count":0,"href":"https:\/\/www.europesays.com\/de\/wp-json\/wp\/v2\/posts\/494221\/revisions"}],"wp:featuredmedia":[{"embeddable":true,"href":"https:\/\/www.europesays.com\/de\/wp-json\/wp\/v2\/media\/494222"}],"wp:attachment":[{"href":"https:\/\/www.europesays.com\/de\/wp-json\/wp\/v2\/media?parent=494221"}],"wp:term":[{"taxonomy":"category","embeddable":true,"href":"https:\/\/www.europesays.com\/de\/wp-json\/wp\/v2\/categories?post=494221"},{"taxonomy":"post_tag","embeddable":true,"href":"https:\/\/www.europesays.com\/de\/wp-json\/wp\/v2\/tags?post=494221"}],"curies":[{"name":"wp","href":"https:\/\/api.w.org\/{rel}","templated":true}]}}