{"id":494410,"date":"2025-10-13T03:27:23","date_gmt":"2025-10-13T03:27:23","guid":{"rendered":"https:\/\/www.europesays.com\/de\/494410\/"},"modified":"2025-10-13T03:27:23","modified_gmt":"2025-10-13T03:27:23","slug":"selenskyj-telefoniert-erneut-mit-trump-und-warnt-vor-super-gau-am-akw","status":"publish","type":"post","link":"https:\/\/www.europesays.com\/de\/494410\/","title":{"rendered":"Selenskyj telefoniert erneut mit Trump \u2013 und warnt vor Super-GAU am AKW"},"content":{"rendered":"<ol class=\"id-DonaldBreadcrumb lp_west_breadcrumb id-DonaldBreadcrumb--default\" data-k5a-pos=\"west_breadcrumb\">\n<li class=\"id-Breadcrumb-item\"><a href=\"https:\/\/www.sauerlandkurier.de\/\" class=\"id-Breadcrumb-link\" data-id-ec=\"{\" shn=\"\" textlink=\"\" data-k5a-pos=\"1_sauerlandkurier\" rel=\"nofollow noopener\" target=\"_blank\">SauerlandKurier<\/a><\/li>\n<li class=\"id-Breadcrumb-item\"><a href=\"https:\/\/www.sauerlandkurier.de\/politik\/\" class=\"id-Breadcrumb-link\" data-id-ec=\"{\" shn=\"\" textlink=\"\" data-k5a-pos=\"2_politik\" rel=\"nofollow noopener\" target=\"_blank\">Politik<\/a><\/li>\n<\/ol>\n<p class=\"id-Story-timestamp id-Story-timestamp--default\">Stand: 13.10.2025, 04:48 Uhr<\/p>\n<p class=\"id-Story-authors id-Story-authors--default\">Von: <a class=\"id-Story-authors-link lp_west_author\" href=\"https:\/\/www.sauerlandkurier.de\/autor\/felix-durach-yz6oecb8o.html\" title=\"Zur Autorenseite von Felix Durach\" data-id-ec=\"{\" shn=\"\" author-link=\"\" durach=\"\" data-k5a-pos=\"west_author\" rel=\"nofollow noopener\" target=\"_blank\">Felix Durach<\/a>, <a class=\"id-Story-authors-link lp_west_author\" href=\"https:\/\/www.sauerlandkurier.de\/autor\/franziska-schwarz-swq1tbbvj.html\" title=\"Zur Autorenseite von Franziska Schwarz\" data-id-ec=\"{\" shn=\"\" author-link=\"\" schwarz=\"\" data-k5a-pos=\"west_author\" rel=\"nofollow noopener\" target=\"_blank\">Franziska Schwarz<\/a><\/p>\n<p class=\"id-Story-interactionBar id-Story-interactionBar--default\">DruckenTeilen<\/p>\n<p class=\"id-StoryElement-leadText\">Lage im Ukraine-Krieg: Mediazona und BBC dokumentieren Putins Verluste und Identit\u00e4ten get\u00f6teter russischer Milit\u00e4rangeh\u00f6riger. Der Ticker.<\/p>\n<p>Das Wichtigste in <br \/>diesem News-Ticker<\/p>\n<ol class=\"id-StoryElement-tableOfContents-list\">\n<li class=\"id-StoryElement-tableOfContents-list-item\"><a href=\"#id-pageApi-chapter_heading-0\" data-id-ec=\"{\" shn=\"\" kapitel=\"\">Trump und <strong>Selenskyj<\/strong> sprechen erneut \u00fcber <strong>Tomahawk-Raketen<\/strong>&#8222;,&#8220;position&#8220;:&#8220;1&#8243;,&#8220;storyElementPosition&#8220;:&#8220;8&#8243;,&#8220;storyElementCount&#8220;:&#8220;36&#8243;}}&#8220;&gt;<strong>Trump<\/strong> und <strong>Selenskyj<\/strong> sprechen erneut \u00fcber <strong>Tomahawk-Raketen<\/strong><\/a> \u2013 Telefonat zwischen den zwei Staatschefs<\/li>\n<li class=\"id-StoryElement-tableOfContents-list-item\"><a href=\"#id-pageApi-chapter_heading-1\" data-id-ec=\"{\" shn=\"\" kapitel=\"\">Kreml-Sprecher warnt vor <strong>Eskalation<\/strong> bei <strong>Tomahawk<\/strong>-Lieferung&#8220;,&#8220;position&#8220;:&#8220;2&#8243;,&#8220;storyElementPosition&#8220;:&#8220;8&#8243;,&#8220;storyElementCount&#8220;:&#8220;36&#8243;}}&#8220;&gt;<strong>Kreml-Sprecher<\/strong> warnt vor <strong>Eskalation<\/strong> bei <strong>Tomahawk<\/strong>-Lieferung<\/a> \u2013 Geben \u201eAnlass zu gro\u00dfer Sorge\u201c<\/li>\n<li class=\"id-StoryElement-tableOfContents-list-item id-StoryElement-tableOfContents-list-item--optional\"><a href=\"#id-pageApi-chapter_heading-2\" data-id-ec=\"{\" shn=\"\" kapitel=\"\" im=\"\" ukraine-krieg:=\"\" neue=\"\" enth=\"\" beziffert=\"\">Putins Verluste&#8220;,&#8220;position&#8220;:&#8220;3&#8243;,&#8220;storyElementPosition&#8220;:&#8220;8&#8243;,&#8220;storyElementCount&#8220;:&#8220;36&#8243;}}&#8220;&gt;Lage im Ukraine-Krieg: Neue Enth\u00fcllung beziffert <strong>Putins Verluste<\/strong><\/a> \u2013 Immer mehr Tote an der Front<\/li>\n<li class=\"id-StoryElement-tableOfContents-list-item id-StoryElement-tableOfContents-list-item--optional\"><a href=\"#id-pageApi-chapter_heading-3\" data-id-ec=\"{\" shn=\"\" kapitel=\"\">Verluste im Ukraine-Krieg: <strong>Russland<\/strong> verliert \u00fcber 135.000 Soldaten&#8220;,&#8220;position&#8220;:&#8220;4&#8243;,&#8220;storyElementPosition&#8220;:&#8220;8&#8243;,&#8220;storyElementCount&#8220;:&#8220;36&#8243;}}&#8220;&gt;<strong>Verluste im Ukraine-Krieg<\/strong>: <strong>Russland<\/strong> verliert \u00fcber 135.000 Soldaten<\/a> \u2013 Zahlreiche Freiwillige unter den Opfern. <\/li>\n<li class=\"id-StoryElement-tableOfContents-list-item\"><a href=\"#id-pageApi-chapter_heading-4\" data-id-ec=\"{\" shn=\"\" kapitel=\"\">Lage im Ukraine-Krieg: keine Statistiken zu eigenen <strong>Verlusten<\/strong>&#8222;,&#8220;position&#8220;:&#8220;5&#8243;,&#8220;storyElementPosition&#8220;:&#8220;8&#8243;,&#8220;storyElementCount&#8220;:&#8220;36&#8243;}}&#8220;&gt;<strong>Lage im Ukraine-Krieg<\/strong>: keine Statistiken zu eigenen <strong>Verlusten<\/strong><\/a> \u2013 Weder bei Armee von <a href=\"https:\/\/www.fr.de\/politik\/wladimir-putin-per42970\/\" class=\"id-import-Link id-pageApi-Link--externalDomain\" title=\"Wladimir Putin\" data-id-ec=\"{&quot;sht&quot;:&quot;Container&quot;,&quot;shn&quot;:&quot;Story&quot;,&quot;p&quot;:{&quot;containerType&quot;:&quot;TableOfContents&quot;,&quot;displayType&quot;:&quot;TableOfContents LeadIn InlineLink&quot;,&quot;type&quot;:&quot;INLINE_LINK&quot;,&quot;value&quot;:&quot;Wladimir Putin&quot;,&quot;variant&quot;:&quot;standardLink&quot;,&quot;sponsored&quot;:false,&quot;linkHref&quot;:&quot;https:\/\/www.fr.de\/politik\/wladimir-putin-per42970\/&quot;,&quot;storyElementPosition&quot;:8,&quot;storyElementCount&quot;:36}}\" rel=\"nofollow noopener\" target=\"_blank\">Wladimir Putin<\/a>, noch bei Armee von <a href=\"https:\/\/www.fr.de\/politik\/wolodymyr-selenskyj-ukraine-praesident-konflikt-krieg-tv-star-tanzshow-schauspieler-91382339.html\" class=\"id-import-Link id-pageApi-Link--externalDomain\" data-id-ec=\"{&quot;sht&quot;:&quot;Container&quot;,&quot;shn&quot;:&quot;Story&quot;,&quot;p&quot;:{&quot;containerType&quot;:&quot;TableOfContents&quot;,&quot;displayType&quot;:&quot;TableOfContents LeadIn InlineLink&quot;,&quot;type&quot;:&quot;INLINE_LINK&quot;,&quot;value&quot;:&quot;Wolodymyr Selenskyj&quot;,&quot;variant&quot;:&quot;standardLink&quot;,&quot;sponsored&quot;:false,&quot;linkHref&quot;:&quot;https:\/\/www.fr.de\/politik\/wolodymyr-selenskyj-ukraine-praesident-konflikt-krieg-tv-star-tanzshow-schauspieler-91382339.html&quot;,&quot;storyElementPosition&quot;:8,&quot;storyElementCount&quot;:36}}\" rel=\"nofollow noopener\" target=\"_blank\">Wolodymyr Selenskyj<\/a><\/li>\n<\/ol>\n<p>Alle Kapitel<\/p>\n<p class=\"id-StoryElement-paragraph\"><strong>Update, 19:40 Uhr:<\/strong> Pr\u00e4sident Wolodymyr Selenskyj hat vor einer gef\u00e4hrlichen Eskalation im Ukraine-Krieg gewarnt, nachdem das Atomkraftwerk Saporischschja den l\u00e4ngsten Stromausfall seit Kriegsbeginn erlebt. Die Anlage wird seit fast drei Wochen nur noch \u00fcber Notstromaggregate versorgt, w\u00e4hrend russische Angriffe Reparaturarbeiten verhindern, beklagt der Pr\u00e4sident.<\/p>\n<p class=\"id-StoryElement-paragraph\">\u201ePutin hat die Situation am Atomkraftwerk Saporischschja eskaliert, und Russland hat seine Angriffe auf unsere Energie b\u00f6sartiger gemacht\u201c, erkl\u00e4rte Selenskyj laut Ukrainska Pravda. Der Pr\u00e4sident forderte eine \u201eklarere und ehrlichere Position\u201c von der Internationalen Atomenergiebeh\u00f6rde und betonte, dass nur ukrainische Kontrolle die Sicherheit der Anlage garantieren k\u00f6nne. Russland nutze die internationale Aufmerksamkeit f\u00fcr den Nahen Osten aus, um die Lage zu versch\u00e4rfen.<\/p>\n<p><strong>Trump<\/strong> und <strong>Selenskyj<\/strong> sprechen erneut \u00fcber <strong>Tomahawk-Raketen<\/strong><\/p>\n<p class=\"id-StoryElement-paragraph\"><strong>Update, 17:47 Uhr:<\/strong> Wolodymyr Selenskyj hat erneut mit Donald Trump telefoniert und dabei \u00fcber US-amerikanische Waffenlieferungen verhandelt. Der ukrainische Pr\u00e4sident berichtete auf Telegram von Gespr\u00e4chen \u00fcber Patriot-Flugabwehrsysteme und Tomahawk-Marschflugk\u00f6rper, lie\u00df aber offen, ob konkrete Zusagen gemacht wurden.<\/p>\n<p class=\"id-StoryElement-paragraph\">\u201eWir sehen und h\u00f6ren, dass Russland Angst hat, dass die Amerikaner uns Tomahawks geben k\u00f6nnten\u201c, erkl\u00e4rte Selenskyj laut dpa. Dies zeige, dass genau dieser Druck f\u00fcr Frieden wirken k\u00f6nne. Auch mit Frankreichs Pr\u00e4sident Macron sprach er \u00fcber Flugabwehr \u2013 ein Schl\u00fcsselthema im Ukraine-Krieg, da die Luftverteidigung zuletzt nur etwa drei Viertel der russischen Angriffe abwehren konnte.<\/p>\n<p><img decoding=\"async\" class=\"id-RatioPlaceholder-element wv_story_el_image\" src=\"https:\/\/www.europesays.com\/de\/wp-content\/uploads\/2025\/10\/40049181-us-praesident-donald-trump-und-der-ukrainische-staatschef-wolodymyr-selenskyj-haben-erneut-.jpeg\" loading=\"lazy\"   height=\"619\" width=\"1100\" alt=\"US-Pr&#xE4;sident Donald Trump und der ukrainische Staatschef Wolodymyr Selenskyj haben erneut &#xFC;ber die Lieferung von Tomahawk-Raketen gesprochen.\"\/>US-Pr\u00e4sident Donald Trump und der ukrainische Staatschef Wolodymyr Selenskyj haben erneut \u00fcber die Lieferung von Tomahawk-Raketen gesprochen. \u00a9\u00a0Montagedpa<strong>Kreml-Sprecher<\/strong> warnt vor <strong>Eskalation<\/strong> bei <strong>Tomahawk<\/strong>-Lieferung<\/p>\n<p class=\"id-StoryElement-paragraph\"><strong>Update, 13.41 Uhr:<\/strong> Russland hat sich besorgt \u00fcber m\u00f6gliche US-Tomahawk-Lieferungen an die Ukraine ge\u00e4u\u00dfert und vor einer Eskalation des Krieges gewarnt. \u201eDas Thema Tomahawks gibt Anlass zu gro\u00dfer Sorge\u201c, sagte der Sprecher des russischen Pr\u00e4sidialamtes, Dmitri Peskow, dem Staatsfernsehen.<\/p>\n<p>Transparenzhinweis<\/p>\n<p class=\"id-StoryElement-factBox-paragraph\">Die hier verarbeiteten Informationen stammen von Nachrichtenagenturen und internationalen Quellen, aber auch von Kriegsparteien im Ukraine-Krieg. Die Angaben zum <a href=\"https:\/\/www.merkur.de\/politik\/ukraine-konflikt-sti1524391\/\" target=\"_blank\" class=\"id-import-Link id-pageApi-Link--externalDomain\" data-id-ec=\"{&quot;sht&quot;:&quot;Container&quot;,&quot;shn&quot;:&quot;Story&quot;,&quot;p&quot;:{&quot;containerType&quot;:&quot;FactBox&quot;,&quot;displayType&quot;:&quot;FactBox InlineLink&quot;,&quot;type&quot;:&quot;INLINE_LINK&quot;,&quot;value&quot;:&quot;Ukraine-Krieg&quot;,&quot;variant&quot;:&quot;standardLink&quot;,&quot;sponsored&quot;:false,&quot;linkHref&quot;:&quot;https:\/\/www.merkur.de\/politik\/ukraine-konflikt-sti1524391\/&quot;,&quot;storyElementPosition&quot;:21,&quot;storyElementCount&quot;:36}}\" rel=\"nofollow noopener\">Ukraine-Krieg<\/a> lassen sich nicht unabh\u00e4ngig \u00fcberpr\u00fcfen.<\/p>\n<p class=\"id-StoryElement-paragraph\">Die Langstreckenraketen haben eine Reichweite von bis zu 2500 Kilometern und k\u00f6nnten Ziele weit im russischen Hinterland sowie Moskau treffen. Peskow warnte, dass einige Versionen Atomsprengk\u00f6pfe tragen k\u00f6nnten: \u201eStellen Sie sich vor: Eine Langstreckenrakete wird gestartet und fliegt, und wir wissen, dass es sich um eine Atomrakete handeln k\u00f6nnte\u201c, sagte er laut Reuters.<\/p>\n<p>Lage im Ukraine-Krieg: Neue Enth\u00fcllung beziffert <strong>Putins Verluste<\/strong><\/p>\n<p class=\"id-StoryElement-paragraph\"><strong>Erstmeldung<\/strong>: Kiew \u2013 Russische und britische Medien haben die Identit\u00e4ten von 135.100 im Ukraine-Krieg <a href=\"https:\/\/www.sauerlandkurier.de\/politik\/verluste-fuer-russland-im-ukraine-krieg-neue-details-zu-zahlen-zr-93917420.html\" class=\"id-import-Link\" data-id-ec=\"{&quot;sht&quot;:&quot;Container&quot;,&quot;shn&quot;:&quot;Story&quot;,&quot;p&quot;:{&quot;containerType&quot;:&quot;Paragraph&quot;,&quot;displayType&quot;:&quot;Paragraph InlineLink&quot;,&quot;type&quot;:&quot;INLINE_LINK&quot;,&quot;value&quot;:&quot;get&#xF6;teten russischen Soldaten&quot;,&quot;variant&quot;:&quot;standardLink&quot;,&quot;sponsored&quot;:false,&quot;linkHref&quot;:&quot;https:\/\/www.sauerlandkurier.de\/politik\/verluste-fuer-russland-im-ukraine-krieg-neue-details-zu-zahlen-zr-93917420.html&quot;,&quot;storyElementPosition&quot;:24,&quot;storyElementCount&quot;:36}}\" rel=\"nofollow noopener\" target=\"_blank\">get\u00f6teten russischen Soldaten<\/a> verifiziert. Die Recherche von Mediazona und BBC Russian Service basiert auf \u00f6ffentlich zug\u00e4nglichen Dokumenten und erfasst den Zeitraum vom Kriegsbeginn am 24. Februar 2022 bis zum 9. Oktober 2025.<\/p>\n<p class=\"id-StoryElement-paragraph\">Die Journalisten werteten f\u00fcr ihre Analyse von Putins Verlusten im Ukraine-Krieg Nachrufe, Beitr\u00e4ge von Angeh\u00f6rigen, Gedenkb\u00e4ume und Berichte lokaler Beh\u00f6rden aus.<\/p>\n<p><strong>Verluste im Ukraine-Krieg<\/strong>: <strong>Russland<\/strong> verliert \u00fcber 135.000 Soldaten<\/p>\n<p class=\"id-StoryElement-paragraph\">Die <a href=\"https:\/\/en.zona.media\/article\/2025\/10\/10\/casualties_eng-trl\" rel=\"nofollow noopener\" target=\"_blank\" class=\"id-import-Link id-pageApi-Link--externalDomain\" data-id-ec=\"{&quot;sht&quot;:&quot;Container&quot;,&quot;shn&quot;:&quot;Story&quot;,&quot;p&quot;:{&quot;containerType&quot;:&quot;Paragraph&quot;,&quot;displayType&quot;:&quot;Paragraph InlineLink&quot;,&quot;type&quot;:&quot;INLINE_LINK&quot;,&quot;value&quot;:&quot;aktuelle Erhebung&quot;,&quot;variant&quot;:&quot;standardLink&quot;,&quot;sponsored&quot;:false,&quot;linkHref&quot;:&quot;https:\/\/en.zona.media\/article\/2025\/10\/10\/casualties_eng-trl&quot;,&quot;storyElementPosition&quot;:28,&quot;storyElementCount&quot;:36}}\">aktuelle Erhebung<\/a> zu den Verlusten im Ukraine-Krieg zeigt einen Anstieg um 2485 best\u00e4tigte Todesf\u00e4lle seit der letzten Aktualisierung Ende September. Unter den 135.100 identifizierten Gefallenen waren 38.200 Freiwillige, 18.450 aus Gef\u00e4ngnissen rekrutierte Personen und 15.200 durch die Mobilmachung eingezogene Soldaten. Mehr als 5.800 Offiziere z\u00e4hlen ebenfalls zu den best\u00e4tigten Opfern. Die Medienvertreter weisen darauf hin, dass die realen Zahlen deutlich h\u00f6her liegen d\u00fcrften, da nur \u00f6ffentlich verf\u00fcgbare Informationen ausgewertet wurden.<\/p>\n<p><strong>Lage im Ukraine-Krieg<\/strong>: keine Statistiken zu eigenen <strong>Verlusten<\/strong><\/p>\n<p class=\"id-StoryElement-paragraph\">Das durchschnittliche Alter der dokumentierten Kriegstoten im Ukraine-Konflikt lag bei 35 Jahren. Mediazona stellte im Februar erstmals eine vollst\u00e4ndige Namensliste zur Verf\u00fcgung und markierte damit den dritten Jahrestag der <a href=\"https:\/\/www.sauerlandkurier.de\/politik\/energiesektor-an-teile-kiews-ohne-strom-ukraine-krieg-putin-greift-zr-93979154.html\" class=\"id-import-Link\" data-id-ec=\"{&quot;sht&quot;:&quot;Container&quot;,&quot;shn&quot;:&quot;Story&quot;,&quot;p&quot;:{&quot;containerType&quot;:&quot;Paragraph&quot;,&quot;displayType&quot;:&quot;Paragraph InlineLink&quot;,&quot;type&quot;:&quot;INLINE_LINK&quot;,&quot;value&quot;:&quot;russischen Invasion&quot;,&quot;variant&quot;:&quot;standardLink&quot;,&quot;sponsored&quot;:false,&quot;linkHref&quot;:&quot;https:\/\/www.sauerlandkurier.de\/politik\/energiesektor-an-teile-kiews-ohne-strom-ukraine-krieg-putin-greift-zr-93979154.html&quot;,&quot;storyElementPosition&quot;:31,&quot;storyElementCount&quot;:36}}\" rel=\"nofollow noopener\" target=\"_blank\">russischen Invasion<\/a>. Jeder Eintrag wird manuell gepr\u00fcft und verifiziert, um Dopplungen zu vermeiden.<\/p>\n<p>Putins Verb\u00fcndete: Diese L\u00e4nder stehen im Ukraine-Krieg an der Seite Russlands<img decoding=\"async\" class=\"id-RatioPlaceholder-element wv_story_el_interstitialImage\" src=\"https:\/\/www.europesays.com\/de\/wp-content\/uploads\/2025\/10\/1760326043_813_39235312-russlands-praesident-wladimir-putin-bei-einem-treffen-der-gemeinschaft-unabhaengiger-staate.jpeg\" loading=\"lazy\"   height=\"2468\" width=\"4000\" alt=\"Russlands Pr&#xE4;sident Wladimir Putin bei einem Treffen der Gemeinschaft unabh&#xE4;ngiger Staaten\"\/><a href=\"https:\/\/www.sauerlandkurier.de\/politik\/der-seite-russlands-putins-verbuendete-diese-laender-stehen-im-ukraine-krieg-an-zr-93907380.html\" class=\"id-StoryElement-intestitialLink-link\" data-id-ec=\"{\" shn=\"\" ansehen=\"\" data-k5a-pos=\"west_story_31_photoGalleryLink\" title=\"Zur Fotostrecke: Putins Verb&#xFC;ndete: Diese L&#xE4;nder stehen im Ukraine-Krieg an der Seite Russlands\" rel=\"nofollow noopener\" target=\"_blank\">Fotostrecke ansehen<\/a><\/p>\n<p class=\"id-StoryElement-paragraph\">Weder Moskau noch Kiew ver\u00f6ffentlichen regelm\u00e4\u00dfig offizielle Verluststatistiken zu den K\u00e4mpfen im Ukraine-Krieg. Die ukrainische F\u00fchrung geht davon aus, dass Russlands Gesamtverluste die Millionengrenze \u00fcberschritten haben. Der ukrainische Generalstab ver\u00f6ffentlicht t\u00e4glich in sozialen Medien Verlustezahlen, aber nur zu Russlands Verlusten. Hier der Stand vom heutigen Sonntag (12. Oktober):<\/p>\n<tr class=\"id-StoryElement-table-row\">\n<td class=\"id-StoryElement-table-cell\">Kategorie<\/td>\n<td class=\"id-StoryElement-table-cell\">Gesamtverluste<\/td>\n<td class=\"id-StoryElement-table-cell\">Tagesverluste<\/td>\n<\/tr>\n<tr class=\"id-StoryElement-table-row\">\n<td class=\"id-StoryElement-table-cell\">Personal<\/td>\n<td class=\"id-StoryElement-table-cell\">1.122.810<\/td>\n<td class=\"id-StoryElement-table-cell\">+1.240 zum Vortag<\/td>\n<\/tr>\n<tr class=\"id-StoryElement-table-row\">\n<td class=\"id-StoryElement-table-cell\">Panzer<\/td>\n<td class=\"id-StoryElement-table-cell\">11.248<\/td>\n<td class=\"id-StoryElement-table-cell\">+1<\/td>\n<\/tr>\n<tr class=\"id-StoryElement-table-row\">\n<td class=\"id-StoryElement-table-cell\">Gepanzerte Fahrzeuge<\/td>\n<td class=\"id-StoryElement-table-cell\">23.345<\/td>\n<td class=\"id-StoryElement-table-cell\">+0<\/td>\n<\/tr>\n<tr class=\"id-StoryElement-table-row\">\n<td class=\"id-StoryElement-table-cell\">Artilleriesysteme<\/td>\n<td class=\"id-StoryElement-table-cell\">33.578<\/td>\n<td class=\"id-StoryElement-table-cell\">+10<\/td>\n<\/tr>\n<tr class=\"id-StoryElement-table-row\">\n<td class=\"id-StoryElement-table-cell\">Drohnen<\/td>\n<td class=\"id-StoryElement-table-cell\">69.010<\/td>\n<td class=\"id-StoryElement-table-cell\">+244<\/td>\n<\/tr>\n<tr class=\"id-StoryElement-table-row\">\n<td class=\"id-StoryElement-table-cell\">Fahrzeuge\/Tanker<\/td>\n<td class=\"id-StoryElement-table-cell\">63.934<\/td>\n<td class=\"id-StoryElement-table-cell\">+87<\/td>\n<\/tr>\n<tr class=\"id-StoryElement-table-row\">\n<td class=\"id-StoryElement-table-cell\">Quelle: Ukrainischer Generalstab auf Facebook<\/td>\n<td class=\"id-StoryElement-table-cell\"\/>\n<td class=\"id-StoryElement-table-cell\"\/><\/tr>\n<p class=\"id-StoryElement-paragraph\">Trotz der <a href=\"https:\/\/www.sauerlandkurier.de\/politik\/zahlen-putins-verluste-im-ukraine-krieg-brisantes-geheimdokument-liefert-konkrete-zr-93976548.html\" class=\"id-import-Link\" data-id-ec=\"{&quot;sht&quot;:&quot;Container&quot;,&quot;shn&quot;:&quot;Story&quot;,&quot;p&quot;:{&quot;containerType&quot;:&quot;Paragraph&quot;,&quot;displayType&quot;:&quot;Paragraph InlineLink&quot;,&quot;type&quot;:&quot;INLINE_LINK&quot;,&quot;value&quot;:&quot;erheblichen Verluste&quot;,&quot;variant&quot;:&quot;standardLink&quot;,&quot;sponsored&quot;:false,&quot;linkHref&quot;:&quot;https:\/\/www.sauerlandkurier.de\/politik\/zahlen-putins-verluste-im-ukraine-krieg-brisantes-geheimdokument-liefert-konkrete-zr-93976548.html&quot;,&quot;storyElementPosition&quot;:36,&quot;storyElementCount&quot;:36}}\" rel=\"nofollow noopener\" target=\"_blank\">erheblichen Verluste<\/a> gelingt es Russland, in der ostukrainischen Oblast Donezk Gel\u00e4ndegewinne zu erzielen, da neue Vertragssoldaten die Ausf\u00e4lle kompensieren. Die Ukraine k\u00e4mpft hingegen mit wachsenden Personalengp\u00e4ssen, besonders bei den Fronteinheiten.<\/p>\n","protected":false},"excerpt":{"rendered":"SauerlandKurier Politik Stand: 13.10.2025, 04:48 Uhr Von: Felix Durach, Franziska Schwarz DruckenTeilen Lage im Ukraine-Krieg: Mediazona und BBC&hellip;\n","protected":false},"author":2,"featured_media":494411,"comment_status":"","ping_status":"","sticky":false,"template":"","format":"standard","meta":{"footnotes":""},"categories":[4012],"tags":[331,332,13,14,15,12,317],"class_list":{"0":"post-494410","1":"post","2":"type-post","3":"status-publish","4":"format-standard","5":"has-post-thumbnail","7":"category-ukraine","8":"tag-aktuelle-nachrichten","9":"tag-aktuelle-news","10":"tag-headlines","11":"tag-nachrichten","12":"tag-news","13":"tag-schlagzeilen","14":"tag-ukraine"},"share_on_mastodon":{"url":"https:\/\/pubeurope.com\/@de\/115364734212876912","error":""},"_links":{"self":[{"href":"https:\/\/www.europesays.com\/de\/wp-json\/wp\/v2\/posts\/494410","targetHints":{"allow":["GET"]}}],"collection":[{"href":"https:\/\/www.europesays.com\/de\/wp-json\/wp\/v2\/posts"}],"about":[{"href":"https:\/\/www.europesays.com\/de\/wp-json\/wp\/v2\/types\/post"}],"author":[{"embeddable":true,"href":"https:\/\/www.europesays.com\/de\/wp-json\/wp\/v2\/users\/2"}],"replies":[{"embeddable":true,"href":"https:\/\/www.europesays.com\/de\/wp-json\/wp\/v2\/comments?post=494410"}],"version-history":[{"count":0,"href":"https:\/\/www.europesays.com\/de\/wp-json\/wp\/v2\/posts\/494410\/revisions"}],"wp:featuredmedia":[{"embeddable":true,"href":"https:\/\/www.europesays.com\/de\/wp-json\/wp\/v2\/media\/494411"}],"wp:attachment":[{"href":"https:\/\/www.europesays.com\/de\/wp-json\/wp\/v2\/media?parent=494410"}],"wp:term":[{"taxonomy":"category","embeddable":true,"href":"https:\/\/www.europesays.com\/de\/wp-json\/wp\/v2\/categories?post=494410"},{"taxonomy":"post_tag","embeddable":true,"href":"https:\/\/www.europesays.com\/de\/wp-json\/wp\/v2\/tags?post=494410"}],"curies":[{"name":"wp","href":"https:\/\/api.w.org\/{rel}","templated":true}]}}