{"id":495321,"date":"2025-10-13T12:04:21","date_gmt":"2025-10-13T12:04:21","guid":{"rendered":"https:\/\/www.europesays.com\/de\/495321\/"},"modified":"2025-10-13T12:04:21","modified_gmt":"2025-10-13T12:04:21","slug":"duesseldorfer-kritisiert-fehlerhafte-medizinische-befunde","status":"publish","type":"post","link":"https:\/\/www.europesays.com\/de\/495321\/","title":{"rendered":"D\u00fcsseldorfer kritisiert fehlerhafte medizinische Befunde"},"content":{"rendered":"<p class=\"text_ohne_einzug richtext text-em-55 !leading-serif mx-6 desktop:mx-0\">Schock und \u00c4rger sitzen bei Alex Liefermann noch tief. Weil er mehrere Tage Blut im Urin hatte, lie\u00df er am R\u00f6ntgeninstitut am Heerdter Krankenhaus eine Computertomografie (CT) seines Bauchraums vornehmen. Der Befund einer schweren Nierenerkrankung (sogenannter beidseitiger Nierenbeckenausgussstein) stellte das Leben des 42-j\u00e4hrigen, zweifachen Familienvaters mit einem Mal auf den Kopf: \u201eGut zwei Wochen lebte ich in der festen \u00dcberzeugung, dass mir Operationen an beiden Nieren bevorstehen mit m\u00f6glichen Risiken wie starken Blutungen, Infektionen, Komplikationen bei der Narkose oder auch dauerhaften Nierensch\u00e4den bis hin zur Dialysepflicht\u201c, sagt der D\u00fcsseldorfer. In dieser Zeit habe er kaum schlafen k\u00f6nnen und Jobauftr\u00e4ge als G\u00e4stebetreuer und Aufnahmeleiter in der Medienbranche abgesagt: \u201eIch lebte in Angst und meine Familie war in st\u00e4ndiger Sorge.\u201c <\/p>\n","protected":false},"excerpt":{"rendered":"Schock und \u00c4rger sitzen bei Alex Liefermann noch tief. Weil er mehrere Tage Blut im Urin hatte, lie\u00df&hellip;\n","protected":false},"author":2,"featured_media":495322,"comment_status":"","ping_status":"","sticky":false,"template":"","format":"standard","meta":{"footnotes":""},"categories":[1831],"tags":[3364,29,3405,30,1209,20452,20453],"class_list":{"0":"post-495321","1":"post","2":"type-post","3":"status-publish","4":"format-standard","5":"has-post-thumbnail","7":"category-duesseldorf","8":"tag-de","9":"tag-deutschland","10":"tag-duesseldorf","11":"tag-germany","12":"tag-nordrhein-westfalen","13":"tag-semiha","14":"tag-uenlue"},"share_on_mastodon":{"url":"https:\/\/pubeurope.com\/@de\/115366767286021033","error":""},"_links":{"self":[{"href":"https:\/\/www.europesays.com\/de\/wp-json\/wp\/v2\/posts\/495321","targetHints":{"allow":["GET"]}}],"collection":[{"href":"https:\/\/www.europesays.com\/de\/wp-json\/wp\/v2\/posts"}],"about":[{"href":"https:\/\/www.europesays.com\/de\/wp-json\/wp\/v2\/types\/post"}],"author":[{"embeddable":true,"href":"https:\/\/www.europesays.com\/de\/wp-json\/wp\/v2\/users\/2"}],"replies":[{"embeddable":true,"href":"https:\/\/www.europesays.com\/de\/wp-json\/wp\/v2\/comments?post=495321"}],"version-history":[{"count":0,"href":"https:\/\/www.europesays.com\/de\/wp-json\/wp\/v2\/posts\/495321\/revisions"}],"wp:featuredmedia":[{"embeddable":true,"href":"https:\/\/www.europesays.com\/de\/wp-json\/wp\/v2\/media\/495322"}],"wp:attachment":[{"href":"https:\/\/www.europesays.com\/de\/wp-json\/wp\/v2\/media?parent=495321"}],"wp:term":[{"taxonomy":"category","embeddable":true,"href":"https:\/\/www.europesays.com\/de\/wp-json\/wp\/v2\/categories?post=495321"},{"taxonomy":"post_tag","embeddable":true,"href":"https:\/\/www.europesays.com\/de\/wp-json\/wp\/v2\/tags?post=495321"}],"curies":[{"name":"wp","href":"https:\/\/api.w.org\/{rel}","templated":true}]}}