{"id":495323,"date":"2025-10-13T12:05:16","date_gmt":"2025-10-13T12:05:16","guid":{"rendered":"https:\/\/www.europesays.com\/de\/495323\/"},"modified":"2025-10-13T12:05:16","modified_gmt":"2025-10-13T12:05:16","slug":"vorfall-in-stuttgart-mitte-streit-provoziert-und-zugestochen-zeugen-gesucht","status":"publish","type":"post","link":"https:\/\/www.europesays.com\/de\/495323\/","title":{"rendered":"Vorfall in Stuttgart-Mitte: Streit provoziert und zugestochen \u2013 Zeugen gesucht"},"content":{"rendered":"<p>\t\t\t\t\t\t\t\t\t\t\t\t\t\t\t\t\t\t\t\t\t\t\t\t\t\t\t\t      \t\t            \t\t             \t\t\t\t   \t\t\t\t\t   <img decoding=\"async\" id=\"article-image\" fetchpriority=\"high\" alt=\"Vorfall in Stuttgart-Mitte: Streit provoziert und zugestochen \u2013 Zeugen gesucht\" title=\"Vorfall in Stuttgart-Mitte: Streit provoziert und zugestochen \u2013 Zeugen gesucht\" src=\"https:\/\/www.europesays.com\/de\/wp-content\/uploads\/2025\/10\/media.media.9c57c732-d144-48b7-84ed-2e7754685e41.16x9_700.jpg\" data-linkto=\"https:\/\/www.stuttgarter-nachrichten.de\/javascript:void(0);\"\/>\t\t\t\t\t\t\t\t\t\t\t\t\t\t\t\t\t\t\t\t\t\t\t\tDie Polizei sucht Zeugen. (Symbolbild)\u00a0Foto: Jens B\u00fcttner\/dpa\t\t\t<\/p>\n<p>Zwei Unbekannte provozieren in der Nacht zum Sonntag zwei 18-J\u00e4hrige und greifen sie an. Dabei ist auch ein scharfer Gegenstand im Spiel. Die Polizei sucht Zeugen.<\/p>\n<p>Zwei bislang Unbekannte sollen in der Nacht zum Sonntag in <a href=\"https:\/\/www.stuttgarter-nachrichten.de\/thema\/Stuttgart-Mitte\" title=\"Stuttgart-Mitte\" class=\"art_thema\" target=\"_blank\" rel=\"noopener\">Stuttgart-Mitte<\/a> zwei 18-j\u00e4hrige M\u00e4nner provoziert und einen der beiden mit einem scharfen Gegenstand am R\u00fccken verletzt haben. Die <a href=\"https:\/\/www.stuttgarter-nachrichten.de\/thema\/Polizei\" title=\"Polizei\" class=\"art_thema\" target=\"_blank\" rel=\"noopener\">Polizei<\/a> sucht Zeugen.<\/p>\n<p>Wie die Beamten mitteilen, waren die beiden 18-J\u00e4hrigen gegen 2.45 Uhr in der Alten Poststra\u00dfe unterwegs. Dort trafen sie auf die beiden Unbekannten, die sie zun\u00e4chst verbal provoziert haben sollen. Anschlie\u00dfend soll einer der M\u00e4nner einen der beiden 18-J\u00e4hrigen gesto\u00dfen und der zweite ihn mit einem scharfen Gegenstand am R\u00fccken verletzt haben. Danach fl\u00fcchteten die T\u00e4ter. Rettungskr\u00e4fte k\u00fcmmerten sich um den Verletzten und brachten ihn zur ambulanten Versorgung in ein Krankenhaus. <\/p>\n<p>Die beiden M\u00e4nner sollen etwa 1,75 bis 1,80 Meter gro\u00df und etwa 16 bis 19 Jahre alt gewesen sein. Beide trugen eine blaue Jeanshose und eine schwarze Jacke. Einer hatte einen schwarzen Pullover unter der Jacke, schwarze Haare und einen Oberlippenbart. Der zweite hatte helle Haare. Zeugen werden gebeten, sich unter der Rufnummer 0711\/8990-5778 bei der Kriminalpolizei zu melden.<\/p>\n","protected":false},"excerpt":{"rendered":"Die Polizei sucht Zeugen. (Symbolbild)\u00a0Foto: Jens B\u00fcttner\/dpa Zwei Unbekannte provozieren in der Nacht zum Sonntag zwei 18-J\u00e4hrige und&hellip;\n","protected":false},"author":2,"featured_media":495324,"comment_status":"","ping_status":"","sticky":false,"template":"","format":"standard","meta":{"footnotes":""},"categories":[1830],"tags":[1634,3364,29,30,121,8248,2127,1441,18960],"class_list":{"0":"post-495323","1":"post","2":"type-post","3":"status-publish","4":"format-standard","5":"has-post-thumbnail","7":"category-stuttgart","8":"tag-baden-wuerttemberg","9":"tag-de","10":"tag-deutschland","11":"tag-germany","12":"tag-polizei","13":"tag-polizeibericht-stuttgart","14":"tag-streit","15":"tag-stuttgart","16":"tag-stuttgart-mitte"},"share_on_mastodon":{"url":"https:\/\/pubeurope.com\/@de\/115366771598440205","error":""},"_links":{"self":[{"href":"https:\/\/www.europesays.com\/de\/wp-json\/wp\/v2\/posts\/495323","targetHints":{"allow":["GET"]}}],"collection":[{"href":"https:\/\/www.europesays.com\/de\/wp-json\/wp\/v2\/posts"}],"about":[{"href":"https:\/\/www.europesays.com\/de\/wp-json\/wp\/v2\/types\/post"}],"author":[{"embeddable":true,"href":"https:\/\/www.europesays.com\/de\/wp-json\/wp\/v2\/users\/2"}],"replies":[{"embeddable":true,"href":"https:\/\/www.europesays.com\/de\/wp-json\/wp\/v2\/comments?post=495323"}],"version-history":[{"count":0,"href":"https:\/\/www.europesays.com\/de\/wp-json\/wp\/v2\/posts\/495323\/revisions"}],"wp:featuredmedia":[{"embeddable":true,"href":"https:\/\/www.europesays.com\/de\/wp-json\/wp\/v2\/media\/495324"}],"wp:attachment":[{"href":"https:\/\/www.europesays.com\/de\/wp-json\/wp\/v2\/media?parent=495323"}],"wp:term":[{"taxonomy":"category","embeddable":true,"href":"https:\/\/www.europesays.com\/de\/wp-json\/wp\/v2\/categories?post=495323"},{"taxonomy":"post_tag","embeddable":true,"href":"https:\/\/www.europesays.com\/de\/wp-json\/wp\/v2\/tags?post=495323"}],"curies":[{"name":"wp","href":"https:\/\/api.w.org\/{rel}","templated":true}]}}