{"id":495421,"date":"2025-10-13T12:57:16","date_gmt":"2025-10-13T12:57:16","guid":{"rendered":"https:\/\/www.europesays.com\/de\/495421\/"},"modified":"2025-10-13T12:57:16","modified_gmt":"2025-10-13T12:57:16","slug":"der-boersen-tag-experte-europa-drohen-kollateralschaeden-durch-zollstreit-china-usa","status":"publish","type":"post","link":"https:\/\/www.europesays.com\/de\/495421\/","title":{"rendered":"Der B\u00f6rsen-Tag: Experte: Europa drohen Kollateralsch\u00e4den durch Zollstreit China-USA"},"content":{"rendered":"<p>                    Der B\u00f6rsen-Tag<br \/>\n                Experte: Europa drohen Kollateralsch\u00e4den durch Zollstreit China-USA<\/p>\n<p>\t\t\t\t              13.10.2025, 14:46 Uhr<\/p>\n<p>                <a href=\"https:\/\/www.europesays.com\/de\/wp-content\/uploads\/2025\/10\/imago238019680.jpg\">     <img decoding=\"async\" alt=\"imago238019680.jpg\" src=\"https:\/\/www.europesays.com\/de\/wp-content\/uploads\/2025\/10\/imago238019680.jpg\" class=\"lazyload\"\/>  <\/a>   <\/p>\n<p class=\"article__aside__copy\">(Foto: IMAGO\/Christian Ohde)<\/p>\n<p><b>Handelsspannungen zwischen den USA und China<\/b> erh\u00f6hten die globale Unsicherheit und verdeutlichten die Risiken f\u00fcr das <b>europ\u00e4ische Wirtschaftswachstum<\/b>, meint Berenberg-Chefvolkswirt Holger Schmieding. US-Pr\u00e4sident Donald Trump hat vergangene Woche damit gedroht, 100-prozentige Z\u00f6lle auf chinesische Importe zu erheben, nachdem die Regierung in Peking Exportkontrollen f\u00fcr Seltene Erden verh\u00e4ngt hatte, die f\u00fcr die Halbleiterproduktion von entscheidender Bedeutung sind. <\/p>\n<p>Der neue Streit zwischen den beiden globalen Schwergewichten &#8222;dient als Mahnung, dass die globale Handelsunsicherheit, gelinde gesagt, nicht vorbei ist&#8220;, sagt Schmieding. Subventionierte Exporte aus China, die vom amerikanischen Markt umgeleitet w\u00fcrden, liefen Gefahr, die eigenen Exporte Europas zu behindern, argumentiert er. &#8222;Handelsprobleme akzentuieren die Abw\u00e4rtsrisiken f\u00fcr das deutsche und europ\u00e4ische Wachstum f\u00fcr Ende 2025 und Anfang 2026&#8220;, warnt Schmieding.<\/p>\n","protected":false},"excerpt":{"rendered":"Der B\u00f6rsen-Tag Experte: Europa drohen Kollateralsch\u00e4den durch Zollstreit China-USA 13.10.2025, 14:46 Uhr (Foto: IMAGO\/Christian Ohde) Handelsspannungen zwischen den&hellip;\n","protected":false},"author":2,"featured_media":495422,"comment_status":"","ping_status":"","sticky":false,"template":"","format":"standard","meta":{"footnotes":""},"categories":[3977],"tags":[331,332,1752,124251,282,663,41541,13,124250,14,15,12,4017,4018,4016,64,4019,4020,3107],"class_list":{"0":"post-495421","1":"post","2":"type-post","3":"status-publish","4":"format-standard","5":"has-post-thumbnail","7":"category-usa","8":"tag-aktuelle-nachrichten","9":"tag-aktuelle-news","10":"tag-boersen-tag","11":"tag-china-usa","12":"tag-der","13":"tag-europa","14":"tag-experte","15":"tag-headlines","16":"tag-kollateralschaeden","17":"tag-nachrichten","18":"tag-news","19":"tag-schlagzeilen","20":"tag-united-states","21":"tag-united-states-of-america","22":"tag-us","23":"tag-usa","24":"tag-vereinigte-staaten","25":"tag-vereinigte-staaten-von-amerika","26":"tag-zollstreit"},"share_on_mastodon":{"url":"https:\/\/pubeurope.com\/@de\/115366976205882718","error":""},"_links":{"self":[{"href":"https:\/\/www.europesays.com\/de\/wp-json\/wp\/v2\/posts\/495421","targetHints":{"allow":["GET"]}}],"collection":[{"href":"https:\/\/www.europesays.com\/de\/wp-json\/wp\/v2\/posts"}],"about":[{"href":"https:\/\/www.europesays.com\/de\/wp-json\/wp\/v2\/types\/post"}],"author":[{"embeddable":true,"href":"https:\/\/www.europesays.com\/de\/wp-json\/wp\/v2\/users\/2"}],"replies":[{"embeddable":true,"href":"https:\/\/www.europesays.com\/de\/wp-json\/wp\/v2\/comments?post=495421"}],"version-history":[{"count":0,"href":"https:\/\/www.europesays.com\/de\/wp-json\/wp\/v2\/posts\/495421\/revisions"}],"wp:featuredmedia":[{"embeddable":true,"href":"https:\/\/www.europesays.com\/de\/wp-json\/wp\/v2\/media\/495422"}],"wp:attachment":[{"href":"https:\/\/www.europesays.com\/de\/wp-json\/wp\/v2\/media?parent=495421"}],"wp:term":[{"taxonomy":"category","embeddable":true,"href":"https:\/\/www.europesays.com\/de\/wp-json\/wp\/v2\/categories?post=495421"},{"taxonomy":"post_tag","embeddable":true,"href":"https:\/\/www.europesays.com\/de\/wp-json\/wp\/v2\/tags?post=495421"}],"curies":[{"name":"wp","href":"https:\/\/api.w.org\/{rel}","templated":true}]}}