{"id":495640,"date":"2025-10-13T15:00:59","date_gmt":"2025-10-13T15:00:59","guid":{"rendered":"https:\/\/www.europesays.com\/de\/495640\/"},"modified":"2025-10-13T15:00:59","modified_gmt":"2025-10-13T15:00:59","slug":"dreifacher-vater-aus-berlin-auf-korsika-vermisst","status":"publish","type":"post","link":"https:\/\/www.europesays.com\/de\/495640\/","title":{"rendered":"Dreifacher Vater aus Berlin auf Korsika vermisst"},"content":{"rendered":"<p class=\"tspBHk0 tspBHk1\">Seit dem 1. Mai wird Marc Lauriac aus Berlin vermisst. Der dreifache Vater war zuletzt auf einer Wanderung auf der Mittelmeerinsel Korsika (Frankreich) unterwegs, als er pl\u00f6tzlich verschwand. Seitdem fehlt jede Spur.<\/p>\n<p><a href=\"https:\/\/abo.tagesspiegel.de\/tagesspiegel-app?icid=single-topic_13736308___\" data-gtm-class=\"article-mzt-link\" class=\"tspBRlv\" rel=\"nofollow noopener\" target=\"_blank\">Die Tagesspiegel-App Aktuelle Nachrichten, Hintergr\u00fcnde und Analysen direkt auf Ihr Smartphone. Dazu die digitale Zeitung. Hier gratis herunterladen.  <\/a><\/p>\n<p class=\"tspBHk0\">Laut Familie war der Mann zuletzt in der Bergh\u00fctte Petra Piana (Haute Corse) unterwegs, als pl\u00f6tzlich jeglicher Kontakt abbrach. Die H\u00fctte befindet sich auf dem Wanderweg GR20, der durch das Hochgebirge der Mittelmeerinsel f\u00fchrt. <\/p>\n<p class=\"tspBHk0\">Am Sonntag, dem 4. Mai, leitete die Bergrettung vor Ort eine intensive Suche ein, nachdem die Familie Alarm schlug und die Beh\u00f6rden informierte. Schlechte Wetterbedingungen erschwerten die Suche. Hubschrauber, Drohnen und Suchtrupps konnten nur stundenweise nach dem Mann suchen. Am 16. Mai wurde die Suche ergebnislos eingestellt.<\/p>\n<p class=\"tspBHk0\">Marc Lauriac arbeitet als Manager bei einer Firma f\u00fcr Werbetechnologie.<\/p>\n<p><img decoding=\"async\" src=\"https:\/\/www.europesays.com\/de\/wp-content\/uploads\/2025\/10\/france-corsica-training-cl415-canadair.jpeg\" alt=\"\" aria-labelledby=\"caption-13736791\" width=\"620\" height=\"413\" loading=\"lazy\" class=\"tspAShw\"\/> Ein Flugzeug fliegt am Gozzi Berg auf Korsika vorbei. <\/p>\n<p class=\"tspABfi\"> \u00a9 AFP\/PASCAL POCHARD-CASABIANCA <\/p>\n<p> Spendenaufruf f\u00fcr die weitere Suche <\/p>\n<p class=\"tspBHk0\">Da die Familie die Suche fortsetzen m\u00f6chte, bittet sie <a href=\"https:\/\/www.gofundme.com\/f\/dringend-urgent-wanderer-vermisst\" target=\"_blank\" rel=\"noopener nofollow\" class=\"link link--external\" data-gtm-class=\"article-text-link\" data-gtm-val=\"external\" aria-describedby=\"message-target-blank\">mit einem GoFundMe-Aufruf<\/a> um Spenden. Damit will sie weitere Suchma\u00dfnahmen vor Ort koordinieren und privat finanzieren. Den Aufruf startete Stephanie Palapies f\u00fcr die Familie. <\/p>\n<p class=\"tspBHk0\">50.000 Euro sollen mit diesem mindestens zusammenkommen, mehr als 39.240 Euro wurden bereits gespendet. \u201eDie n\u00e4chsten Schritte k\u00f6nnen nun dank eurer Hilfe eingeleitet werden\u201c, schreibt die Familie auf dem Spendenportal. Familienangeh\u00f6rige wollen sich nun mit den Rettungskr\u00e4ften und Beh\u00f6rden vor Ort beraten und abstimmen, wie die weitere Suche organisiert werden kann.<\/p>\n<p> Lesen Sie auch <a href=\"https:\/\/www.tagesspiegel.de\/berlin\/eine-radtour-am-teltowkanal-zum-kommandantenturm-der-ddr-grenzer-13518790.html?icid=topic-list_13736308___\" data-gtm-class=\"article-mzt-link\" class=\"tspBRlv\" rel=\"nofollow noopener\" target=\"_blank\">Fahrradtour durch Berlins Industriegeschichte Von Siemens bis zum Kommandantenturm\u00a0der DDR-Grenzer <\/a><a href=\"https:\/\/www.tagesspiegel.de\/wirtschaft\/hier-sind-touristen-noch-willkommen-zehn-geheimtipps-fur-ihren-nachsten-urlaub-12263714.html?icid=topic-list_13736308___\" data-gtm-class=\"article-mzt-link\" class=\"tspBRlv\" rel=\"nofollow noopener\" target=\"_blank\">Hier sind Touristen noch willkommen Neun Geheimtipps f\u00fcr Ihren n\u00e4chsten Urlaub <\/a><a href=\"https:\/\/www.tagesspiegel.de\/ein-hotspot-des-klimawandels-mittelmeers-so-warm-wie-noch-nie-12209987.html?icid=topic-list_13736308___\" data-gtm-class=\"article-mzt-link\" class=\"tspBRlv\" rel=\"nofollow noopener\" target=\"_blank\">Ein \u201eHotspot\u201c des Klimawandels  Mittelmeer so warm wie noch nie <\/a><\/p>\n<p class=\"tspBHk0\">Korsika gilt generell als ein relativ sicheres Reiseziel, jedoch gibt es Faktoren, die man beachten sollte \u2013 insbesondere bei Wanderungen auf dem GR20. Mit seinen 180 Kilometern bergiger und unebener Strecke bietet er zwar atemberaubende Landschaften, aber auch bemerkenswerte Herausforderungen: felsiges Gel\u00e4nde, Erdrutsch- und Absturzgefahr.\u00a0Er gilt als einer der herausforderndsten Wanderwege Europas.<\/p>\n","protected":false},"excerpt":{"rendered":"Seit dem 1. Mai wird Marc Lauriac aus Berlin vermisst. Der dreifache Vater war zuletzt auf einer Wanderung&hellip;\n","protected":false},"author":2,"featured_media":495641,"comment_status":"","ping_status":"","sticky":false,"template":"","format":"standard","meta":{"footnotes":""},"categories":[1825],"tags":[1941,1939,296,1937,29,156,30,1940,1938,5173,1284,22407],"class_list":{"0":"post-495640","1":"post","2":"type-post","3":"status-publish","4":"format-standard","5":"has-post-thumbnail","7":"category-berlin","8":"tag-aktuelle-nachrichten-aus-berlin","9":"tag-aktuelle-news-aus-berlin","10":"tag-berlin","11":"tag-berlin-news","12":"tag-deutschland","13":"tag-frankreich","14":"tag-germany","15":"tag-nachrichten-aus-berlin","16":"tag-news-aus-berlin","17":"tag-rettungswesen","18":"tag-unfall","19":"tag-vermisste"},"share_on_mastodon":{"url":"https:\/\/pubeurope.com\/@de\/115367463578929378","error":""},"_links":{"self":[{"href":"https:\/\/www.europesays.com\/de\/wp-json\/wp\/v2\/posts\/495640","targetHints":{"allow":["GET"]}}],"collection":[{"href":"https:\/\/www.europesays.com\/de\/wp-json\/wp\/v2\/posts"}],"about":[{"href":"https:\/\/www.europesays.com\/de\/wp-json\/wp\/v2\/types\/post"}],"author":[{"embeddable":true,"href":"https:\/\/www.europesays.com\/de\/wp-json\/wp\/v2\/users\/2"}],"replies":[{"embeddable":true,"href":"https:\/\/www.europesays.com\/de\/wp-json\/wp\/v2\/comments?post=495640"}],"version-history":[{"count":0,"href":"https:\/\/www.europesays.com\/de\/wp-json\/wp\/v2\/posts\/495640\/revisions"}],"wp:featuredmedia":[{"embeddable":true,"href":"https:\/\/www.europesays.com\/de\/wp-json\/wp\/v2\/media\/495641"}],"wp:attachment":[{"href":"https:\/\/www.europesays.com\/de\/wp-json\/wp\/v2\/media?parent=495640"}],"wp:term":[{"taxonomy":"category","embeddable":true,"href":"https:\/\/www.europesays.com\/de\/wp-json\/wp\/v2\/categories?post=495640"},{"taxonomy":"post_tag","embeddable":true,"href":"https:\/\/www.europesays.com\/de\/wp-json\/wp\/v2\/tags?post=495640"}],"curies":[{"name":"wp","href":"https:\/\/api.w.org\/{rel}","templated":true}]}}