{"id":495721,"date":"2025-10-13T15:44:19","date_gmt":"2025-10-13T15:44:19","guid":{"rendered":"https:\/\/www.europesays.com\/de\/495721\/"},"modified":"2025-10-13T15:44:19","modified_gmt":"2025-10-13T15:44:19","slug":"regierungskrise-frankreich-sorge-um-wirtschaftliche-folgen","status":"publish","type":"post","link":"https:\/\/www.europesays.com\/de\/495721\/","title":{"rendered":"Regierungskrise Frankreich: Sorge um wirtschaftliche Folgen"},"content":{"rendered":"<p>FAZ+Regierungskrise in Frankreich : <\/p>\n<p>\u201eUnsicherheit ist der gr\u00f6\u00dfte Feind des Wachstums\u201c<\/p>\n<p>13.10.2025, 17:00Lesezeit: 3 Min.<\/p>\n<p><img decoding=\"async\" alt=\"Der Eiffelturm in Paris\" fetchpriority=\"high\" height=\"2000\" loading=\"eager\"  src=\"https:\/\/www.europesays.com\/de\/wp-content\/uploads\/2025\/10\/der-eiffelturm-in-paris.jpg\" width=\"3000\" class=\"flex h-auto w-full\" tabindex=\"0\" data-selector=\"header-teaser-image\"\/>Bildbeschreibung ausklappen<\/p>\n<p>Der Eiffelturm in ParisPicture Alliance<\/p>\n<p class=\"xs:p1-intro sm:p1-intro-medium flex items-start gap-[10px] pb-[30px]\" data-external-selector=\"header-teaser\">Die Regierungs- und Haushaltskrise in Paris ruft immer mehr Besorgnis hervor. L\u00e4ngst hat hat sie handfeste wirtschaftliche Auswirkungen. Neben den Anleiherenditen steigen auch die Pr\u00e4mien f\u00fcr Kreditausfallversicherungen.<\/p>\n","protected":false},"excerpt":{"rendered":"FAZ+Regierungskrise in Frankreich : \u201eUnsicherheit ist der gr\u00f6\u00dfte Feind des Wachstums\u201c 13.10.2025, 17:00Lesezeit: 3 Min. Bildbeschreibung ausklappen Der&hellip;\n","protected":false},"author":2,"featured_media":495722,"comment_status":"","ping_status":"","sticky":false,"template":"","format":"standard","meta":{"footnotes":""},"categories":[3974],"tags":[331,332,548,663,3934,3980,156,13,14,15,12],"class_list":{"0":"post-495721","1":"post","2":"type-post","3":"status-publish","4":"format-standard","5":"has-post-thumbnail","7":"category-frankreich","8":"tag-aktuelle-nachrichten","9":"tag-aktuelle-news","10":"tag-eu","11":"tag-europa","12":"tag-europe","13":"tag-france","14":"tag-frankreich","15":"tag-headlines","16":"tag-nachrichten","17":"tag-news","18":"tag-schlagzeilen"},"share_on_mastodon":{"url":"https:\/\/pubeurope.com\/@de\/115367632274960609","error":""},"_links":{"self":[{"href":"https:\/\/www.europesays.com\/de\/wp-json\/wp\/v2\/posts\/495721","targetHints":{"allow":["GET"]}}],"collection":[{"href":"https:\/\/www.europesays.com\/de\/wp-json\/wp\/v2\/posts"}],"about":[{"href":"https:\/\/www.europesays.com\/de\/wp-json\/wp\/v2\/types\/post"}],"author":[{"embeddable":true,"href":"https:\/\/www.europesays.com\/de\/wp-json\/wp\/v2\/users\/2"}],"replies":[{"embeddable":true,"href":"https:\/\/www.europesays.com\/de\/wp-json\/wp\/v2\/comments?post=495721"}],"version-history":[{"count":0,"href":"https:\/\/www.europesays.com\/de\/wp-json\/wp\/v2\/posts\/495721\/revisions"}],"wp:featuredmedia":[{"embeddable":true,"href":"https:\/\/www.europesays.com\/de\/wp-json\/wp\/v2\/media\/495722"}],"wp:attachment":[{"href":"https:\/\/www.europesays.com\/de\/wp-json\/wp\/v2\/media?parent=495721"}],"wp:term":[{"taxonomy":"category","embeddable":true,"href":"https:\/\/www.europesays.com\/de\/wp-json\/wp\/v2\/categories?post=495721"},{"taxonomy":"post_tag","embeddable":true,"href":"https:\/\/www.europesays.com\/de\/wp-json\/wp\/v2\/tags?post=495721"}],"curies":[{"name":"wp","href":"https:\/\/api.w.org\/{rel}","templated":true}]}}