{"id":495788,"date":"2025-10-13T16:21:13","date_gmt":"2025-10-13T16:21:13","guid":{"rendered":"https:\/\/www.europesays.com\/de\/495788\/"},"modified":"2025-10-13T16:21:13","modified_gmt":"2025-10-13T16:21:13","slug":"nachruf-auf-die-fuwo-warum-mit-der-zeitung-ein-stueck-berliner-fussball-kultur-stirbt","status":"publish","type":"post","link":"https:\/\/www.europesays.com\/de\/495788\/","title":{"rendered":"Nachruf auf die &#8222;Fuwo&#8220;: Warum mit der Zeitung ein St\u00fcck Berliner Fu\u00dfball-Kultur stirbt"},"content":{"rendered":"<p>\tNachruf<br \/>\n\t &#8211; <\/p>\n<p>\t\tWarum mit der &#8222;Fuwo&#8220; ein St\u00fcck Berliner Fu\u00dfball-Kultur stirbt<\/p>\n<p>\n        Mo 13.10.25 | 17:36 Uhr  | Von Till Oppermann\n    <\/p>\n<p>    <a href=\"#top-of-comments\"\/><\/p>\n<p><img decoding=\"async\" src=\"https:\/\/www.europesays.com\/de\/wp-content\/uploads\/2025\/10\/1760372473_254_size=708x398.jpg\" alt=\"Die letzte Ausgabe der Fu\u00dfball-Woche (imago images\/Matthias Koch)\" title=\"Die letzte Ausgabe der Fu\u00dfball-Woche (imago images\/Matthias Koch)\" id=\"327904592\"\/>Bild: imago images\/Matthias Koch<\/p>\n<p>Am Montag erschien die letzte Ausgabe der Berliner Fu\u00dfball-Woche. Mit der Zeitung verliert die Stadt nach 102 Jahren gro\u00dfes kulturelles Kapital, kommentiert Till Oppermann.<\/p>\n<p>\t\t\t\t\t<a name=\"articlesContList\/text_0\"\/><\/p>\n<p>F\u00fcr drei Millionen bekommt man heute 22 Porsche 911, ein Haus am See oder einen unterdurchschnittlichen Bundesliga-Fu\u00dfballer.<\/p>\n<p>Vor 102 Jahren bekam man daf\u00fcr eine Zeitung. Die erste Ausgabe der &#8222;Fu\u00dfball-Woche&#8220; kostete am 24. September 1923 \u2013 auf dem H\u00f6hepunkt der Hyperinflation \u2013 schlappe drei Millionen Reichsmark. Pro St\u00fcck.<\/p>\n<p>Trotz des feindlichen Marktumfelds fand das Blatt unter den Berlinerinnen und Berlinern rei\u00dfenden Absatz. In einer Zeit, als mit der Oberliga Berlin-Brandenburg noch eine Stadtliga die h\u00f6chste Spielklasse war, bekamen sie in der neuen Zeitung alle wichtigen Informationen \u00fcber ihren Lieblingssport.<\/p>\n<p>\t\t\t\t\t<a name=\"articlesContList\/teaserbox\"\/><\/p>\n<p>\t\t\t\t\t<a name=\"articlesContList\/text_1361785619\"\/><br \/>\n\t\t\t\t\tF\u00fchlen wie ein Profi<\/p>\n<p>So entwickelte sich die &#8222;Fuwo&#8220; innerhalb k\u00fcrzester Zeit zu einer Institution im Berliner Fu\u00dfball \u2013 und blieb es \u00fcber 100 Jahre und f\u00fcr zahlreiche folgende Generationen Berliner (Amateur)Fu\u00dfballer.<\/p>\n<p>Auch f\u00fcr die aktuelle. Im Jahr 2025 bedeutet das <a href=\"https:\/\/www.rbb24.de\/sport\/beitrag\/2025\/10\/fussball-woche-berlin-fuwo-zeitschrift-amateurfussball-letzte-ausgabe.html\" rel=\"nofollow noopener\" target=\"_blank\">Ende der Zeitschrift<\/a> zugleich das Ende des wohl wichtigsten Rituals im Amateurfu\u00dfball der Hauptstadt.<\/p>\n<p>Denn mit der &#8222;Fuwo&#8220; stirbt auch ihre pers\u00f6nliche Elf des Tages. Montag f\u00fcr Montag bl\u00e4tterten Spieler und Trainer von der Oberliga bis in die Kreisligen durch die neue Ausgabe hektisch nach ihrer Staffel, um zu sehen, ob es denn einer aus ihrer Mannschaft in die Elf der Woche geschafft hatte. Wer drin war, spendierte seinen Mitspielern ein paar Kaltgetr\u00e4nke und durfte sich eine Woche f\u00fchlen wie ein Profi.<\/p>\n<p>\t\t\t\t\t<a name=\"articlesContList\/text_23829527\"\/><br \/>\n\t\t\t\t\tEin Herz f\u00fcr den Breitensport<\/p>\n<p>Auch so hat die Fu\u00dfball-Woche die \u00fcber 200.000 aktiven Fu\u00dfballer in Berlin verbunden. Auf ihren d\u00fcnnen Seiten war jede Mannschaft von der ersten Liga bis nach ganz unten fast gleich viel wert. Mehr Herz f\u00fcr den Breitensport als die Redaktion mit ihren wenigen festen und \u00fcber 30 freien Mitarbeitern konnte man gar nicht zeigen.<\/p>\n<p>Aber leider geh\u00f6rt es eben auch zur Wahrheit, dass immer weniger Menschen diese Leidenschaft mit ihrem Geld unterst\u00fctzen wollten: &#8222;Die toxische Mischung aus Einnahmer\u00fcckg\u00e4ngen, Kostensteigerungen und fehlenden Investitionsmitteln l\u00e4sst uns keine andere Wahl&#8220;, schreibt der langj\u00e4hrige Fuwo-Chef Horst Bl\u00e4sig nun <a href=\"https:\/\/www.rbb24.de\/sport\/beitrag\/2025\/10\/fussball-woche-berlin-fuwo-zeitschrift-amateurfussball-letzte-ausgabe.html\" rel=\"nofollow noopener\" target=\"_blank\">in der letzten Ausgabe<\/a>. Und dass, obwohl die schon lange keine drei Millionen mehr kostet.<\/p>\n<p>\t\t\t\t\t<a name=\"articlesContList\/teaserbox_2103729830\"\/><\/p>\n<p>\t\t\t\t\t<a name=\"articlesContList\/text\"\/><br \/>\n\t\t\t\t\tDie &#8222;Fuwo&#8220; verband Berlin<\/p>\n<p>Wie gro\u00df das kulturelle Kapital ist, das die ganze Stadt mit der &#8222;Fuwo&#8220; verliert, l\u00e4sst sich nicht so leicht beziffern. Auch deshalb, weil noch nicht einmal die Berliner Mauer st\u00e4rker war als die Marke &#8222;Fu\u00dfball-Woche&#8220;.<\/p>\n<p>W\u00e4hrend Gr\u00fcnder Kurt Stoof nach seiner R\u00fcckkehr aus sowjetischer Gefangenschaft 1950 in West-Berlin weitermachte, wurde in Ost-Berlin die &#8222;Neue Fu\u00dfballwoche&#8220; gegr\u00fcndet. Unter ihrem klangvollen Namen entwickelte sie sich zur f\u00fchrenden Fu\u00dfballzeitung der DDR.<\/p>\n<p>Aber auch die West-Berliner &#8222;Fu\u00dfballwoche&#8220; blieb relevant. Nachdem Pierre Littbarski 1978 von Zehlendorf nach K\u00f6ln wechselte, lie\u00df er sich die Zeitung noch jahrelang von seiner Mutter quer durch Deutschland schicken. Er wollte schlie\u00dflich wissen, wie es seinen alten Mitspielern erging.<\/p>\n<p>Was w\u00e4hrend der Teilung in Ost und West zwei verschiedene Zeitungen waren, wuchs nach der Wende in einer gemeinsamen Redaktion schnell wieder zusammen. Mehrere Ex-DDR-Redakteure verst\u00e4rkten das Team der &#8222;Fu\u00dfball-Woche&#8220;.<\/p>\n<p>Wer die &#8222;Fuwo&#8220; las, f\u00fchlte sich auch deshalb von Schm\u00f6ckwitz bis Tegel als Teil einer gro\u00dfen Gemeinschaft. Als Berliner eben.<\/p>\n<p>\t\t\t\t\t<a name=\"articlesContList\/text_1\"\/><\/p>\n<p>Sendung: rbb24, 13.10.2025, 22:00 Uhr<\/p>\n<p class=\"textblock\">Beitrag von Till Oppermann<\/p>\n<p><a class=\"ico ico_arrow_wide_up\" title=\"An den Anfang\" href=\"#top\">  <\/a><\/p>\n","protected":false},"excerpt":{"rendered":"Nachruf &#8211; Warum mit der &#8222;Fuwo&#8220; ein St\u00fcck Berliner Fu\u00dfball-Kultur stirbt Mo 13.10.25 | 17:36 Uhr | Von&hellip;\n","protected":false},"author":2,"featured_media":495789,"comment_status":"","ping_status":"","sticky":false,"template":"","format":"standard","meta":{"footnotes":""},"categories":[1825],"tags":[1941,1939,296,1937,29,30,1940,1938],"class_list":{"0":"post-495788","1":"post","2":"type-post","3":"status-publish","4":"format-standard","5":"has-post-thumbnail","7":"category-berlin","8":"tag-aktuelle-nachrichten-aus-berlin","9":"tag-aktuelle-news-aus-berlin","10":"tag-berlin","11":"tag-berlin-news","12":"tag-deutschland","13":"tag-germany","14":"tag-nachrichten-aus-berlin","15":"tag-news-aus-berlin"},"share_on_mastodon":{"url":"https:\/\/pubeurope.com\/@de\/115367778340334719","error":""},"_links":{"self":[{"href":"https:\/\/www.europesays.com\/de\/wp-json\/wp\/v2\/posts\/495788","targetHints":{"allow":["GET"]}}],"collection":[{"href":"https:\/\/www.europesays.com\/de\/wp-json\/wp\/v2\/posts"}],"about":[{"href":"https:\/\/www.europesays.com\/de\/wp-json\/wp\/v2\/types\/post"}],"author":[{"embeddable":true,"href":"https:\/\/www.europesays.com\/de\/wp-json\/wp\/v2\/users\/2"}],"replies":[{"embeddable":true,"href":"https:\/\/www.europesays.com\/de\/wp-json\/wp\/v2\/comments?post=495788"}],"version-history":[{"count":0,"href":"https:\/\/www.europesays.com\/de\/wp-json\/wp\/v2\/posts\/495788\/revisions"}],"wp:featuredmedia":[{"embeddable":true,"href":"https:\/\/www.europesays.com\/de\/wp-json\/wp\/v2\/media\/495789"}],"wp:attachment":[{"href":"https:\/\/www.europesays.com\/de\/wp-json\/wp\/v2\/media?parent=495788"}],"wp:term":[{"taxonomy":"category","embeddable":true,"href":"https:\/\/www.europesays.com\/de\/wp-json\/wp\/v2\/categories?post=495788"},{"taxonomy":"post_tag","embeddable":true,"href":"https:\/\/www.europesays.com\/de\/wp-json\/wp\/v2\/tags?post=495788"}],"curies":[{"name":"wp","href":"https:\/\/api.w.org\/{rel}","templated":true}]}}