{"id":496425,"date":"2025-10-13T22:04:15","date_gmt":"2025-10-13T22:04:15","guid":{"rendered":"https:\/\/www.europesays.com\/de\/496425\/"},"modified":"2025-10-13T22:04:15","modified_gmt":"2025-10-13T22:04:15","slug":"polizei-entdeckt-drogenlabore-und-nimmt-verdaechtige-fest","status":"publish","type":"post","link":"https:\/\/www.europesays.com\/de\/496425\/","title":{"rendered":"Polizei entdeckt Drogenlabore und nimmt Verd\u00e4chtige fest"},"content":{"rendered":"<p class=\"expressive-copy-lg-body\">Im Einsatz gegen Drogen sind nach Durchsuchungen mehrerer Objekte in Schleswig-Holstein, Hamburg und Niedersachsen zwei Verd\u00e4chtige in Untersuchungshaft gekommen. Wie die federf\u00fchrende Staatsanwaltschaft Kiel und das Landeskriminalamt Schleswig-Holstein weiter mitteilten, wird den beiden Beschuldigten im Alter von 32 und 44 Jahren vorgeworfen, bandenm\u00e4\u00dfig synthetische Drogen hergestellt und vertrieben zu haben.<\/p>\n<p class=\"expressive-copy-lg-body\">Nach umfangreichen Ermittlungen vollstreckten Einsatzkr\u00e4fte den Angaben zufolge 14 Durchsuchungsbeschl\u00fcsse in Norderstedt, in Quickborn und Kummerfeld (beide Kreis Pinneberg) sowie in Hamburg und im nieders\u00e4chsischen Emden.\u00a0<\/p>\n<p class=\"expressive-copy-lg-body\">In zwei der durchsuchten Objekte fanden die Ermittler jeweils ein Labor zur Herstellung synthetischer Drogen. Es wurden gro\u00dfe Mengen verd\u00e4chtiger Substanzen beschlagnahmt. Weitere Angaben wurden zun\u00e4chst nicht gemacht.<\/p>\n<p class=\"expressive-copy-lg-body\">\u00a9 dpa-infocom, dpa:251013-930-158217\/1<\/p>\n","protected":false},"excerpt":{"rendered":"Im Einsatz gegen Drogen sind nach Durchsuchungen mehrerer Objekte in Schleswig-Holstein, Hamburg und Niedersachsen zwei Verd\u00e4chtige in Untersuchungshaft&hellip;\n","protected":false},"author":2,"featured_media":496426,"comment_status":"","ping_status":"","sticky":false,"template":"","format":"standard","meta":{"footnotes":""},"categories":[1852],"tags":[3364,29,548,663,3934,30,13,4949,14,15,12,1971],"class_list":{"0":"post-496425","1":"post","2":"type-post","3":"status-publish","4":"format-standard","5":"has-post-thumbnail","7":"category-kiel","8":"tag-de","9":"tag-deutschland","10":"tag-eu","11":"tag-europa","12":"tag-europe","13":"tag-germany","14":"tag-headlines","15":"tag-kiel","16":"tag-nachrichten","17":"tag-news","18":"tag-schlagzeilen","19":"tag-schleswig-holstein"},"share_on_mastodon":{"url":"https:\/\/pubeurope.com\/@de\/115369126431527298","error":""},"_links":{"self":[{"href":"https:\/\/www.europesays.com\/de\/wp-json\/wp\/v2\/posts\/496425","targetHints":{"allow":["GET"]}}],"collection":[{"href":"https:\/\/www.europesays.com\/de\/wp-json\/wp\/v2\/posts"}],"about":[{"href":"https:\/\/www.europesays.com\/de\/wp-json\/wp\/v2\/types\/post"}],"author":[{"embeddable":true,"href":"https:\/\/www.europesays.com\/de\/wp-json\/wp\/v2\/users\/2"}],"replies":[{"embeddable":true,"href":"https:\/\/www.europesays.com\/de\/wp-json\/wp\/v2\/comments?post=496425"}],"version-history":[{"count":0,"href":"https:\/\/www.europesays.com\/de\/wp-json\/wp\/v2\/posts\/496425\/revisions"}],"wp:featuredmedia":[{"embeddable":true,"href":"https:\/\/www.europesays.com\/de\/wp-json\/wp\/v2\/media\/496426"}],"wp:attachment":[{"href":"https:\/\/www.europesays.com\/de\/wp-json\/wp\/v2\/media?parent=496425"}],"wp:term":[{"taxonomy":"category","embeddable":true,"href":"https:\/\/www.europesays.com\/de\/wp-json\/wp\/v2\/categories?post=496425"},{"taxonomy":"post_tag","embeddable":true,"href":"https:\/\/www.europesays.com\/de\/wp-json\/wp\/v2\/tags?post=496425"}],"curies":[{"name":"wp","href":"https:\/\/api.w.org\/{rel}","templated":true}]}}