{"id":496666,"date":"2025-10-14T00:19:13","date_gmt":"2025-10-14T00:19:13","guid":{"rendered":"https:\/\/www.europesays.com\/de\/496666\/"},"modified":"2025-10-14T00:19:13","modified_gmt":"2025-10-14T00:19:13","slug":"schwerer-unfall-auf-a1-bei-euskirchen-zwei-menschen-verletzt","status":"publish","type":"post","link":"https:\/\/www.europesays.com\/de\/496666\/","title":{"rendered":"Schwerer Unfall auf A1 bei Euskirchen \u2013 zwei Menschen verletzt"},"content":{"rendered":"<p>A1 voll gesperrt <\/p>\n<p>Lkw \u00fcbersieht Motorrad \u2013 zwei Schwerverletzte<\/p>\n<p>14.10.2025 &#8211; 01:37 UhrLesedauer: 1 Min.<\/p>\n<p><a href=\"#focus-0\" class=\"transition-colors duration-200 block text-current relative\" data-sctrack=\"FocusGalleryImage.Reference\"><img fetchpriority=\"high\" data-testid=\"Opener.Image\" style=\"--lqipURL:url('https:\/\/images.t-online.de\/2025\/10\/nXoplDItkdE1\/0x75:800x450\/fit-in\/150x0\/filters:blur(25)\/der-schriftzug-unfall-ist-neben-dem-blaulicht-auf-dem-dach-eines-polizeiautos-zu-lesen-symbolbild-die-autobahn-musste-in-der-nacht-in-beiden-richtungen-voll-gesperrt-werden.jpg')\"   loading=\"eager\" src=\"https:\/\/www.europesays.com\/de\/wp-content\/uploads\/2025\/10\/der-schriftzug-unfall-ist-neben-dem-blaulicht-auf-dem-dach-eines-polizeiautos-zu-lesen-symbolbild-di.jpeg\" alt=\"Der Schriftzug &quot;Unfall&quot; ist neben dem Blaulicht auf dem Dach eines Polizeiautos zu lesen (Symbolbild): Die Autobahn musste in der Nacht in beiden Richtungen voll gesperrt werden.\" title=\"Der Schriftzug &quot;Unfall&quot; ist neben dem Blaulicht auf dem Dach eines Polizeiautos zu lesen (Symbolbild): Die Autobahn musste in der Nacht in beiden Richtungen voll gesperrt werden.\" width=\"800\" height=\"450\" class=\"bg-[url:var(--lqipURL)] bg-cover bg-center flex h-full w-full max-w-full\" decoding=\"async\"\/><img style=\"--width:32;--height:32\" loading=\"lazy\" src=\"https:\/\/www.t-online.de\/s\/paper\/_next\/static\/media\/zoom-in.f7dae02f.svg\" alt=\"Vergr\u00f6\u00dfern des Bildes\" title=\"Vergr\u00f6\u00dfern des Bildes\" class=\"block h-[calc(var(--height)_\/_16_*_1rem)] w-[calc(var(--width)_\/_16_*_1rem)] max-w-none absolute bottom-8 right-8 rounded-4 bg-snow p-8\" decoding=\"async\"\/><\/a><\/p>\n<p>Der Schriftzug &#8222;Unfall&#8220; ist neben dem Blaulicht auf dem Dach eines Polizeiautos zu lesen (Symbolbild): Die Dauer der Sperrung ist noch nicht abzusehen. (Quelle: Marcus Brandt\/dpa)<\/p>\n<p class=\"font-bold text-18 leading-17\">Ein Lkw-Fahrer wechselt die Spur \u2013 mit dramatischen Folgen. Zwei Menschen wurden schwer verletzt, die A1 bei K\u00f6ln ist voll gesperrt. Was genau geschah.<\/p>\n<p class=\"text-18 leading-17\">Ein folgenschwerer Moment der Unachtsamkeit hat sich vor den Toren K\u00f6lns ereignet: Auf der Autobahn A1 bei <a class=\"transition-colors duration-200 cursor-pointer text-inherit no-underline text-salemsfur md:hover:text-magenta md:hover:border-magenta md:focus:text-magenta border-current border-b border-solid break-words\" href=\"https:\/\/www.t-online.de\/themen\/euskirchen\/\" data-sctrack=\"BodyAnchor\" rel=\"nofollow noopener\" target=\"_blank\">Euskirchen<\/a> hat ein Lastwagenfahrer am Montagabend beim Fahrstreifenwechsel offenbar ein Motorrad \u00fcbersehen \u2013 mit Folgen f\u00fcr zwei Menschen.<\/p>\n<p class=\"text-18 leading-17\">Wie die Polizei mitteilte, wurden der Motorradfahrer und dessen Sozius bei dem Zusammensto\u00df schwer verletzt. Der Lkw-Fahrer selbst blieb unversehrt. Nach dem Unfall fuhren zwei weitere Autos \u00fcber Tr\u00fcmmerteile, wie der Polizeisprecher laut Nachrichtenagentur dpa sagte.<\/p>\n<p class=\"text-18 leading-17\">Die Fahrtrichtung <a class=\"transition-colors duration-200 cursor-pointer text-inherit no-underline text-salemsfur md:hover:text-magenta md:hover:border-magenta md:focus:text-magenta border-current border-b border-solid break-words\" href=\"https:\/\/www.t-online.de\/region\/dortmund\/\" data-sctrack=\"BodyAnchor\" rel=\"nofollow noopener\" target=\"_blank\">Dortmund<\/a> ist derzeit voll gesperrt, der Verkehr wird an der Unfallstelle abgeleitet. Einsatzkr\u00e4fte sind zur Unfallaufnahme vor Ort. Wie lange die Sperrung andauern wird, war am Abend noch nicht abzusehen.<\/p>\n","protected":false},"excerpt":{"rendered":"A1 voll gesperrt Lkw \u00fcbersieht Motorrad \u2013 zwei Schwerverletzte 14.10.2025 &#8211; 01:37 UhrLesedauer: 1 Min. Der Schriftzug &#8222;Unfall&#8220;&hellip;\n","protected":false},"author":2,"featured_media":496667,"comment_status":"","ping_status":"","sticky":false,"template":"","format":"standard","meta":{"footnotes":""},"categories":[1828],"tags":[722,3176,29,2214,30,1420,9959,1209,121,1284],"class_list":{"0":"post-496666","1":"post","2":"type-post","3":"status-publish","4":"format-standard","5":"has-post-thumbnail","7":"category-koeln","8":"tag-722","9":"tag-3176","10":"tag-deutschland","11":"tag-euskirchen","12":"tag-germany","13":"tag-koeln","14":"tag-motorrad","15":"tag-nordrhein-westfalen","16":"tag-polizei","17":"tag-unfall"},"share_on_mastodon":{"url":"https:\/\/pubeurope.com\/@de\/115369657760184854","error":""},"_links":{"self":[{"href":"https:\/\/www.europesays.com\/de\/wp-json\/wp\/v2\/posts\/496666","targetHints":{"allow":["GET"]}}],"collection":[{"href":"https:\/\/www.europesays.com\/de\/wp-json\/wp\/v2\/posts"}],"about":[{"href":"https:\/\/www.europesays.com\/de\/wp-json\/wp\/v2\/types\/post"}],"author":[{"embeddable":true,"href":"https:\/\/www.europesays.com\/de\/wp-json\/wp\/v2\/users\/2"}],"replies":[{"embeddable":true,"href":"https:\/\/www.europesays.com\/de\/wp-json\/wp\/v2\/comments?post=496666"}],"version-history":[{"count":0,"href":"https:\/\/www.europesays.com\/de\/wp-json\/wp\/v2\/posts\/496666\/revisions"}],"wp:featuredmedia":[{"embeddable":true,"href":"https:\/\/www.europesays.com\/de\/wp-json\/wp\/v2\/media\/496667"}],"wp:attachment":[{"href":"https:\/\/www.europesays.com\/de\/wp-json\/wp\/v2\/media?parent=496666"}],"wp:term":[{"taxonomy":"category","embeddable":true,"href":"https:\/\/www.europesays.com\/de\/wp-json\/wp\/v2\/categories?post=496666"},{"taxonomy":"post_tag","embeddable":true,"href":"https:\/\/www.europesays.com\/de\/wp-json\/wp\/v2\/tags?post=496666"}],"curies":[{"name":"wp","href":"https:\/\/api.w.org\/{rel}","templated":true}]}}