{"id":496702,"date":"2025-10-14T00:38:16","date_gmt":"2025-10-14T00:38:16","guid":{"rendered":"https:\/\/www.europesays.com\/de\/496702\/"},"modified":"2025-10-14T00:38:16","modified_gmt":"2025-10-14T00:38:16","slug":"patricija-ionel-lets-dance-star-durchlebte-entbindungsdrama","status":"publish","type":"post","link":"https:\/\/www.europesays.com\/de\/496702\/","title":{"rendered":"Patricija Ionel: &#8222;Let&#8217;s Dance&#8220;-Star durchlebte Entbindungsdrama"},"content":{"rendered":"<p>&#8222;Das war noch schlimmer als die Geburt selbst&#8220; <\/p>\n<p>&#8222;Let&#8217;s Dance&#8220;-Star Patricija Ionel durchlebte Entbindungsdrama<\/p>\n<p>13.10.2025 &#8211; 19:08 UhrLesedauer: 2 Min.<\/p>\n<p><a href=\"#focus-0\" class=\"transition-colors duration-200 block text-current relative\" data-sctrack=\"FocusGalleryImage.Reference\"><img fetchpriority=\"high\" data-testid=\"Opener.Image\" style=\"--lqipURL:url('https:\/\/images.t-online.de\/2025\/10\/ySuFyqRI7k7G\/1009x117:2578x1450\/fit-in\/150x0\/filters:blur(25)\/patricija-und-alexandru-ionel-sie-haben-drei-kinder.jpg')\"   loading=\"eager\" src=\"https:\/\/www.europesays.com\/de\/wp-content\/uploads\/2025\/10\/patricija-und-alexandru-ionel-sie-haben-drei-kinder.jpg\" alt=\"Patricija und Alexandru Ionel: Sie haben drei Kinder.\" title=\"Patricija und Alexandru Ionel: Sie haben drei Kinder.\" width=\"2578\" height=\"1450\" class=\"bg-[url:var(--lqipURL)] bg-cover bg-center flex h-full w-full max-w-full\" decoding=\"async\"\/><img style=\"--width:32;--height:32\" loading=\"lazy\" src=\"https:\/\/www.t-online.de\/s\/paper\/_next\/static\/media\/zoom-in.f7dae02f.svg\" alt=\"Vergr\u00f6\u00dfern des Bildes\" title=\"Vergr\u00f6\u00dfern des Bildes\" class=\"block h-[calc(var(--height)_\/_16_*_1rem)] w-[calc(var(--width)_\/_16_*_1rem)] max-w-none absolute bottom-8 right-8 rounded-4 bg-snow p-8\" decoding=\"async\"\/><\/a><\/p>\n<p>Patricija und Alexandru Ionel: Sie haben drei Kinder. (Quelle: IMAGO\/Stephan Wallocha)<\/p>\n<p class=\"font-bold text-18 leading-17\">Was als routinierte Entbindung begann, entwickelte sich f\u00fcr Patricija Ionel zu einem medizinischen Ausnahmefall. Die &#8222;Let&#8217;s Dance&#8220;-T\u00e4nzerin spricht jetzt offen \u00fcber den schwersten Moment ihres Lebens.<\/p>\n<p class=\"text-18 leading-17\">Als Patricija Ionel im September 2024 ihre Zwillinge erwartete, hatte sie bereits Erfahrung mit Geburten \u2013 ihr erster Sohn kam 2022 zur Welt. Doch dieses Mal sollte alles anders kommen. Die Entbindung verlief nicht wie geplant und brachte die Profit\u00e4nzerin sowie ihren Mann Alexandru Ionel an ihre k\u00f6rperlichen und emotionalen Grenzen.<\/p>\n<p class=\"text-18 leading-17\">Im Gespr\u00e4ch mit RTL blicken die beiden nun zur\u00fcck auf die dramatischen Stunden im Krei\u00dfsaal \u2013 ein Jahr nach der Geburt von Elison Amory und Melody Amory. Lange hatten sie nicht \u00f6ffentlich dar\u00fcber gesprochen, was damals geschah. Dass sie ihre Erfahrungen nun teilen, ist ihnen ein Anliegen. Sie m\u00f6chten anderen werdenden Eltern zeigen, wie unvorhersehbar eine Geburt verlaufen kann \u2013 besonders bei Zwillingen.<\/p>\n<p class=\"text-18 leading-17\">Insgesamt 20 Stunden lag die &#8222;Let&#8217;s Dance&#8220;-T\u00e4nzerin in den Wehen. Die Geburt des ersten Kindes, ihres Sohnes Elison, verlief vergleichsweise unkompliziert. Alexandru Ionel konnte ihn bereits im Arm halten \u2013 da spitzte sich die Lage im Krei\u00dfsaal pl\u00f6tzlich zu. Das zweite Baby, Tochter Melody, hatte sich im Mutterleib ung\u00fcnstig gedreht. F\u00fcr das Paar begann ein banges Warten.<\/p>\n<p class=\"text-18 leading-17\">Acht Minuten lang herrschte gro\u00dfe Anspannung \u2013 Minuten, die Patricija und Alexandru Ionel bis heute nicht vergessen haben. &#8222;Ich habe auch direkt gefragt: &#8218;Ist sie gesund? Alles gut?&#8216; Weil das war so was von wichtig f\u00fcr mich&#8220;, erinnert sich Patricija Ionel an die kritische Phase. Melody musste schlie\u00dflich in einer sogenannten Fu\u00dflage entbunden werden \u2013 ein seltenes, aber medizinisch bekanntes Szenario.<\/p>\n<p class=\"text-18 leading-17\">Als schlie\u00dflich beide Neugeborenen auf Patricija Ionels Brust lagen, wich die Anspannung einer ersten Erleichterung. Doch das war nur von kurzer Dauer. Nach der Geburt verschlechterte sich Patricija Ionels Zustand erneut: In ihrer Geb\u00e4rmutter hatte sich ein Koagel, also ein Blutgerinnsel, gebildet \u2013 eine ernste Komplikation. Die Folge: extreme Schmerzen trotz verabreichter Medikamente. &#8222;Ich erinnere mich ganz genau. Das war noch schlimmer als die Geburt selbst&#8220;, so die 30-J\u00e4hrige.<\/p>\n<p class=\"text-18 leading-17\">Heute geht es Patricija Ionel gesundheitlich wieder gut. Ihr Mann Alexandru habe sie in dieser Phase stark unterst\u00fctzt, betont sie. Beide sind dankbar, dass sie in dieser Ausnahmesituation auf ein kompetentes Team aus \u00c4rzten und Hebammen vertrauen konnten. Mit ihrer Geschichte wollen sie andere Familien daf\u00fcr sensibilisieren, dass auch eine vermeintlich planbare Geburt unerwartete Wendungen nehmen kann. &#8222;Damit eine Frau, die auch gerade mit Zwillingen schwanger ist, Bescheid wei\u00df, dass es sowas gibt. Dass alles passieren kann. Und dass sich Frauen darauf vorbereiten k\u00f6nnen&#8220;, sagt Patricija Ionel.<\/p>\n","protected":false},"excerpt":{"rendered":"&#8222;Das war noch schlimmer als die Geburt selbst&#8220; &#8222;Let&#8217;s Dance&#8220;-Star Patricija Ionel durchlebte Entbindungsdrama 13.10.2025 &#8211; 19:08 UhrLesedauer:&hellip;\n","protected":false},"author":2,"featured_media":496703,"comment_status":"","ping_status":"","sticky":false,"template":"","format":"standard","meta":{"footnotes":"","_share_on_mastodon":"0"},"categories":[155],"tags":[722,522,40237,1290,29,124493,124490,124491,214,30,639,124492,7051,43980,640,215,12539],"class_list":["post-496702","post","type-post","status-publish","format-standard","has-post-thumbnail","category-unterhaltung","tag-722","tag-522","tag-alexandru-ionel","tag-baby","tag-deutschland","tag-elison-amory","tag-entbindung","tag-entbindungsdrama","tag-entertainment","tag-germany","tag-lets-dance","tag-melody-amory","tag-motsi-mabuse","tag-patricija-ionel","tag-rtl","tag-unterhaltung","tag-winterhude"],"share_on_mastodon":{"url":"https:\/\/pubeurope.com\/@de\/115369732320961990","error":""},"_links":{"self":[{"href":"https:\/\/www.europesays.com\/de\/wp-json\/wp\/v2\/posts\/496702","targetHints":{"allow":["GET"]}}],"collection":[{"href":"https:\/\/www.europesays.com\/de\/wp-json\/wp\/v2\/posts"}],"about":[{"href":"https:\/\/www.europesays.com\/de\/wp-json\/wp\/v2\/types\/post"}],"author":[{"embeddable":true,"href":"https:\/\/www.europesays.com\/de\/wp-json\/wp\/v2\/users\/2"}],"replies":[{"embeddable":true,"href":"https:\/\/www.europesays.com\/de\/wp-json\/wp\/v2\/comments?post=496702"}],"version-history":[{"count":0,"href":"https:\/\/www.europesays.com\/de\/wp-json\/wp\/v2\/posts\/496702\/revisions"}],"wp:featuredmedia":[{"embeddable":true,"href":"https:\/\/www.europesays.com\/de\/wp-json\/wp\/v2\/media\/496703"}],"wp:attachment":[{"href":"https:\/\/www.europesays.com\/de\/wp-json\/wp\/v2\/media?parent=496702"}],"wp:term":[{"taxonomy":"category","embeddable":true,"href":"https:\/\/www.europesays.com\/de\/wp-json\/wp\/v2\/categories?post=496702"},{"taxonomy":"post_tag","embeddable":true,"href":"https:\/\/www.europesays.com\/de\/wp-json\/wp\/v2\/tags?post=496702"}],"curies":[{"name":"wp","href":"https:\/\/api.w.org\/{rel}","templated":true}]}}