{"id":496968,"date":"2025-10-14T03:12:35","date_gmt":"2025-10-14T03:12:35","guid":{"rendered":"https:\/\/www.europesays.com\/de\/496968\/"},"modified":"2025-10-14T03:12:35","modified_gmt":"2025-10-14T03:12:35","slug":"berliner-verfassungsschutz-warnt-vor-gefahr-durch-junge-internet-neonazis","status":"publish","type":"post","link":"https:\/\/www.europesays.com\/de\/496968\/","title":{"rendered":"Berliner Verfassungsschutz warnt vor Gefahr durch junge Internet-Neonazis"},"content":{"rendered":"<p class=\"tspBHk0 tspBHk1\">Das Problem von Gruppen junger Rechtsextremisten und Neonazis ist nach Einsch\u00e4tzung des <a href=\"https:\/\/www.tagesspiegel.de\/berlin\/berlin-versinkt-im-chaos-und-im-mull-kristin-brinker-fuhrt-berliner-afd-in-den-wahlkampf-2026-14537597.html?icid=in-text-link_14553527\" class=\"link link--internal\" data-gtm-class=\"article-text-link\" data-gtm-val=\"internal\" rel=\"nofollow noopener\" target=\"_blank\">Berliner Verfassungsschutzes<\/a> keine kurzfristige Erscheinung. \u201eEs handelt sich nicht um ein vor\u00fcbergehendes Ph\u00e4nomen\u201c, sagte Innen-Staatssekret\u00e4r Christian Hochgrebe (SPD) im Ausschuss f\u00fcr Verfassungsschutz mit Blick etwa auf die Gruppe <a href=\"https:\/\/www.tagesspiegel.de\/berlin\/razzia-bei-deutsche-jugend-voran-18-jahriger-neonazi-christopher-w-in-berlin-marzahn-festgenommen-14422631.html?icid=in-text-link_14553527\" class=\"link link--internal\" data-gtm-class=\"article-text-link\" data-gtm-val=\"internal\" rel=\"nofollow noopener\" target=\"_blank\">\u201eDeutsche Jugend Voran\u201c (DJV)<\/a>, die mehrfach auffiel.\u00a0<\/p>\n<p class=\"tspBHk0\">Das Thema werde Polizei, Justiz und Verfassungsschutz weiter besch\u00e4ftigen und begleiten, betonte Hochgrebe. Das Gewaltpotenzial bleibe hoch und die Erkenntnisse w\u00fcrden zeigen, dass diese Gruppen in ihren Aktivit\u00e4ten zuletzt nicht nachgelassen h\u00e4tten. Rekrutiert w\u00fcrden Jugendliche und junge Erwachsene als Anh\u00e4nger auch au\u00dferhalb von Berlin, etwa in <strong>Brandenburg, Sachsen <\/strong>und <strong>Sachsen-Anhalt<\/strong>. Schon lange nutzten die Rechtsextremisten vor allem das Internet mit Kan\u00e4len wie <a href=\"https:\/\/www.tagesspiegel.de\/berlin\/yoga-ubungen-kochrezepte-und-rechte-propaganda-was-mache-ich-wenn-mein-kind-sich-im-internet-radikalisiert-13833574.html?icid=in-text-link_14553527\" class=\"link link--internal\" data-gtm-class=\"article-text-link\" data-gtm-val=\"internal\" rel=\"nofollow noopener\" target=\"_blank\">Tiktok und Instagram<\/a>.\u00a0<\/p>\n<p class=\"tspBHk0\">Aktionen in der \u00d6ffentlichkeit richteten sich besonders gegen CSD-Umz\u00fcge, also gegen Homosexuelle, aber auch gegen linke Demonstrationen oder Einrichtungen, sagte Hochgrebe. Zuletzt hatte es am 30. September Durchsuchungen bei mehreren jungen mutma\u00dflichen Rechtsextremisten gegeben.\u00a0<\/p>\n<p> Mehr zum Thema: <a href=\"https:\/\/www.tagesspiegel.de\/berlin\/wieder-beim-berlin-csd-festgenommen-neonazi-anfuhrer-julian-m-lief-trotz-hafturteil-vier-monate-frei-herum-14101262.html?icid=topic-list_14553527___\" data-gtm-class=\"article-mzt-link\" class=\"tspBRlv\" rel=\"nofollow noopener\" target=\"_blank\">Wieder beim Berlin-CSD festgenommen Neonazi-Anf\u00fchrer Julian M. lief trotz Hafturteil vier Monate frei herum <\/a><a href=\"https:\/\/www.tagesspiegel.de\/berlin\/die-neuen-rechtsextremisten-in-berlin-sie-sind-jung-gewaltaffin-vernetzt--und-radikalisiert-im-turbogang-13688788.html?icid=topic-list_14553527___\" data-gtm-class=\"article-mzt-link\" class=\"tspBRlv\" rel=\"nofollow noopener\" target=\"_blank\">Die neuen Rechtsextremisten in Berlin Sie sind jung, gewaltaffin, vernetzt \u2013 und im Internet turbo-radikalisiert <\/a><a href=\"https:\/\/www.tagesspiegel.de\/mit-den-werten-unseres-vereins-unvereinbar-neonazi-schiedsrichter-verlasst-sparta-lichtenberg-13436266.html?icid=topic-list_14553527___\" data-gtm-class=\"article-mzt-link\" class=\"tspBRlv\" rel=\"nofollow noopener\" target=\"_blank\">\u201eMit den Werten unseres Vereins unvereinbar\u201c Neonazi-Schiedsrichter verl\u00e4sst Sparta Lichtenberg <\/a><\/p>\n<p class=\"tspBHk0\">Verfassungsschutz-Chef Michael Fischer sagte, die Szene habe insgesamt eine relativ hohe Affinit\u00e4t zu Waffen. Das sei dort ein Ausdruck von M\u00e4nnlichkeit und St\u00e4rke und werde auch in den Auftritten im Internet deutlich. Bisher gebe es aber keine konkreten Erkenntnisse, dass in der Szene eine erh\u00f6hte Zahl von Waffen im Umlauf sei. Die Gefahr, dass sich einzelne mit Schusswaffen ausr\u00fcsten w\u00fcrden, sei abstrakt. \u201eAber wir m\u00fcssen genau hingucken, damit wir nicht \u00fcberrascht werden.\u201c (dpa)<\/p>\n","protected":false},"excerpt":{"rendered":"Das Problem von Gruppen junger Rechtsextremisten und Neonazis ist nach Einsch\u00e4tzung des Berliner Verfassungsschutzes keine kurzfristige Erscheinung. \u201eEs&hellip;\n","protected":false},"author":2,"featured_media":496969,"comment_status":"","ping_status":"","sticky":false,"template":"","format":"standard","meta":{"footnotes":""},"categories":[1825],"tags":[296,29,30,152,1635,10396,121,770,2382,184,151,419],"class_list":{"0":"post-496968","1":"post","2":"type-post","3":"status-publish","4":"format-standard","5":"has-post-thumbnail","7":"category-berlin","8":"tag-berlin","9":"tag-deutschland","10":"tag-germany","11":"tag-instagram","12":"tag-jugend","13":"tag-politische-straftat","14":"tag-polizei","15":"tag-rechtsextremismus","16":"tag-senat","17":"tag-spd","18":"tag-tiktok","19":"tag-verfassungsschutz"},"share_on_mastodon":{"url":"https:\/\/pubeurope.com\/@de\/115370337758259306","error":""},"_links":{"self":[{"href":"https:\/\/www.europesays.com\/de\/wp-json\/wp\/v2\/posts\/496968","targetHints":{"allow":["GET"]}}],"collection":[{"href":"https:\/\/www.europesays.com\/de\/wp-json\/wp\/v2\/posts"}],"about":[{"href":"https:\/\/www.europesays.com\/de\/wp-json\/wp\/v2\/types\/post"}],"author":[{"embeddable":true,"href":"https:\/\/www.europesays.com\/de\/wp-json\/wp\/v2\/users\/2"}],"replies":[{"embeddable":true,"href":"https:\/\/www.europesays.com\/de\/wp-json\/wp\/v2\/comments?post=496968"}],"version-history":[{"count":0,"href":"https:\/\/www.europesays.com\/de\/wp-json\/wp\/v2\/posts\/496968\/revisions"}],"wp:featuredmedia":[{"embeddable":true,"href":"https:\/\/www.europesays.com\/de\/wp-json\/wp\/v2\/media\/496969"}],"wp:attachment":[{"href":"https:\/\/www.europesays.com\/de\/wp-json\/wp\/v2\/media?parent=496968"}],"wp:term":[{"taxonomy":"category","embeddable":true,"href":"https:\/\/www.europesays.com\/de\/wp-json\/wp\/v2\/categories?post=496968"},{"taxonomy":"post_tag","embeddable":true,"href":"https:\/\/www.europesays.com\/de\/wp-json\/wp\/v2\/tags?post=496968"}],"curies":[{"name":"wp","href":"https:\/\/api.w.org\/{rel}","templated":true}]}}