{"id":497001,"date":"2025-10-14T03:31:37","date_gmt":"2025-10-14T03:31:37","guid":{"rendered":"https:\/\/www.europesays.com\/de\/497001\/"},"modified":"2025-10-14T03:31:37","modified_gmt":"2025-10-14T03:31:37","slug":"muensterbusch-geburtstagsfeier-fuer-unseren-hacky","status":"publish","type":"post","link":"https:\/\/www.europesays.com\/de\/497001\/","title":{"rendered":"M\u00fcnsterbusch: Geburtstagsfeier f\u00fcr unseren \u201eHacky\u201c"},"content":{"rendered":"<p>Er war einer von hier \u2013 einer, den man kannte und der Stolberg und besonders B\u00fcsbach mit seiner Kunst gepr\u00e4gt hat: Hartmut Ritzerfeld. Ihr \u201eHacky\u201c wie ihn viele Stolberger nannten, war nach dem Krieg einer der bedeutendsten K\u00fcnstler der Region \u2013 und dazu auch noch ein echtes Stolberger Original, dessen Leben so bunt war wie seine Bilder. Am 1. Januar 2024 endete sein bewegtes Leben aber unerwartet nach einem schweren Autounfall am B\u00fcsbacher Markt.<\/p>\n<p>Eine Gruppe von Freunden und Ehrenamtlern fand sich daraufhin zusammen, um an Ihn und seine Kunst zu erinnern. An diesem Wochenende kehrte Hacky dann endlich zur\u00fcck \u2013 Nicht als Person, aber in den vielen Gem\u00e4lden und Erinnerungen von Menschen aus seiner Stadt. Zum 75. Geburtstag widmeten ihm die Stolberger die \u201eHacky-Aktion\u201c und gingen gemeinsam auf die Spuren ihres K\u00fcnstlers.<\/p>\n<p>\u201eInsgesamt gehen wir davon aus, dass er w\u00e4hrend seines Lebens \u00fcber 20.000 Bilder gemalt hat\u201c, erkl\u00e4rt Irmgard Remmert als eine der Veranstalterinnen. In vielen Kneipen, Gesch\u00e4ften und auch bei Privatleuten h\u00e4ngen seine Bilder, denn er hat wirklich viele davon gemalt.<\/p>\n<p>Einen Teil davon konnten die G\u00e4ste am Wochenende im Zinkh\u00fctter Hof bestaunen. Gemeinsam mit Freunden, Weggef\u00e4hrten, Klassenkameraden und Sammlern wurde dort das Leben und Wirken eines Mannes gefeiert, der mit ganzem Herz und unb\u00e4ndiger Kreativit\u00e4t Spuren in seiner Stadt hinterlassen hat.<\/p>\n<p>Auch wenn noch viele weitere Stolberger ihre Gem\u00e4lde zur Ausstellung mitgebracht haben, sei mit rund 1.600 St\u00fcck bislang nur ein Bruchteil seiner vielen Werke gefunden, erkl\u00e4rt Marita Matousek. Jedes Bild, jede Zeichnung, jede Geschichte sei aber festgehalten worden, um gemeinsam ein lebendiges Mosaik seines au\u00dfergew\u00f6hnlichen Lebens zu sammeln.<\/p>\n<p>Nach dem Wochenende sollen nun alle gesammelten Informationen, Bilder und Erinnerungen dem Archiv der Kupferstadt Stolberg \u00fcbergeben werden \u2013 damit Hackys Kunst und Geschichten auch in Zukunft lebendig bleiben.<\/p>\n<p>Pascal van den Berghe<\/p>\n<p>13. Oktober 2025<\/p>\n","protected":false},"excerpt":{"rendered":"Er war einer von hier \u2013 einer, den man kannte und der Stolberg und besonders B\u00fcsbach mit seiner&hellip;\n","protected":false},"author":2,"featured_media":497002,"comment_status":"","ping_status":"","sticky":false,"template":"","format":"standard","meta":{"footnotes":""},"categories":[1853],"tags":[1424,3364,29,548,663,3934,30,13,14,15,1209,12],"class_list":{"0":"post-497001","1":"post","2":"type-post","3":"status-publish","4":"format-standard","5":"has-post-thumbnail","7":"category-aachen","8":"tag-aachen","9":"tag-de","10":"tag-deutschland","11":"tag-eu","12":"tag-europa","13":"tag-europe","14":"tag-germany","15":"tag-headlines","16":"tag-nachrichten","17":"tag-news","18":"tag-nordrhein-westfalen","19":"tag-schlagzeilen"},"share_on_mastodon":{"url":"https:\/\/pubeurope.com\/@de\/115370412298283902","error":""},"_links":{"self":[{"href":"https:\/\/www.europesays.com\/de\/wp-json\/wp\/v2\/posts\/497001","targetHints":{"allow":["GET"]}}],"collection":[{"href":"https:\/\/www.europesays.com\/de\/wp-json\/wp\/v2\/posts"}],"about":[{"href":"https:\/\/www.europesays.com\/de\/wp-json\/wp\/v2\/types\/post"}],"author":[{"embeddable":true,"href":"https:\/\/www.europesays.com\/de\/wp-json\/wp\/v2\/users\/2"}],"replies":[{"embeddable":true,"href":"https:\/\/www.europesays.com\/de\/wp-json\/wp\/v2\/comments?post=497001"}],"version-history":[{"count":0,"href":"https:\/\/www.europesays.com\/de\/wp-json\/wp\/v2\/posts\/497001\/revisions"}],"wp:featuredmedia":[{"embeddable":true,"href":"https:\/\/www.europesays.com\/de\/wp-json\/wp\/v2\/media\/497002"}],"wp:attachment":[{"href":"https:\/\/www.europesays.com\/de\/wp-json\/wp\/v2\/media?parent=497001"}],"wp:term":[{"taxonomy":"category","embeddable":true,"href":"https:\/\/www.europesays.com\/de\/wp-json\/wp\/v2\/categories?post=497001"},{"taxonomy":"post_tag","embeddable":true,"href":"https:\/\/www.europesays.com\/de\/wp-json\/wp\/v2\/tags?post=497001"}],"curies":[{"name":"wp","href":"https:\/\/api.w.org\/{rel}","templated":true}]}}