{"id":497117,"date":"2025-10-14T04:34:11","date_gmt":"2025-10-14T04:34:11","guid":{"rendered":"https:\/\/www.europesays.com\/de\/497117\/"},"modified":"2025-10-14T04:34:11","modified_gmt":"2025-10-14T04:34:11","slug":"kriminalitaet-getoetet-am-alexanderplatz-wie-berlin-an-jonny-k-erinnert-2","status":"publish","type":"post","link":"https:\/\/www.europesays.com\/de\/497117\/","title":{"rendered":"Kriminalit\u00e4t: Get\u00f6tet am Alexanderplatz &#8211; Wie Berlin an Jonny K. erinnert"},"content":{"rendered":"<p class=\"paragraph article__item\">In Berlin-Spandau erinnert jetzt ein Park an Jonny K., der 2012 Opfer eines t\u00f6dlichen Gewaltexzesses wurde. Der Park auf dem Gel\u00e4nde des fr\u00fcheren Egelpfuhlparks wird heute Nachmittag er\u00f6ffnet.\u00a0\n<\/p>\n<p>Aktuelles<\/p>\n<p>                <a href=\"https:\/\/www.zeit.de\/2025\/41\/fall-liana-k-friedland-beerdigung-afd\" data-ct-label=\"Fall Liana K. : Das Leben nach dem Tod in Friedland\" target=\"_blank\" rel=\"noopener\"><\/p>\n<p>        Z+ (abopflichtiger Inhalt);<\/p>\n<p>    Fall Liana K. :<br \/>\n                        Das Leben nach dem Tod in Friedland<\/p>\n<p>                <\/a><\/p>\n<p>                <a href=\"https:\/\/www.zeit.de\/gesellschaft\/zeitgeschehen\/2025-10\/berlin-alexanderplatz-demonstration-verbot-israel-palaestina\" data-ct-label=\"7. Oktober: Polizei l\u00f6st verbotene antiisraelische Demonstration in Berlin auf\" target=\"_blank\" rel=\"noopener\"><\/p>\n<p>                        7. Oktober:<br \/>\n                        Polizei l\u00f6st verbotene antiisraelische Demonstration in Berlin auf<\/p>\n<p>                <\/a><\/p>\n<p>                <a href=\"https:\/\/www.zeit.de\/gesellschaft\/2025-10\/felix-klein-antisemitismus\" data-ct-label=\"Antisemitismusbeauftragter: Klein sieht Lebensqualit\u00e4t von Juden &quot;extrem eingeschr\u00e4nkt&quot;\" target=\"_blank\" rel=\"noopener\"><\/p>\n<p>                        Antisemitismusbeauftragter:<br \/>\n                        Klein sieht Lebensqualit\u00e4t von Juden &#8222;extrem eingeschr\u00e4nkt&#8220;<\/p>\n<p>                <\/a><\/p>\n<p class=\"paragraph article__item\">Entstanden ist nach mehrj\u00e4hrigem Umbau eine Spiel- und Bewegungslandschaft f\u00fcr alle Generationen \u2013 mit Spielpl\u00e4tzen, Sportfl\u00e4chen, einem Parktheater und einem Bereich zum Entspannen. Auch ein Auslaufgebiet f\u00fcr Hunde und eine Yogawiese sind Teil der neuen Anlage. Eine Skulptur zu Ehren Jonny K.s geh\u00f6rt ebenfalls zum Konzept.\n<\/p>\n<p class=\"paragraph article__item\">Der Park erinnere an Jonny K.s Mut und setze zugleich ein Zeichen f\u00fcr Respekt, Solidarit\u00e4t und Gewaltfreiheit in unserer Gesellschaft, hie\u00df es von der Senatsverwaltung f\u00fcr Stadtentwicklung.\u00a0\n<\/p>\n<p>        Gewaltpr\u00e4vention und Respekt als Leitbilder        <\/p>\n<p class=\"paragraph article__item\">Die Umgestaltung folgte dem Leitbild der Gewaltpr\u00e4vention und des respektvollen Miteinanders, hie\u00df es in der Projektbeschreibung. Eine zentrale Rolle spiele dabei der Verein \u00abI Am Jonny e.V.\u00bb, der sich f\u00fcr Zivilcourage bei Jugendlichen einsetzt. Ein Parkrat begleitete die Entwicklung des Parks, so sollte der Austausch zwischen Anwohnern, Verwaltung und Planern gef\u00f6rdert werden.\u00a0\n<\/p>\n<p class=\"paragraph article__item\">Zur Er\u00f6ffnung erwartet werden unter anderem der Regierende B\u00fcrgermeister Kai Wegner (<a class=\"rtr-entity\" href=\"https:\/\/www.zeit.de\/thema\/cdu\" target=\"_blank\" rel=\"noopener\">CDU<\/a>), Stadtentwicklungssenator Christian Gaebler (SPD), Spandaus Bezirksb\u00fcrgermeister Frank Bewig (CDU) und Bezirksstadtrat Thorsten Schatz (CDU) sowie Tina K., die Schwester des Namensgebers Jonny K..\u00a0\n<\/p>\n<p>        Jonny K. wollte Freund helfen und starb        <\/p>\n<p class=\"paragraph article__item\">Im Oktober 2012 war der 20-j\u00e4hrige Jonny K. zwischen <a class=\"rtr-entity\" href=\"https:\/\/www.zeit.de\/thema\/alexanderplatz\" target=\"_blank\" rel=\"noopener\">Alexanderplatz<\/a> und Rotem Rathaus von mindestens sechs jungen Schl\u00e4gern zusammengetreten worden,\u00a0als\u00a0er\u00a0seinem\u00a0betrunkenen\u00a0Kumpel helfen\u00a0wollte.\u00a0Jonny K. starb an den Folgen der Tat. Der Gewaltexzess hatte bundesweit Best\u00fcrzung und eine Debatte \u00fcber den Umgang mit jugendlichen Gewaltt\u00e4tern ausgel\u00f6st.\n<\/p>\n<p class=\"paragraph article__item\">Planung und Bau des Parks kosteten etwa acht Millionen Euro, die aus dem Programm Nachhaltige Erneuerung kommen, hie\u00df es in der Projektbeschreibung.\n<\/p>\n<p class=\"paragraph article__item\">\u00a9 dpa-infocom, dpa:251014-930-159143\/1<\/p>\n","protected":false},"excerpt":{"rendered":"In Berlin-Spandau erinnert jetzt ein Park an Jonny K., der 2012 Opfer eines t\u00f6dlichen Gewaltexzesses wurde. Der Park&hellip;\n","protected":false},"author":2,"featured_media":497118,"comment_status":"","ping_status":"","sticky":false,"template":"","format":"standard","meta":{"footnotes":""},"categories":[1825],"tags":[9006,296,31,29,30,124596,1584,15,529],"class_list":{"0":"post-497117","1":"post","2":"type-post","3":"status-publish","4":"format-standard","5":"has-post-thumbnail","7":"category-berlin","8":"tag-alexanderplatz","9":"tag-berlin","10":"tag-cdu","11":"tag-deutschland","12":"tag-germany","13":"tag-jonny-k","14":"tag-kriminalitaet","15":"tag-news","16":"tag-spandau"},"share_on_mastodon":{"url":"https:\/\/pubeurope.com\/@de\/115370660173744552","error":""},"_links":{"self":[{"href":"https:\/\/www.europesays.com\/de\/wp-json\/wp\/v2\/posts\/497117","targetHints":{"allow":["GET"]}}],"collection":[{"href":"https:\/\/www.europesays.com\/de\/wp-json\/wp\/v2\/posts"}],"about":[{"href":"https:\/\/www.europesays.com\/de\/wp-json\/wp\/v2\/types\/post"}],"author":[{"embeddable":true,"href":"https:\/\/www.europesays.com\/de\/wp-json\/wp\/v2\/users\/2"}],"replies":[{"embeddable":true,"href":"https:\/\/www.europesays.com\/de\/wp-json\/wp\/v2\/comments?post=497117"}],"version-history":[{"count":0,"href":"https:\/\/www.europesays.com\/de\/wp-json\/wp\/v2\/posts\/497117\/revisions"}],"wp:featuredmedia":[{"embeddable":true,"href":"https:\/\/www.europesays.com\/de\/wp-json\/wp\/v2\/media\/497118"}],"wp:attachment":[{"href":"https:\/\/www.europesays.com\/de\/wp-json\/wp\/v2\/media?parent=497117"}],"wp:term":[{"taxonomy":"category","embeddable":true,"href":"https:\/\/www.europesays.com\/de\/wp-json\/wp\/v2\/categories?post=497117"},{"taxonomy":"post_tag","embeddable":true,"href":"https:\/\/www.europesays.com\/de\/wp-json\/wp\/v2\/tags?post=497117"}],"curies":[{"name":"wp","href":"https:\/\/api.w.org\/{rel}","templated":true}]}}