{"id":497143,"date":"2025-10-14T04:49:10","date_gmt":"2025-10-14T04:49:10","guid":{"rendered":"https:\/\/www.europesays.com\/de\/497143\/"},"modified":"2025-10-14T04:49:10","modified_gmt":"2025-10-14T04:49:10","slug":"gazafriedensplan-joe-biden-und-bill-clinton-loben-donald-trump-fuer-waffenruhe-in-gaza","status":"publish","type":"post","link":"https:\/\/www.europesays.com\/de\/497143\/","title":{"rendered":"Gazafriedensplan: Joe Biden und Bill Clinton loben Donald Trump f\u00fcr Waffenruhe in Gaza"},"content":{"rendered":"<p class=\"paragraph article__item\">Die fr\u00fcheren US-Pr\u00e4sidenten\u00a0Joe Biden und Bill Clinton haben\u00a0<a class=\"rtr-entity\" href=\"https:\/\/www.zeit.de\/thema\/donald-trump\" target=\"_blank\" rel=\"noopener\">Donald Trump<\/a> f\u00fcr seinen <a href=\"https:\/\/www.zeit.de\/politik\/ausland\/2025-10\/donald-trump-israel-besuch-auftritte-friedensplan\" class=\"\" target=\"_blank\" rel=\"noopener\">Einsatz im Friedensprozess<\/a> im Gazakrieg gew\u00fcrdigt.\u00a0&#8222;Ich lobe Pr\u00e4sident Trump und sein Team f\u00fcr ihre Arbeit, mit der sie ein neues Waffenruheabkommen \u00fcber die Ziellinie gebracht haben&#8220;, schrieb Biden auf X. Mit Unterst\u00fctzung aus den USA, <a href=\"https:\/\/www.zeit.de\/politik\/ausland\/2025-10\/gipfeltreffen-scharm-el-scheich-donald-trump-friedrich-merz-friedensverhandlungen\" class=\"\" target=\"_blank\" rel=\"noopener\">der Region<\/a> und der ganzen Welt befinde sich der Nahe Osten nun auf einem Weg zum Frieden.\u00a0\n<\/p>\n<p class=\"paragraph article__item\"><a class=\"rtr-entity\" href=\"https:\/\/www.zeit.de\/thema\/joe-biden\" target=\"_blank\" rel=\"noopener\">Biden<\/a>, der bis Januar 2025 vier Jahre Pr\u00e4sident war, wies aber auch auf seinen eigenen Anteil an der Waffenruhe hin. &#8222;Meine Regierung hat unerm\u00fcdlich daran gearbeitet, die Geiseln nach Hause zu holen, den pal\u00e4stinensischen Zivilisten Hilfe zukommen zu lassen und den Krieg zu beenden&#8220;, teilte er mit.\u00a0\n<\/p>\n<p class=\"paragraph article__item\">Biden und Trump hatten sich in der Vergangenheit immer wieder\u00a0<a href=\"https:\/\/www.zeit.de\/politik\/ausland\/2024-03\/donald-trump-video-joe-biden-kritik-us-wahlkampf\" class=\"\" target=\"_blank\" rel=\"noopener\">gegenseitig attackiert<\/a>.\u00a0Gerade der Republikaner wurde oft pers\u00f6nlich und\u00a0<a href=\"https:\/\/www.zeit.de\/politik\/ausland\/2024-06\/usa-tv-duell-joe-biden-donald-trump\" class=\"\" target=\"_blank\" rel=\"noopener\">beleidigte seinen Rivalen<\/a>. Biden bezeichnete Trumps Politik mehrfach\u00a0<a href=\"https:\/\/www.zeit.de\/politik\/ausland\/2025-04\/joe-biden-donald-trump-kritik-regierung-rede\" class=\"\" target=\"_blank\" rel=\"noopener\">als spalterisch und undemokratisch<\/a>.\n<\/p>\n<p>        Clinton ruft zur Zusammenarbeit auf        <\/p>\n<p class=\"paragraph article__item\">Auch der fr\u00fchere US-Pr\u00e4sident\u00a0Clinton dankte Trump.\u00a0&#8222;Pr\u00e4sident Trump und seine Regierung, Katar und andere regionale Akteure verdienen gro\u00dfe Anerkennung daf\u00fcr, dass sie es geschafft haben, dass alle bis zum Abschluss des Abkommens engagiert dabeigeblieben sind&#8220;, teilte er mit. Jetzt m\u00fcssten Israel und die islamistische Hamas mit Unterst\u00fctzung der USA versuchen, &#8222;diesen fragilen Moment in einen dauerhaften Frieden zu verwandeln&#8220;, schrieb der 79-J\u00e4hrige. Dies sei m\u00f6glich, aber nur, wenn alle gemeinsam handelten.\u00a0\n<\/p>\n<p>                            \u00a9\u00a0Lea Dohle<\/p>\n<p>\n                                        Newsletter<br \/>\n                                        Was jetzt? \u2013 Der t\u00e4gliche Morgen\u00fcberblick<\/p>\n<p class=\"newsletter-signup__text\">Starten Sie mit unserem kurzen Nachrichten-Newsletter in den Tag. Erhalten Sie zudem freitags den US-Sonderletter &#8222;Was jetzt, America?&#8220; sowie das digitale Magazin ZEIT am Wochenende.<\/p>\n<p class=\"newsletter-signup__datapolicy\" hidden=\"\">\n            Mit Ihrer Registrierung nehmen Sie die <a href=\"https:\/\/datenschutz.zeit.de\/zon#Newsletter\" target=\"_blank\" rel=\"noopener\">Datenschutzerkl\u00e4rung<\/a> zur Kenntnis.\n        <\/p>\n<p>    Vielen Dank! Wir haben Ihnen eine E-Mail geschickt.<\/p>\n<p>Pr\u00fcfen Sie Ihr Postfach und best\u00e4tigen Sie das Newsletter-Abonnement.<\/p>\n<p class=\"paragraph article__item\"><a class=\"rtr-entity\" href=\"https:\/\/www.zeit.de\/thema\/bill-clinton\" target=\"_blank\" rel=\"noopener\">Bill\u00a0Clinton<\/a>\u00a0war von 1993 bis 2001 der 42. Pr\u00e4sident der Vereinigten Staaten. Er ist mit <a href=\"https:\/\/www.zeit.de\/thema\/hillary-clinton\" class=\"\" target=\"_blank\" rel=\"noopener\">Hillary\u00a0Clinton<\/a>\u00a0verheiratet, die Trump als Kandidatin der Demokraten bei der US-Pr\u00e4sidentschaftswahl 2016 unterlag. Bill\u00a0Clinton\u00a0warf Trump in der Vergangenheit unter anderem Egozentrik vor und kritisierte ihn daf\u00fcr, dass seine Politik nur auf seine <a href=\"https:\/\/www.zeit.de\/politik\/ausland\/2018-09\/donald-trump-hillary-clinton-usa-demokratie-essay-schwaechen\" class=\"\" target=\"_blank\" rel=\"noopener\">eigenen Interessen abziele<\/a> und nicht das Wohl der US-Bev\u00f6lkerung im Fokus habe.<\/p>\n<p>            Gazakrieg        <\/p>\n<p>Mehr zum Thema<\/p>\n<p>                <a href=\"https:\/\/www.zeit.de\/politik\/ausland\/2025-10\/gipfeltreffen-scharm-el-scheich-donald-trump-friedrich-merz-friedensverhandlungen\" data-ct-label=\"Gipfeltreffen in Scharm al-Scheich: Ein kleiner Triumph f\u00fcr \u00c4gypten\" target=\"_blank\" rel=\"noopener\"><\/p>\n<p>        Z+ (abopflichtiger Inhalt);<\/p>\n<p>    Gipfeltreffen in Scharm al-Scheich:<br \/>\n                        Ein kleiner Triumph f\u00fcr \u00c4gypten<\/p>\n<p>                <\/a><\/p>\n<p>                <a href=\"https:\/\/www.zeit.de\/politik\/ausland\/2025-10\/uebergabe-geiseln-israel-hamas-gazastreifen\" data-ct-label=\"\u00dcbergabe der Geiseln: Ein Moment der Heilung\" target=\"_blank\" rel=\"noopener\"><\/p>\n<p>                        \u00dcbergabe der Geiseln:<br \/>\n                        Ein Moment der Heilung<\/p>\n<p>                <\/a><\/p>\n<p>                <a href=\"https:\/\/www.zeit.de\/politik\/ausland\/2025-10\/israel-frieden-idee-tel-aviv-benjamin-netanjahu\" data-ct-label=\"Israel: Ein Augenblick der Hoffnung\" target=\"_blank\" rel=\"noopener\"><\/p>\n<p>                        Israel:<br \/>\n                        Ein Augenblick der Hoffnung<\/p>\n<p>                <\/a><\/p>\n","protected":false},"excerpt":{"rendered":"Die fr\u00fcheren US-Pr\u00e4sidenten\u00a0Joe Biden und Bill Clinton haben\u00a0Donald Trump f\u00fcr seinen Einsatz im Friedensprozess im Gazakrieg gew\u00fcrdigt.\u00a0&#8222;Ich lobe&hellip;\n","protected":false},"author":2,"featured_media":497144,"comment_status":"","ping_status":"","sticky":false,"template":"","format":"standard","meta":{"footnotes":""},"categories":[2],"tags":[16927,22714,29,106,124598,738,30,13,6555,14,6000,15,16,12,10,8,9,11,64,580,4397],"class_list":{"0":"post-497143","1":"post","2":"type-post","3":"status-publish","4":"format-standard","5":"has-post-thumbnail","7":"category-deutschland","8":"tag-anerkennung","9":"tag-bill-clinton","10":"tag-deutschland","11":"tag-donald-trump","12":"tag-gazafriedensplan","13":"tag-gazastreifen","14":"tag-germany","15":"tag-headlines","16":"tag-joe-biden","17":"tag-nachrichten","18":"tag-nahost","19":"tag-news","20":"tag-politik","21":"tag-schlagzeilen","22":"tag-top-news","23":"tag-top-meldungen","24":"tag-topmeldungen","25":"tag-topnews","26":"tag-usa","27":"tag-waffenruhe","28":"tag-x"},"share_on_mastodon":{"url":"https:\/\/pubeurope.com\/@de\/115370718844573295","error":""},"_links":{"self":[{"href":"https:\/\/www.europesays.com\/de\/wp-json\/wp\/v2\/posts\/497143","targetHints":{"allow":["GET"]}}],"collection":[{"href":"https:\/\/www.europesays.com\/de\/wp-json\/wp\/v2\/posts"}],"about":[{"href":"https:\/\/www.europesays.com\/de\/wp-json\/wp\/v2\/types\/post"}],"author":[{"embeddable":true,"href":"https:\/\/www.europesays.com\/de\/wp-json\/wp\/v2\/users\/2"}],"replies":[{"embeddable":true,"href":"https:\/\/www.europesays.com\/de\/wp-json\/wp\/v2\/comments?post=497143"}],"version-history":[{"count":0,"href":"https:\/\/www.europesays.com\/de\/wp-json\/wp\/v2\/posts\/497143\/revisions"}],"wp:featuredmedia":[{"embeddable":true,"href":"https:\/\/www.europesays.com\/de\/wp-json\/wp\/v2\/media\/497144"}],"wp:attachment":[{"href":"https:\/\/www.europesays.com\/de\/wp-json\/wp\/v2\/media?parent=497143"}],"wp:term":[{"taxonomy":"category","embeddable":true,"href":"https:\/\/www.europesays.com\/de\/wp-json\/wp\/v2\/categories?post=497143"},{"taxonomy":"post_tag","embeddable":true,"href":"https:\/\/www.europesays.com\/de\/wp-json\/wp\/v2\/tags?post=497143"}],"curies":[{"name":"wp","href":"https:\/\/api.w.org\/{rel}","templated":true}]}}