{"id":497169,"date":"2025-10-14T05:05:21","date_gmt":"2025-10-14T05:05:21","guid":{"rendered":"https:\/\/www.europesays.com\/de\/497169\/"},"modified":"2025-10-14T05:05:21","modified_gmt":"2025-10-14T05:05:21","slug":"enger-ermittlungen-zu-nazi-schmierereien-erfolglos","status":"publish","type":"post","link":"https:\/\/www.europesays.com\/de\/497169\/","title":{"rendered":"Enger: Ermittlungen zu Nazi-Schmierereien erfolglos"},"content":{"rendered":"<p>Die Schuldigen f\u00fcr die Nazi-Schmierereien am Widukind-Gymnasium in Enger bleiben wohl unerkannt. Die Bielefelder Staatsanwaltschaft hat ihre Ermittlungen in diesem Fall eingestellt, schreibt die Neue Westf\u00e4lische.<\/p>\n<p>Schmierereien mit rechtsextremen Parolen<\/p>\n<p>Ende Januar hatten Unbekannte gro\u00dffl\u00e4chig W\u00e4nde der Schule mit rechtsextremen Nazi-Parolen bespr\u00fcht. Diese Parolen richteten sich nicht nur gegen Menschen mit Migrationshintergrund, sondern auch gegen Gr\u00fcnen-Politiker und Transmenschen.<\/p>\n<p>Reaktion der Sch\u00fclerschaft<\/p>\n<p>Die Sch\u00fclerinnen und Sch\u00fcler hatten damals mit einer spontanen Kundgebung darauf reagiert.<\/p>\n","protected":false},"excerpt":{"rendered":"Die Schuldigen f\u00fcr die Nazi-Schmierereien am Widukind-Gymnasium in Enger bleiben wohl unerkannt. Die Bielefelder Staatsanwaltschaft hat ihre Ermittlungen&hellip;\n","protected":false},"author":2,"featured_media":497170,"comment_status":"","ping_status":"","sticky":false,"template":"","format":"standard","meta":{"footnotes":""},"categories":[1841],"tags":[1605,3364,29,39340,30,124602,1209,16,770],"class_list":{"0":"post-497169","1":"post","2":"type-post","3":"status-publish","4":"format-standard","5":"has-post-thumbnail","7":"category-bielefeld","8":"tag-bielefeld","9":"tag-de","10":"tag-deutschland","11":"tag-enger","12":"tag-germany","13":"tag-neue-westfaelische","14":"tag-nordrhein-westfalen","15":"tag-politik","16":"tag-rechtsextremismus"},"share_on_mastodon":{"url":"https:\/\/pubeurope.com\/@de\/115370781897419947","error":""},"_links":{"self":[{"href":"https:\/\/www.europesays.com\/de\/wp-json\/wp\/v2\/posts\/497169","targetHints":{"allow":["GET"]}}],"collection":[{"href":"https:\/\/www.europesays.com\/de\/wp-json\/wp\/v2\/posts"}],"about":[{"href":"https:\/\/www.europesays.com\/de\/wp-json\/wp\/v2\/types\/post"}],"author":[{"embeddable":true,"href":"https:\/\/www.europesays.com\/de\/wp-json\/wp\/v2\/users\/2"}],"replies":[{"embeddable":true,"href":"https:\/\/www.europesays.com\/de\/wp-json\/wp\/v2\/comments?post=497169"}],"version-history":[{"count":0,"href":"https:\/\/www.europesays.com\/de\/wp-json\/wp\/v2\/posts\/497169\/revisions"}],"wp:featuredmedia":[{"embeddable":true,"href":"https:\/\/www.europesays.com\/de\/wp-json\/wp\/v2\/media\/497170"}],"wp:attachment":[{"href":"https:\/\/www.europesays.com\/de\/wp-json\/wp\/v2\/media?parent=497169"}],"wp:term":[{"taxonomy":"category","embeddable":true,"href":"https:\/\/www.europesays.com\/de\/wp-json\/wp\/v2\/categories?post=497169"},{"taxonomy":"post_tag","embeddable":true,"href":"https:\/\/www.europesays.com\/de\/wp-json\/wp\/v2\/tags?post=497169"}],"curies":[{"name":"wp","href":"https:\/\/api.w.org\/{rel}","templated":true}]}}