{"id":497180,"date":"2025-10-14T05:11:24","date_gmt":"2025-10-14T05:11:24","guid":{"rendered":"https:\/\/www.europesays.com\/de\/497180\/"},"modified":"2025-10-14T05:11:24","modified_gmt":"2025-10-14T05:11:24","slug":"ukraine-news-selenskij-will-mit-trump-ueber-marschflugkoerper-verhandeln-politik","status":"publish","type":"post","link":"https:\/\/www.europesays.com\/de\/497180\/","title":{"rendered":"Ukraine News: Selenskij will mit Trump \u00fcber Marschflugk\u00f6rper verhandeln &#8211; Politik"},"content":{"rendered":"<p>Trump: Lieferung von \u201eTomahawk\u201c-Waffen an Ukraine m\u00f6glichUS-Pr\u00e4sident Donald Trump schlie\u00dft die Lieferung von Marschflugk\u00f6rpern des Typs Tomahawk an die Ukraine nicht aus und will damit den Druck auf Russland erh\u00f6hen. An Bord seiner in den Nahen Osten fliegenden Regierungsmaschine Air Force One sagte Trump zu Journalisten, er wolle mit Russland \u00fcber derartige Lieferungen reden und fragen: \u201eWollen sie (die Russen), dass Tomahawks in ihre Richtung fliegen? Ich glaube nicht.\u201c Er k\u00f6nne den Russen sagen: \u201eH\u00f6rt mal, wenn dieser Krieg nicht beendet wird, werde ich ihnen Tomahawks schicken.\u201c<\/p>\n<p>In den vergangenen Wochen hatte der ukrainische Pr\u00e4sident Wolodimir Selenskij die US-Regierung immer wieder um die Lieferung von Tomahawks gebeten. Deren maximale Reichweite von 2500 Kilometern w\u00fcrde es der ukrainischen Armee erm\u00f6glichen, Ziele wie \u00d6lraffinerien auch im asiatischen Teil Russlands zu beschie\u00dfen.<\/p>\n<p>Er k\u00f6nnte sagen, dass Marschflugk\u00f6rper dieses Typs eine unglaubliche, eine sehr offensive Waffe seien, sagte Trump. \u201eUnd, ehrlich gesagt, braucht Russland das nicht.\u201c Er denke, er werde mit der russischen Seite dar\u00fcber sprechen, und habe das auch dem ukrainischen Pr\u00e4sidenten Selenskij gesagt. Die Lieferung von Tomahawks w\u00e4re \u201eein neuer Schritt der Aggression\u201c, erkl\u00e4rte Trump. Er halte es dennoch f\u00fcr angebracht, diese M\u00f6glichkeit anzusprechen, denn: \u201eIch m\u00f6chte, dass der Krieg beendet wird.\u201c<\/p>\n<p>Vor Trumps \u00c4u\u00dferungen an Bord der Air Force One hatte Selenskij nach einem Gespr\u00e4ch mit ihm berichtet, beide h\u00e4tten \u00fcber Patriot-Flugabwehrsysteme und Tomahawks gesprochen. \u201eWir sehen und h\u00f6ren, dass Russland Angst hat, dass die Amerikaner uns \u201aTomahawks\u2018 geben k\u00f6nnten\u201c, schrieb Selenskij auf der Plattform Telegram. Das sei ein Signal, \u201edass genau dieser Druck f\u00fcr den Frieden wirken kann\u201c. Ob konkrete Absprachen zur Lieferung neuer Waffensysteme getroffen wurden, lie\u00df der ukrainische Pr\u00e4sident offen.<\/p>\n","protected":false},"excerpt":{"rendered":"Trump: Lieferung von \u201eTomahawk\u201c-Waffen an Ukraine m\u00f6glichUS-Pr\u00e4sident Donald Trump schlie\u00dft die Lieferung von Marschflugk\u00f6rpern des Typs Tomahawk an&hellip;\n","protected":false},"author":2,"featured_media":497181,"comment_status":"","ping_status":"","sticky":false,"template":"","format":"standard","meta":{"footnotes":""},"categories":[4013],"tags":[331,332,147,106,13,6471,1435,148,14,1159,15,16,6472,4043,4044,850,307,12,6473,149,317,6474,306,6475,107],"class_list":{"0":"post-497180","1":"post","2":"type-post","3":"status-publish","4":"format-standard","5":"has-post-thumbnail","7":"category-russland","8":"tag-aktuelle-nachrichten","9":"tag-aktuelle-news","10":"tag-ausland","11":"tag-donald-trump","12":"tag-headlines","13":"tag-hilfe-fuer-die-ukraine","14":"tag-krieg-in-der-ukraine","15":"tag-leserdiskussion","16":"tag-nachrichten","17":"tag-nato","18":"tag-news","19":"tag-politik","20":"tag-politik-russland","21":"tag-russia","22":"tag-russian-federation","23":"tag-russische-foederation","24":"tag-russland","25":"tag-schlagzeilen","26":"tag-sicherheitspolitik","27":"tag-sueddeutsche-zeitung","28":"tag-ukraine","29":"tag-waffenlieferungen","30":"tag-wladimir-putin","31":"tag-wolodimir-selenskij","32":"tag-wolodymyr-selenskyj"},"share_on_mastodon":{"url":"https:\/\/pubeurope.com\/@de\/115370805457010821","error":""},"_links":{"self":[{"href":"https:\/\/www.europesays.com\/de\/wp-json\/wp\/v2\/posts\/497180","targetHints":{"allow":["GET"]}}],"collection":[{"href":"https:\/\/www.europesays.com\/de\/wp-json\/wp\/v2\/posts"}],"about":[{"href":"https:\/\/www.europesays.com\/de\/wp-json\/wp\/v2\/types\/post"}],"author":[{"embeddable":true,"href":"https:\/\/www.europesays.com\/de\/wp-json\/wp\/v2\/users\/2"}],"replies":[{"embeddable":true,"href":"https:\/\/www.europesays.com\/de\/wp-json\/wp\/v2\/comments?post=497180"}],"version-history":[{"count":0,"href":"https:\/\/www.europesays.com\/de\/wp-json\/wp\/v2\/posts\/497180\/revisions"}],"wp:featuredmedia":[{"embeddable":true,"href":"https:\/\/www.europesays.com\/de\/wp-json\/wp\/v2\/media\/497181"}],"wp:attachment":[{"href":"https:\/\/www.europesays.com\/de\/wp-json\/wp\/v2\/media?parent=497180"}],"wp:term":[{"taxonomy":"category","embeddable":true,"href":"https:\/\/www.europesays.com\/de\/wp-json\/wp\/v2\/categories?post=497180"},{"taxonomy":"post_tag","embeddable":true,"href":"https:\/\/www.europesays.com\/de\/wp-json\/wp\/v2\/tags?post=497180"}],"curies":[{"name":"wp","href":"https:\/\/api.w.org\/{rel}","templated":true}]}}