{"id":497297,"date":"2025-10-14T06:17:12","date_gmt":"2025-10-14T06:17:12","guid":{"rendered":"https:\/\/www.europesays.com\/de\/497297\/"},"modified":"2025-10-14T06:17:12","modified_gmt":"2025-10-14T06:17:12","slug":"viersen-wird-fahrradfreundliche-stadt-welle-niederrhein","status":"publish","type":"post","link":"https:\/\/www.europesays.com\/de\/497297\/","title":{"rendered":"Viersen wird fahrradfreundliche Stadt &#8211; Welle Niederrhein"},"content":{"rendered":"<p class=\"small date article__date\">Ver\u00f6ffentlicht:\u00a0Dienstag, 14.10.2025 06:44<\/p>\n<p>Viersen ist jetzt offiziell eine fu\u00dfg\u00e4nger- und fahrradfreundliche Stadt. Die Mitgliedschaft bringt neue F\u00f6rderm\u00f6glichkeiten und st\u00e4rkt die Mobilit\u00e4tsstrategie.<\/p>\n<p><img decoding=\"async\" alt=\"\" src=\"https:\/\/www.europesays.com\/de\/wp-content\/uploads\/2025\/10\/fahrrad.jpg&#038;crop=0x1071x3024x1890&#038;resize=1280x800&#038;dt=201906111852490.jpeg\" data-size=\"1280x800\"\/><\/p>\n<p>Die Stadt Viersen ist nun offiziell als fu\u00dfg\u00e4nger- und fahrradfreundliche Stadt anerkannt. Die Arbeitsgemeinschaft \u201eFu\u00dfg\u00e4nger- und fahrradfreundliche St\u00e4dte in NRW\u201c hat Viersen in ihre Reihen aufgenommen. Mit der Mitgliedschaft erh\u00e4lt die Stadt nicht nur einen neuen Titel, sondern auch Zugang zu zus\u00e4tzlichen F\u00f6rderm\u00f6glichkeiten.<\/p>\n<p>Eine Kommission pr\u00fcfte die Aufnahmekriterien bei einer Radtour und einem Fu\u00dfrundgang durch die Stadt. Besonders hervorgehoben wurde das strategische Vorgehen der Stra\u00dfenverkehrsbeh\u00f6rde. B\u00fcrgermeisterin Sabine Anem\u00fcller zeigte sich erfreut \u00fcber die Aufnahme und betonte, dass die Stadt die Mitgliedschaft nutzen wolle, um die Bedingungen f\u00fcr Fu\u00dfg\u00e4nger und Radfahrer weiter zu verbessern.<\/p>\n<p>Die offizielle Aufnahme durch den Landesverkehrsminister Oliver Krischer soll in K\u00fcrze erfolgen.<\/p>\n","protected":false},"excerpt":{"rendered":"Ver\u00f6ffentlicht:\u00a0Dienstag, 14.10.2025 06:44 Viersen ist jetzt offiziell eine fu\u00dfg\u00e4nger- und fahrradfreundliche Stadt. Die Mitgliedschaft bringt neue F\u00f6rderm\u00f6glichkeiten und&hellip;\n","protected":false},"author":2,"featured_media":497298,"comment_status":"","ping_status":"","sticky":false,"template":"","format":"standard","meta":{"footnotes":""},"categories":[1849],"tags":[3364,29,548,663,3934,30,13,4455,14,15,3716,1209,12],"class_list":{"0":"post-497297","1":"post","2":"type-post","3":"status-publish","4":"format-standard","5":"has-post-thumbnail","7":"category-moenchengladbach","8":"tag-de","9":"tag-deutschland","10":"tag-eu","11":"tag-europa","12":"tag-europe","13":"tag-germany","14":"tag-headlines","15":"tag-moenchengladbach","16":"tag-nachrichten","17":"tag-news","18":"tag-niederrhein","19":"tag-nordrhein-westfalen","20":"tag-schlagzeilen"},"share_on_mastodon":{"url":"https:\/\/pubeurope.com\/@de\/115371065424021613","error":""},"_links":{"self":[{"href":"https:\/\/www.europesays.com\/de\/wp-json\/wp\/v2\/posts\/497297","targetHints":{"allow":["GET"]}}],"collection":[{"href":"https:\/\/www.europesays.com\/de\/wp-json\/wp\/v2\/posts"}],"about":[{"href":"https:\/\/www.europesays.com\/de\/wp-json\/wp\/v2\/types\/post"}],"author":[{"embeddable":true,"href":"https:\/\/www.europesays.com\/de\/wp-json\/wp\/v2\/users\/2"}],"replies":[{"embeddable":true,"href":"https:\/\/www.europesays.com\/de\/wp-json\/wp\/v2\/comments?post=497297"}],"version-history":[{"count":0,"href":"https:\/\/www.europesays.com\/de\/wp-json\/wp\/v2\/posts\/497297\/revisions"}],"wp:featuredmedia":[{"embeddable":true,"href":"https:\/\/www.europesays.com\/de\/wp-json\/wp\/v2\/media\/497298"}],"wp:attachment":[{"href":"https:\/\/www.europesays.com\/de\/wp-json\/wp\/v2\/media?parent=497297"}],"wp:term":[{"taxonomy":"category","embeddable":true,"href":"https:\/\/www.europesays.com\/de\/wp-json\/wp\/v2\/categories?post=497297"},{"taxonomy":"post_tag","embeddable":true,"href":"https:\/\/www.europesays.com\/de\/wp-json\/wp\/v2\/tags?post=497297"}],"curies":[{"name":"wp","href":"https:\/\/api.w.org\/{rel}","templated":true}]}}