{"id":497351,"date":"2025-10-14T06:48:13","date_gmt":"2025-10-14T06:48:13","guid":{"rendered":"https:\/\/www.europesays.com\/de\/497351\/"},"modified":"2025-10-14T06:48:13","modified_gmt":"2025-10-14T06:48:13","slug":"respekt-hat-effekt-vag-verkehrs-aktiengesellschaft-nuernberg","status":"publish","type":"post","link":"https:\/\/www.europesays.com\/de\/497351\/","title":{"rendered":"Respekt hat Effekt | VAG Verkehrs-Aktiengesellschaft N\u00fcrnberg"},"content":{"rendered":"<p>&#13;<br \/>\n                                    &#13;<br \/>\n                                        14.10.2025&#13;<br \/>\n                                    &#13;\n                                <\/p>\n<p>\u201eRespekt hat Effekt\u201c \u2013 mit diesem Slogan wirbt die Stadt N\u00fcrnberg in den n\u00e4chsten drei Jahren f\u00fcr ein besseres Miteinander, mehr gegenseitige R\u00fccksicht im Stra\u00dfenverkehr, egal, wo und wie sich die Wege kreuzen.<\/p>\n<p>Wir unterst\u00fctzen diese Kampagne und stellen beispielsweise die Fl\u00e4che einer Stra\u00dfenbahn f\u00fcr die Kampagnenwerbung zur Verf\u00fcgung. Auch im Fahrgastfernsehen ist der Werbespot der Kampagne zu sehen. Die Botschaften werden auch \u00fcber Gro\u00dffl\u00e4chenplakate, Litfa\u00dfs\u00e4ulen und Social Media sowie Postkarten verbreitet. N\u00e4chstes Jahr wird zudem Werbung auf Bussen folgen.\u00a0<\/p>\n<p>Ziel der Kampagne \u201eRespekt mit Effekt\u201c<\/p>\n<p>Ziel ist es, B\u00fcrgerinnen und B\u00fcrger f\u00fcr ein gutes Miteinander zu sensibilisieren \u2013 ob zu Fu\u00df, auf dem Rad, im Auto oder mit Bus und Bahn. Der Hintergrund ist dabei durchaus ernst: Die Stadt m\u00f6chte, die Zahl der Verletzten und auch Toten N\u00fcrnberger Stra\u00dfenverkehr reduzieren, idealerweise auf Null bringen. Im letzten Jahr kamen elf Personen im ums Leben \u2013 die h\u00f6chste Zahl in den letzten f\u00fcnf Jahren. Au\u00dferdem wurden 236 Personen schwer verletzt. Die \u201aVision Zero\u2018 ist \u00fcbrigens im Mobilit\u00e4tsbeschluss der Stadt verankert.\u00a0<br \/>Respekt- und r\u00fccksichtsvolles Verhalten auf allen Wegen \u2013 damit N\u00fcrnberg gut ankommt. Das ist die Botschaft der Kampagne. Sie wird \u00fcber drei Jahre laufen und sich immer wieder Aspekte vornehmen. Beispielsweise das Thema \u201eElterntaxis\u201c und Verkehrssicherheit vor Schulen noch im Oktober.\u00a0<br \/>Im November legt die Kampagne ihren Fokus auf \u201eBeleuchtung und Sichtbarkeit\u201c. Um f\u00fcr die anstehende dunkle Jahreszeit besser vorbereitet zu sein, richtet sie sich insbesondere an Radfahrende und Zufu\u00dfgehende.\u00a0<br \/>Weitere Themen sind unter anderem das Parken und Halten auf Geh- und Radwegen, evtl. in zweiter Reihe, und angemessene Geschwindigkeit im Stadtverkehr.<\/p>\n<p>Mehr Informationen<br \/>Alle Informationen rund um die Kampagne \u201eRespekt hat Effekt\u201c finden Sie auf der <a href=\"http:\/\/go.nuernberg.de\/respekt\" target=\"_blank\" title=\"zur Projektseite &quot;Respekt mit Effekt&quot;\" rel=\"noreferrer nofollow noopener\">Projektseite<\/a>, in unserem <a href=\"https:\/\/blog.vag.de\/einblick\/respekt-hat-effekt-kampagne-fuer-mehr-ruecksicht\/\" target=\"_blank\" title=\"zum Blogbeitrag &quot;Respekt hat Effekt&quot;\" rel=\"noreferrer nofollow noopener\">Blog-Beitrag<\/a>. Zudem k\u00f6nnen Sie den dazugeh\u00f6rigen <a href=\"https:\/\/www.nuernberg.de\/internet\/verkehrsplanung\/mobilitaetsbeschluss.html\" target=\"_blank\" title=\"zum Mobilit\u00e4tsbeschluss\" rel=\"noreferrer nofollow noopener\">Mobilit\u00e4tsbeschluss<\/a> online nachlesen.<\/p>\n","protected":false},"excerpt":{"rendered":"&#13; &#13; 14.10.2025&#13; &#13; \u201eRespekt hat Effekt\u201c \u2013 mit diesem Slogan wirbt die Stadt N\u00fcrnberg in den n\u00e4chsten&hellip;\n","protected":false},"author":2,"featured_media":497352,"comment_status":"","ping_status":"","sticky":false,"template":"","format":"standard","meta":{"footnotes":""},"categories":[1837],"tags":[772,3364,29,30,3783],"class_list":{"0":"post-497351","1":"post","2":"type-post","3":"status-publish","4":"format-standard","5":"has-post-thumbnail","7":"category-nuernberg","8":"tag-bayern","9":"tag-de","10":"tag-deutschland","11":"tag-germany","12":"tag-nuernberg"},"share_on_mastodon":{"url":"https:\/\/pubeurope.com\/@de\/115371186844963035","error":""},"_links":{"self":[{"href":"https:\/\/www.europesays.com\/de\/wp-json\/wp\/v2\/posts\/497351","targetHints":{"allow":["GET"]}}],"collection":[{"href":"https:\/\/www.europesays.com\/de\/wp-json\/wp\/v2\/posts"}],"about":[{"href":"https:\/\/www.europesays.com\/de\/wp-json\/wp\/v2\/types\/post"}],"author":[{"embeddable":true,"href":"https:\/\/www.europesays.com\/de\/wp-json\/wp\/v2\/users\/2"}],"replies":[{"embeddable":true,"href":"https:\/\/www.europesays.com\/de\/wp-json\/wp\/v2\/comments?post=497351"}],"version-history":[{"count":0,"href":"https:\/\/www.europesays.com\/de\/wp-json\/wp\/v2\/posts\/497351\/revisions"}],"wp:featuredmedia":[{"embeddable":true,"href":"https:\/\/www.europesays.com\/de\/wp-json\/wp\/v2\/media\/497352"}],"wp:attachment":[{"href":"https:\/\/www.europesays.com\/de\/wp-json\/wp\/v2\/media?parent=497351"}],"wp:term":[{"taxonomy":"category","embeddable":true,"href":"https:\/\/www.europesays.com\/de\/wp-json\/wp\/v2\/categories?post=497351"},{"taxonomy":"post_tag","embeddable":true,"href":"https:\/\/www.europesays.com\/de\/wp-json\/wp\/v2\/tags?post=497351"}],"curies":[{"name":"wp","href":"https:\/\/api.w.org\/{rel}","templated":true}]}}