{"id":497354,"date":"2025-10-14T06:50:19","date_gmt":"2025-10-14T06:50:19","guid":{"rendered":"https:\/\/www.europesays.com\/de\/497354\/"},"modified":"2025-10-14T06:50:19","modified_gmt":"2025-10-14T06:50:19","slug":"zahl-der-studenten-sinkt-mehr-erstsemester","status":"publish","type":"post","link":"https:\/\/www.europesays.com\/de\/497354\/","title":{"rendered":"Zahl der Studenten sinkt \u2013 mehr Erstsemester"},"content":{"rendered":"<p>Neues Semester startet <\/p>\n<p>Mehr Erstis, aber die Uni Hannover schrumpft<\/p>\n<p>14.10.2025 &#8211; 08:09 UhrLesedauer: 1 Min.<\/p>\n<p><a href=\"#focus-0\" class=\"transition-colors duration-200 block text-current relative\" data-sctrack=\"FocusGalleryImage.Reference\"><img fetchpriority=\"high\" data-testid=\"Opener.Image\" style=\"--lqipURL:url('https:\/\/images.t-online.de\/2025\/10\/JG1IQ8h-b02U\/412x93:3225x1814\/fit-in\/150x0\/filters:blur(25)\/das-welfenschloss-der-leibniz-universitaet-hannover-archivbild-fast-6000-erstsemester-starten-im-herbst-2025-in-ihr-studium.jpg')\"   loading=\"eager\" src=\"https:\/\/www.europesays.com\/de\/wp-content\/uploads\/2025\/10\/das-welfenschloss-der-leibniz-universitaet-hannover-archivbild-fast-6000-erstsemester-starten-im-her.jpeg\" alt=\"Das Welfenschloss der Leibniz Universit\u00e4t Hannover (Archivbild): Fast 6.000 Erstsemester starten im Herbst 2025 in ihr Studium.\" title=\"Das Welfenschloss der Leibniz Universit\u00e4t Hannover (Archivbild): Fast 6.000 Erstsemester starten im Herbst 2025 in ihr Studium.\" width=\"3225\" height=\"1814\" class=\"bg-[url:var(--lqipURL)] bg-cover bg-center flex h-full w-full max-w-full\" decoding=\"async\"\/><img style=\"--width:32;--height:32\" loading=\"lazy\" src=\"https:\/\/www.t-online.de\/s\/paper\/_next\/static\/media\/zoom-in.f7dae02f.svg\" alt=\"Vergr\u00f6\u00dfern des Bildes\" title=\"Vergr\u00f6\u00dfern des Bildes\" class=\"block h-[calc(var(--height)_\/_16_*_1rem)] w-[calc(var(--width)_\/_16_*_1rem)] max-w-none absolute bottom-8 right-8 rounded-4 bg-snow p-8\" decoding=\"async\"\/><\/a><\/p>\n<p>Das Welfenschloss der Leibniz Universit\u00e4t Hannover (Archivbild): Fast 6.000 Erstsemester starten im Herbst 2025 in ihr Studium. (Quelle: IMAGO\/imageBROKER\/Stefan Ziese)<\/p>\n<p class=\"font-bold text-18 leading-17\">Rund 6.000 Erstsemester starten in diesem Herbst an der Leibniz Universit\u00e4t Hannover. Trotzdem geht die Zahl der Studierenden zur\u00fcck.<\/p>\n<p class=\"text-18 leading-17\">Die Leibniz Universit\u00e4t <a class=\"transition-colors duration-200 cursor-pointer text-inherit no-underline text-salemsfur md:hover:text-magenta md:hover:border-magenta md:focus:text-magenta border-current border-b border-solid break-words\" href=\"https:\/\/www.t-online.de\/region\/hannover\/\" data-sctrack=\"BodyAnchor\" rel=\"nofollow noopener\" target=\"_blank\">Hannover<\/a> (LUH) meldet f\u00fcr das Wintersemester 2025\/26 einen Anstieg der Erstsemesterzahlen auf 5.855. Wie die Hochschule mitteilte, bedeutet das ein Plus von vier Prozent im Vergleich zum Vorjahr.<\/p>\n<p class=\"text-18 leading-17\">Gleichzeitig sinkt die Gesamtzahl der Studierenden auf rund 25.300. Im Vorjahr waren es noch 26.079. Der Grund: Aktuell verlassen starke Abschlussjahrg\u00e4nge die Hochschule, w\u00e4hrend weniger neue Studierende nachr\u00fccken.<\/p>\n<p class=\"text-18 leading-17\">In den 31 Bachelorstudieng\u00e4ngen und im Jurastudium starten 4.003 Erstsemester \u2013 sechs Prozent mehr als im Vorjahr. Besonders gefragt sind der F\u00e4cher\u00fcbergreifende Bachelor (624 Studierende), Wirtschaftswissenschaft (512) und Rechtswissenschaften (415).<\/p>\n<p class=\"text-18 leading-17\">F\u00fcr ein Masterstudium haben sich 1.852 Studierende eingeschrieben \u2013 etwas mehr als im Vorjahr. Viele Einschreibungen gab es f\u00fcr das Lehramt an Gymnasien (261), Lehramt Sonderp\u00e4dagogik (176) und Wirtschaftswissenschaft (147).<\/p>\n<p class=\"text-18 leading-17\">Aktuell sind 3.447 internationale Studierende eingeschrieben \u2013 weniger als im Vorjahr (3.790). Die meisten kommen aus <a class=\"transition-colors duration-200 cursor-pointer text-inherit no-underline text-salemsfur md:hover:text-magenta md:hover:border-magenta md:focus:text-magenta border-current border-b border-solid break-words\" href=\"https:\/\/www.t-online.de\/themen\/china\/\" data-sctrack=\"BodyAnchor\" rel=\"nofollow noopener\" target=\"_blank\">China<\/a> (453), <a class=\"transition-colors duration-200 cursor-pointer text-inherit no-underline text-salemsfur md:hover:text-magenta md:hover:border-magenta md:focus:text-magenta border-current border-b border-solid break-words\" href=\"https:\/\/www.t-online.de\/themen\/indien\/\" data-sctrack=\"BodyAnchor\" rel=\"nofollow noopener\" target=\"_blank\">Indien<\/a> (441), <a class=\"transition-colors duration-200 cursor-pointer text-inherit no-underline text-salemsfur md:hover:text-magenta md:hover:border-magenta md:focus:text-magenta border-current border-b border-solid break-words\" href=\"https:\/\/www.t-online.de\/themen\/iran\/\" data-sctrack=\"BodyAnchor\" rel=\"nofollow noopener\" target=\"_blank\">Iran<\/a> (321), <a class=\"transition-colors duration-200 cursor-pointer text-inherit no-underline text-salemsfur md:hover:text-magenta md:hover:border-magenta md:focus:text-magenta border-current border-b border-solid break-words\" href=\"https:\/\/www.t-online.de\/themen\/tunesien\/\" data-sctrack=\"BodyAnchor\" rel=\"nofollow noopener\" target=\"_blank\">Tunesien<\/a> (276) und <a class=\"transition-colors duration-200 cursor-pointer text-inherit no-underline text-salemsfur md:hover:text-magenta md:hover:border-magenta md:focus:text-magenta border-current border-b border-solid break-words\" href=\"https:\/\/www.t-online.de\/themen\/syrien\/\" data-sctrack=\"BodyAnchor\" rel=\"nofollow noopener\" target=\"_blank\">Syrien<\/a> (202).<\/p>\n<p class=\"text-18 leading-17\">Die Universit\u00e4t weist darauf hin, dass alle Zahlen noch vorl\u00e4ufig sind. Endg\u00fcltige Daten werden Mitte November erwartet, da der Einschreibevorgang teilweise noch l\u00e4uft \u2013 unter anderem wegen laufender Losverfahren.<\/p>\n","protected":false},"excerpt":{"rendered":"Neues Semester startet Mehr Erstis, aber die Uni Hannover schrumpft 14.10.2025 &#8211; 08:09 UhrLesedauer: 1 Min. Das Welfenschloss&hellip;\n","protected":false},"author":2,"featured_media":497355,"comment_status":"","ping_status":"","sticky":false,"template":"","format":"standard","meta":{"footnotes":""},"categories":[1836],"tags":[722,17161,3364,29,30,79388,46,851,2766,1411,17333,79387,5162,124635],"class_list":{"0":"post-497354","1":"post","2":"type-post","3":"status-publish","4":"format-standard","5":"has-post-thumbnail","7":"category-hannover","8":"tag-722","9":"tag-17161","10":"tag-de","11":"tag-deutschland","12":"tag-germany","13":"tag-gottfried-wilhelm-leibniz-universitaet-hannover","14":"tag-hannover","15":"tag-herbst","16":"tag-hochschule","17":"tag-niedersachsen","18":"tag-student","19":"tag-uni-hannover","20":"tag-universitaet","21":"tag-welfenschloss"},"share_on_mastodon":{"url":"https:\/\/pubeurope.com\/@de\/115371195323673957","error":""},"_links":{"self":[{"href":"https:\/\/www.europesays.com\/de\/wp-json\/wp\/v2\/posts\/497354","targetHints":{"allow":["GET"]}}],"collection":[{"href":"https:\/\/www.europesays.com\/de\/wp-json\/wp\/v2\/posts"}],"about":[{"href":"https:\/\/www.europesays.com\/de\/wp-json\/wp\/v2\/types\/post"}],"author":[{"embeddable":true,"href":"https:\/\/www.europesays.com\/de\/wp-json\/wp\/v2\/users\/2"}],"replies":[{"embeddable":true,"href":"https:\/\/www.europesays.com\/de\/wp-json\/wp\/v2\/comments?post=497354"}],"version-history":[{"count":0,"href":"https:\/\/www.europesays.com\/de\/wp-json\/wp\/v2\/posts\/497354\/revisions"}],"wp:featuredmedia":[{"embeddable":true,"href":"https:\/\/www.europesays.com\/de\/wp-json\/wp\/v2\/media\/497355"}],"wp:attachment":[{"href":"https:\/\/www.europesays.com\/de\/wp-json\/wp\/v2\/media?parent=497354"}],"wp:term":[{"taxonomy":"category","embeddable":true,"href":"https:\/\/www.europesays.com\/de\/wp-json\/wp\/v2\/categories?post=497354"},{"taxonomy":"post_tag","embeddable":true,"href":"https:\/\/www.europesays.com\/de\/wp-json\/wp\/v2\/tags?post=497354"}],"curies":[{"name":"wp","href":"https:\/\/api.w.org\/{rel}","templated":true}]}}