{"id":497468,"date":"2025-10-14T07:53:13","date_gmt":"2025-10-14T07:53:13","guid":{"rendered":"https:\/\/www.europesays.com\/de\/497468\/"},"modified":"2025-10-14T07:53:13","modified_gmt":"2025-10-14T07:53:13","slug":"ukraine-krieg-russland-steht-vor-bedeutender-aenderung-bei-mobilisierung-von-soldaten","status":"publish","type":"post","link":"https:\/\/www.europesays.com\/de\/497468\/","title":{"rendered":"Ukraine-Krieg: Russland steht vor bedeutender \u00c4nderung bei Mobilisierung von Soldaten"},"content":{"rendered":"<p>                    Aktive Reserve an die Front<br \/>\n                Russland steht vor &#8222;bedeutender Wende&#8220; bei Mobilisierung von K\u00e4mpfern<\/p>\n<p>\t\t\t\t              14.10.2025, 09:49 Uhr<\/p>\n<p><strong>Mit hohen Pr\u00e4mien lockt der Kreml Freiwillige f\u00fcr die Invasion in der Ukraine. Doch die Dynamik l\u00e4sst vermutlich nach. Nun werden die rechtlichen Bedingungen geschaffen, um die aktive Reserve an die Front schicken zu k\u00f6nnen. Das k\u00f6nnte Kosten sparen, birgt aber auch eine gro\u00dfe Gefahr.<\/strong><\/p>\n<p>Eine Kommission des russischen Ministerkabinetts hat laut Institut f\u00fcr Kriegsstudien (ISW) einen neuen \u00c4nderungsentwurf verabschiedet, der die rechtlichen Hindernisse f\u00fcr den Einsatz von Reservisten im Kampf beseitigt. &#8222;Der Kreml bereitet sich darauf vor, Reservisten schrittweise zu mobilisieren, um erstmals in der Ukraine zu k\u00e4mpfen&#8220;, hei\u00dft es von der US-Denkfabrik. <\/p>\n<p>Das ISW sch\u00e4tzt zugleich ein, dass die Neuregelung nicht gleichbedeutend mit einer gro\u00dfangelegten Mobilisierung ist, um die Gr\u00f6\u00dfe des Milit\u00e4rs drastisch zu erh\u00f6hen. Eine solche Mobilisierung sei unwahrscheinlich, hei\u00dft es. &#8222;Putin verf\u00fcgt bereits \u00fcber die rechtlichen Mechanismen, die er f\u00fcr eine gro\u00dfangelegte einmalige unfreiwillige Mobilisierung in beliebigem Umfang ben\u00f6tigt, und es w\u00e4ren keine \u00c4nderungen erforderlich, um das russische Milit\u00e4r derzeit drastisch zu vergr\u00f6\u00dfern.&#8220;<\/p>\n<p>Dennoch wird in der Neuregelung f\u00fcr die Reservisten eine &#8222;bedeutende Wendung&#8220; in der russischen Strategie gesehen. Bislang setzt der Kreml f\u00fcr die Invasion in der Ukraine vor allem auf die Mobilisierung von Freiwilligen durch hohe Pr\u00e4mien. Laut verschiedener Experten sollen dadurch weiterhin die monatlichen Verluste von Zehntausenden K\u00e4mpfern ausgeglichen werden k\u00f6nnen. Die Dynamik habe jedoch etwas nachgelassen, statt das Ziel der Steigerung der Zahlen zu erreichen. <\/p>\n<p>Das ISW h\u00e4lt es f\u00fcr wahrscheinlich, dass die Rekrutierungszahlen bei Freiwilligen f\u00fcr den Kampf in der Ukraine sinken und der Kreml deswegen den Ansatz verfolgt, eine &#8222;schrittweise Zwangsmobilisierung von Reservisten einzuf\u00fchren, um die Truppenst\u00e4rke angesichts der weiterhin hohen Verluste in der Ukraine aufrechtzuerhalten&#8220;.<\/p>\n<\/p>\n<p>So sieht Russlands aktive Reserve aus <\/p>\n<p>Die US-Denkfabrik gibt unter Berufung auf russische Quellen an, dass die aktive russische Reserve zwei Millionen Mitglieder hat. Es handelt sich demnach um B\u00fcrger, die freiwillig einen Vertrag mit dem russischen Verteidigungsministerium abgeschlossen haben. Sie bleiben bis zu ihrer Einberufung Zivilisten und erhalten eine finanzielle Entsch\u00e4digung f\u00fcr ihre T\u00e4tigkeit in der Reserve. Dazu geh\u00f6rt die Teilnahme an \u00dcbungen. Im Falle einer Mobilmachung m\u00fcssen sich Reservisten bei den Wehrersatz\u00e4mtern melden.<\/p>\n<p>Der Kreml dr\u00fcckt sich allerdings seit Jahren um eine gro\u00dfangelegte Mobilisierung, die in der Bev\u00f6lkerung unbeliebt ist. Zudem wird offiziell auch nicht von einem Krieg gegen die Ukraine gesprochen, sondern lediglich von einer &#8222;Spezialoperation&#8220;. Da ohne Mobilisierung rechtlich gesehen aber keine Reservisten einberufen werden k\u00f6nnen, strebt der Kreml nun die Neuregelung an, um diese doch an die Front zu holen.<\/p>\n<p>Aktive Reservisten in den Kampf zu schicken und weniger Freiwillige mit hohen Pr\u00e4mien zu locken, hat laut ISW den Vorteil, hohe Kosten zu sparen. Eine gro\u00dfe Gefahr wird jedoch im m\u00f6glichen Unmut in der russischen Bev\u00f6lkerung gesehen. &#8222;Der Kreml wird die mobilisierten Reservisten wahrscheinlich f\u00e4lschlicherweise als Mitglieder der Berufsreserve darstellen, die sich freiwillig zum Kampf in der Ukraine gemeldet haben, um zu verhindern, dass die russische Gesellschaft sich gegen einen verst\u00e4rkten Einsatz mobilisierter Reservisten ausspricht&#8220;.<\/p>\n","protected":false},"excerpt":{"rendered":"Aktive Reserve an die Front Russland steht vor &#8222;bedeutender Wende&#8220; bei Mobilisierung von K\u00e4mpfern 14.10.2025, 09:49 Uhr Mit&hellip;\n","protected":false},"author":2,"featured_media":497469,"comment_status":"","ping_status":"","sticky":false,"template":"","format":"standard","meta":{"footnotes":""},"categories":[4013],"tags":[331,332,661,13,929,451,14,15,16,4043,4044,850,307,12],"class_list":{"0":"post-497468","1":"post","2":"type-post","3":"status-publish","4":"format-standard","5":"has-post-thumbnail","7":"category-russland","8":"tag-aktuelle-nachrichten","9":"tag-aktuelle-news","10":"tag-angriff-auf-die-ukraine","11":"tag-headlines","12":"tag-kriege-und-konflikte","13":"tag-militaer","14":"tag-nachrichten","15":"tag-news","16":"tag-politik","17":"tag-russia","18":"tag-russian-federation","19":"tag-russische-foederation","20":"tag-russland","21":"tag-schlagzeilen"},"share_on_mastodon":{"url":"https:\/\/pubeurope.com\/@de\/115371442535122256","error":""},"_links":{"self":[{"href":"https:\/\/www.europesays.com\/de\/wp-json\/wp\/v2\/posts\/497468","targetHints":{"allow":["GET"]}}],"collection":[{"href":"https:\/\/www.europesays.com\/de\/wp-json\/wp\/v2\/posts"}],"about":[{"href":"https:\/\/www.europesays.com\/de\/wp-json\/wp\/v2\/types\/post"}],"author":[{"embeddable":true,"href":"https:\/\/www.europesays.com\/de\/wp-json\/wp\/v2\/users\/2"}],"replies":[{"embeddable":true,"href":"https:\/\/www.europesays.com\/de\/wp-json\/wp\/v2\/comments?post=497468"}],"version-history":[{"count":0,"href":"https:\/\/www.europesays.com\/de\/wp-json\/wp\/v2\/posts\/497468\/revisions"}],"wp:featuredmedia":[{"embeddable":true,"href":"https:\/\/www.europesays.com\/de\/wp-json\/wp\/v2\/media\/497469"}],"wp:attachment":[{"href":"https:\/\/www.europesays.com\/de\/wp-json\/wp\/v2\/media?parent=497468"}],"wp:term":[{"taxonomy":"category","embeddable":true,"href":"https:\/\/www.europesays.com\/de\/wp-json\/wp\/v2\/categories?post=497468"},{"taxonomy":"post_tag","embeddable":true,"href":"https:\/\/www.europesays.com\/de\/wp-json\/wp\/v2\/tags?post=497468"}],"curies":[{"name":"wp","href":"https:\/\/api.w.org\/{rel}","templated":true}]}}