{"id":497483,"date":"2025-10-14T08:01:16","date_gmt":"2025-10-14T08:01:16","guid":{"rendered":"https:\/\/www.europesays.com\/de\/497483\/"},"modified":"2025-10-14T08:01:16","modified_gmt":"2025-10-14T08:01:16","slug":"neue-grundsicherung-der-irrtum-von-den-knallharten-buergergeld-regeln-welt","status":"publish","type":"post","link":"https:\/\/www.europesays.com\/de\/497483\/","title":{"rendered":"Neue Grundsicherung: Der Irrtum von den \u201eknallharten\u201c B\u00fcrgergeld-Regeln &#8211; WELT"},"content":{"rendered":"<ol>\n<li><a href=\"https:\/\/news.google.com\/rss\/articles\/CBMizwFBVV95cUxPY1dIaWU0RUlQTENmTzdSdXZqdGQwaVM4bVhFYVFTaU5VTWZ1OGZTUUhaaEFyX25lM3paUVFia3JScURoWWhvSkZRNnNPRm15WFpGaVl6Tjd6ZS1KeW94MG5ySlRHV3NsVElleGNTSlkyV2poQW9fWlBvUl93Ry14ZGQ3dUlVdExVT2pmbEpBaXJMd1JIbWNIOWsyaDYyQWw3d0U5Mjd6THhkVElMdURhRzUtUFJWRURtZG5MVWZwalZoa1QxaEZ6dHNGeDhNWjQ?oc=5\" target=\"_blank\" rel=\"nofollow noopener\">Neue Grundsicherung: Der Irrtum von den \u201eknallharten\u201c B\u00fcrgergeld-Regeln<\/a>&nbsp;&nbsp;WELT<\/li>\n<li><a href=\"https:\/\/news.google.com\/rss\/articles\/CBMipAFBVV95cUxNZlJjT1ZqWTRTR2NNLVc4S2lIQW9lRHl0RHhxckk2bWUtZ0RXMWw3Szhud3NrUVl4bXFSekFyU2tfcXVMOUZUcXNnQ21vWXNoNnRXNDkyZmEtMXM1T3hPNDlQVU5hNFJYYTFZcEZUVXlDa1g1Z2lVOU9Bc3FxR2FHTmh4Mm05Tnp6RVlEb1c4MUcwR2ZBRTVJbVhOM3NVbEEycll2Mg?oc=5\" target=\"_blank\" rel=\"nofollow noopener\">Die Regeln beim B\u00fcrgergeld sollen strenger werden. Was \u00e4ndert sich?<\/a>&nbsp;&nbsp;tagesschau.de<\/li>\n<li><a href=\"https:\/\/news.google.com\/rss\/articles\/CBMi4gFBVV95cUxQS3FxUGNmcy04eTFPNW9YelRhMG9VU29KX21MNEFRMDBDMVYtQ1MxZkJCV0IzTGRwYnJjb1dvemlzUjhhaXlYc0dyLVVfU2lkem5fY2lscVFIY21yRFVLMXdnNU5RdjVPMGo5Q2drZVh5RVpXbnlOaHVWYVBMa1NWNGpmdG1TQ3MxVUZsSDJGUHpDR3RXZW12bTJ1aXJzbzFfNHVZZGhNN3l5Q2JFMVNBd2NjSWQ5SmxpRVBOX1AwYTNRWmNvYUlZcVBwT2ZRNDBVdFB6ei1vNVBCcEhlbl90RnVn?oc=5\" target=\"_blank\" rel=\"nofollow noopener\">Th\u00fcringer SPD unzufrieden mit B\u00fcrgergeld-Reform: \u201eGl\u00fccklich sind wir damit nicht\u201c<\/a>&nbsp;&nbsp;Th\u00fcringer Allgemeine<\/li>\n<li><a href=\"https:\/\/news.google.com\/rss\/articles\/CBMisgFBVV95cUxORGZqcS0yNXBUOUMxQk9UaWdlOWUxUlM3Y1lmaWJtbnhNcWx6M2M2WTdNRGlKLWdoSGpyajV6UjcycE5tbkRySDg2SU9DdmJTRkxJZmpwWW8wWWc4aHF0Q2NKeEtBTlZUcjNIdVEwUGFqMVBMNjBDTUJXTy1WMU9ocE5kcl92MjJ3RWVXNWhINHJLTHR1MURlVktScUw4eWJhZGczRXMyaVZEcXEwTVhsRVR3?oc=5\" target=\"_blank\" rel=\"nofollow noopener\">INSA-Umfrage: Gro\u00dfe Mehrheit f\u00fcr St\u00fctze-Streichung<\/a>&nbsp;&nbsp;BILD<\/li>\n<li><a href=\"https:\/\/news.google.com\/rss\/articles\/CBMiowFBVV95cUxQcGRFQm5rMDllQmRtRlZMVGZNNE0zWmg1Tzl3RFRKSTQ4d0ZWZVUtUGJJUTlrbXRNN01MVUV4S3Jmd2IzRW5Sa05UM0h3ZHpkdDliQ3ZaU0xlVmMyOVBXOGY5MVU4ZE1oSGc2TDlGMFpNem9MOVBjOXZEREh2eGtTRVF2QUF6UmdQOUh1UDl1NDdLc25maDVIWGVCR055VFpzX3Br?oc=5\" target=\"_blank\" rel=\"nofollow noopener\">Kritik aus Bayern \u2013 macht die SPD mit der B\u00fcrgergeld-Reform einen Fehler?<\/a>&nbsp;&nbsp;SZ.de<\/li>\n<\/ol>\n","protected":false},"excerpt":{"rendered":"Neue Grundsicherung: Der Irrtum von den \u201eknallharten\u201c B\u00fcrgergeld-Regeln&nbsp;&nbsp;WELT Die Regeln beim B\u00fcrgergeld sollen strenger werden. Was \u00e4ndert sich?&nbsp;&nbsp;tagesschau.de&hellip;\n","protected":false},"author":2,"featured_media":497484,"comment_status":"","ping_status":"","sticky":false,"template":"","format":"standard","meta":{"footnotes":""},"categories":[5],"tags":[331,332,38107,38106,53530,3364,29,30,122700,13,56294,59183,14,15,12],"class_list":{"0":"post-497483","1":"post","2":"type-post","3":"status-publish","4":"format-standard","5":"has-post-thumbnail","7":"category-nachrichten","8":"tag-aktuelle-nachrichten","9":"tag-aktuelle-news","10":"tag-baerbel","11":"tag-bas","12":"tag-buergergeld-ks","13":"tag-de","14":"tag-deutschland","15":"tag-germany","16":"tag-grundsicherung-ks","17":"tag-headlines","18":"tag-kaiser-tobias","19":"tag-kc_makro","20":"tag-nachrichten","21":"tag-news","22":"tag-schlagzeilen"},"share_on_mastodon":{"url":"https:\/\/pubeurope.com\/@de\/115371474020318239","error":""},"_links":{"self":[{"href":"https:\/\/www.europesays.com\/de\/wp-json\/wp\/v2\/posts\/497483","targetHints":{"allow":["GET"]}}],"collection":[{"href":"https:\/\/www.europesays.com\/de\/wp-json\/wp\/v2\/posts"}],"about":[{"href":"https:\/\/www.europesays.com\/de\/wp-json\/wp\/v2\/types\/post"}],"author":[{"embeddable":true,"href":"https:\/\/www.europesays.com\/de\/wp-json\/wp\/v2\/users\/2"}],"replies":[{"embeddable":true,"href":"https:\/\/www.europesays.com\/de\/wp-json\/wp\/v2\/comments?post=497483"}],"version-history":[{"count":0,"href":"https:\/\/www.europesays.com\/de\/wp-json\/wp\/v2\/posts\/497483\/revisions"}],"wp:featuredmedia":[{"embeddable":true,"href":"https:\/\/www.europesays.com\/de\/wp-json\/wp\/v2\/media\/497484"}],"wp:attachment":[{"href":"https:\/\/www.europesays.com\/de\/wp-json\/wp\/v2\/media?parent=497483"}],"wp:term":[{"taxonomy":"category","embeddable":true,"href":"https:\/\/www.europesays.com\/de\/wp-json\/wp\/v2\/categories?post=497483"},{"taxonomy":"post_tag","embeddable":true,"href":"https:\/\/www.europesays.com\/de\/wp-json\/wp\/v2\/tags?post=497483"}],"curies":[{"name":"wp","href":"https:\/\/api.w.org\/{rel}","templated":true}]}}