{"id":497493,"date":"2025-10-14T08:07:14","date_gmt":"2025-10-14T08:07:14","guid":{"rendered":"https:\/\/www.europesays.com\/de\/497493\/"},"modified":"2025-10-14T08:07:14","modified_gmt":"2025-10-14T08:07:14","slug":"loeffler-immobiliengruppe-aus-franken-gibt-auf-2","status":"publish","type":"post","link":"https:\/\/www.europesays.com\/de\/497493\/","title":{"rendered":"L\u00f6ffler Immobiliengruppe aus Franken gibt auf"},"content":{"rendered":"<p>                                &#8211;                                Erst schreitet die BaFin ein, dann werden Ermittlungen wegen des Verdachts auf Insolvenzverschleppung und Betrug gegen den Gesch\u00e4ftsf\u00fchrer der fr\u00e4nkischen Immobiliengruppe eingeleitet &#8211; nun folgt die Insolvenz.<\/p>\n<p>                Die \u201eL\u00f6ffler Immobiliengruppe GmbH\u201c aus Kammerstein im Landkreis Roth hat nach dem Eingreifen der Bundesanstalt f\u00fcr Finanzaufsicht (BaFin) am 29. September 2025 Insolvenz angemeldet. Vorausgegangen war eine Anordnung der BaFin, die s\u00e4mtliche Kundengelder zur R\u00fcckzahlung verpflichtete. <\/p>\n<p>Laut dem Portal anwalt.de wirft die BaFin der \u201eL\u00f6ffler\u201c-Gruppe vor, unerlaubte Einlagengesch\u00e4fte betrieben zu haben: \u201eViele Anleger hatten ihr Kapital in Form von Nachrangdarlehen investiert, die besonders riskant sind, da sie im Insolvenzfall nachrangig behandelt werden und ein Totalverlust drohen kann\u201c. Daher wurden die Konten eingefroren, was schlie\u00dflich zur Insolvenz der fr\u00e4nkischen Immobiliengruppe f\u00fchrte. Gegen Gesch\u00e4ftsf\u00fchrer J\u00f6rg L\u00f6ffler laufen zudem Ermittlungen wegen des Verdachts auf Insolvenzverschleppung und Betrug, so hei\u00dft es weiter in dem Bericht. <\/p>\n<p>                                                        Anwalts-Portal gibt Tipps f\u00fcr betroffene Anleger<\/p>\n<p>Das Rechtsportal gibt Tipps f\u00fcr betroffene Investoren: Demnach sei es wichtig, dass Anleger, die in Produkte oder Projekte der \u201eL\u00f6ffler Immobiliengruppe\u201c investiert haben, Schadensersatzanspr\u00fcche geltend machen: \u201eBesonders Anlagevermittler k\u00f6nnen haftbar gemacht werden, wenn sie ihre Aufkl\u00e4rungspflichten verletzt haben, insbesondere bei Verst\u00f6\u00dfen gegen das Kreditwesengesetz (KWG).\u201c Neben der Anmeldung ihrer Forderungen zur Insolvenztabelle kommen auch Schadensersatzanspr\u00fcche in Betracht \u2013 besonders dann, wenn Vermittler ihre Informationspflichten verletzt haben, weil diese Anlageform niemals f\u00fcr Anleger geeignet, die eine sichere Anlageform gesucht haben, erkl\u00e4rt Rechtsanwalt Dr. Stephan Greger.<\/p>\n<p>Laut des Portals pleiteticker.info ordnete das Amtsgericht N\u00fcrnberg am 2. Oktober die vorl\u00e4ufige Insolvenzverwaltung \u00fcber das Verm\u00f6gen der \u201eL\u00f6ffler Immobiliengruppe GmbH\u201c an. Zum vorl\u00e4ufigen Insolvenzverwalter wurde Rechtsanwalt Dr. Harald Schwartz aus N\u00fcrnberg bestellt. Er sei demnach damit beauftragt, das verbleibende Verm\u00f6gen zu sichern und zu \u00fcberwachen. S\u00e4mtliche finanziellen Verf\u00fcgungen d\u00fcrfen ab sofort nur noch mit seiner Zustimmung erfolgen.<\/p>\n<p>\u201eMit dieser Ma\u00dfnahme soll verhindert werden, dass Verm\u00f6genswerte der Gesellschaft bis zur endg\u00fcltigen Entscheidung \u00fcber die Verfahrenser\u00f6ffnung ver\u00e4ndert oder beiseitegeschafft werden.\u201c Gl\u00e4ubiger k\u00f6nnen somit ihre Anspr\u00fcche k\u00fcnftig ausschlie\u00dflich im Rahmen des Insolvenzverfahrens geltend machen &#8211; das geordnete Verfahren sei ein Vorteil f\u00fcr die Beteiligten.<\/p>\n<p><strong>Immer topaktuell informiert bleiben \u00fcber die wichtigsten Themen aus der Region?<\/strong> \u00dcber unseren neuen WhatsApp-Kanal erfahren Sie alle Neuigkeiten aus erster Hand.<\/p>\n<p><strong><a href=\"https:\/\/whatsapp.com\/channel\/0029VaEwabi7T8bcjUgA9L3C\" target=\"_blank\" rel=\"nofollow noopener\">Hier<\/a><\/strong> geht es direkt zum WhatsApp-Channel &#8211; eine \u201eSchritt f\u00fcr Schritt\u201c-Anleitung finden Sie <strong><a href=\"https:\/\/www.nordbayern.de\/franken\/direkt-einfach-und-spannend-nachrichten-von-nordbayern-de-bei-whatsapp-erhalten-1.13960000\" target=\"_blank\" rel=\"nofollow noopener\">hier<\/a><\/strong>.<\/p>\n","protected":false},"excerpt":{"rendered":"&#8211; Erst schreitet die BaFin ein, dann werden Ermittlungen wegen des Verdachts auf Insolvenzverschleppung und Betrug gegen den&hellip;\n","protected":false},"author":2,"featured_media":480322,"comment_status":"","ping_status":"","sticky":false,"template":"","format":"standard","meta":{"footnotes":""},"categories":[1837],"tags":[772,3364,29,30,3783],"class_list":{"0":"post-497493","1":"post","2":"type-post","3":"status-publish","4":"format-standard","5":"has-post-thumbnail","7":"category-nuernberg","8":"tag-bayern","9":"tag-de","10":"tag-deutschland","11":"tag-germany","12":"tag-nuernberg"},"share_on_mastodon":{"url":"https:\/\/pubeurope.com\/@de\/115371497823251832","error":""},"_links":{"self":[{"href":"https:\/\/www.europesays.com\/de\/wp-json\/wp\/v2\/posts\/497493","targetHints":{"allow":["GET"]}}],"collection":[{"href":"https:\/\/www.europesays.com\/de\/wp-json\/wp\/v2\/posts"}],"about":[{"href":"https:\/\/www.europesays.com\/de\/wp-json\/wp\/v2\/types\/post"}],"author":[{"embeddable":true,"href":"https:\/\/www.europesays.com\/de\/wp-json\/wp\/v2\/users\/2"}],"replies":[{"embeddable":true,"href":"https:\/\/www.europesays.com\/de\/wp-json\/wp\/v2\/comments?post=497493"}],"version-history":[{"count":0,"href":"https:\/\/www.europesays.com\/de\/wp-json\/wp\/v2\/posts\/497493\/revisions"}],"wp:featuredmedia":[{"embeddable":true,"href":"https:\/\/www.europesays.com\/de\/wp-json\/wp\/v2\/media\/480322"}],"wp:attachment":[{"href":"https:\/\/www.europesays.com\/de\/wp-json\/wp\/v2\/media?parent=497493"}],"wp:term":[{"taxonomy":"category","embeddable":true,"href":"https:\/\/www.europesays.com\/de\/wp-json\/wp\/v2\/categories?post=497493"},{"taxonomy":"post_tag","embeddable":true,"href":"https:\/\/www.europesays.com\/de\/wp-json\/wp\/v2\/tags?post=497493"}],"curies":[{"name":"wp","href":"https:\/\/api.w.org\/{rel}","templated":true}]}}