{"id":497821,"date":"2025-10-14T11:06:18","date_gmt":"2025-10-14T11:06:18","guid":{"rendered":"https:\/\/www.europesays.com\/de\/497821\/"},"modified":"2025-10-14T11:06:18","modified_gmt":"2025-10-14T11:06:18","slug":"s-bahn-stoerungen-bis-20-oktober-bauarbeiten","status":"publish","type":"post","link":"https:\/\/www.europesays.com\/de\/497821\/","title":{"rendered":"S-Bahn-St\u00f6rungen bis 20. Oktober \u2013 Bauarbeiten"},"content":{"rendered":"<p>Bahnarbeiten im Rhein-Main-Gebiet <\/p>\n<p>Flughafen Frankfurt warnt: Hier droht S-Bahn-Chaos<\/p>\n<p>14.10.2025 &#8211; 11:47 UhrLesedauer: 2 Min.<\/p>\n<p><a href=\"#focus-0\" class=\"transition-colors duration-200 block text-current relative\" data-sctrack=\"FocusGalleryImage.Reference\"><img fetchpriority=\"high\" data-testid=\"Opener.Image\" style=\"--lqipURL:url('https:\/\/images.t-online.de\/2024\/09\/R1SQ9vQyyyUD\/0x209:4000x2250\/fit-in\/150x0\/filters:blur(25)\/eine-s-bahn-faehrt-in-frankfurt-archivbild-auch-auf-einzelnen-linien-der-u-bahn-kommt-es-zu-stoerungen.jpg')\"   loading=\"eager\" src=\"https:\/\/www.europesays.com\/de\/wp-content\/uploads\/2025\/04\/eine-s-bahn-faehrt-in-frankfurt-archivbild-auch-auf-einzelnen-linien-der-u-bahn-kommt-es-zu-stoerung.jpeg\" alt=\"Eine S-Bahn f\u00e4hrt in Frankfurt (Archivbild): Auch auf einzelnen Linien der U-Bahn kommt es zu St\u00f6rungen.\" title=\"Eine S-Bahn f\u00e4hrt in Frankfurt (Archivbild): Auch auf einzelnen Linien der U-Bahn kommt es zu St\u00f6rungen.\" width=\"4000\" height=\"2250\" class=\"bg-[url:var(--lqipURL)] bg-cover bg-center flex h-full w-full max-w-full\" decoding=\"async\"\/><img style=\"--width:32;--height:32\" loading=\"lazy\" src=\"https:\/\/frankfurt.t-online.de\/s\/paper\/_next\/static\/media\/zoom-in.f7dae02f.svg\" alt=\"Vergr\u00f6\u00dfern des Bildes\" title=\"Vergr\u00f6\u00dfern des Bildes\" class=\"block h-[calc(var(--height)_\/_16_*_1rem)] w-[calc(var(--width)_\/_16_*_1rem)] max-w-none absolute bottom-8 right-8 rounded-4 bg-snow p-8\" decoding=\"async\"\/><\/a><\/p>\n<p>Eine S-Bahn f\u00e4hrt in Frankfurt (Archivbild): Der Flughafen warnt aktuell vor Einschr\u00e4nkungen. (Quelle: IMAGO\/Zoonar.com\/Markus Mainka)<\/p>\n<p class=\"font-bold text-18 leading-17\">Wegen Bauarbeiten im Offenbacher City-Tunnel kommt es weiter zu Ausf\u00e4llen. Auch nachts sind S-Bahnen eingeschr\u00e4nkt. Das ist bei der Flughafen-Anreise zu beachten.<\/p>\n<p class=\"text-18 leading-17\">Die S-Bahn-Probleme rund um Frankfurt im Rhein-Main-Gebiet sind aktuell eine Geduldsprobe f\u00fcr viele Reisende. Der Flughafen Frankfurt warnt daher nun auch auf seiner Website vor Einschr\u00e4nkungen im S-Bahn-Verkehr. Der Grund: Bis zum Ende der Herbstferien am 20. Oktober um 4:20 Uhr ist der <a class=\"transition-colors duration-200 cursor-pointer text-inherit no-underline text-salemsfur md:hover:text-magenta md:hover:border-magenta md:focus:text-magenta border-current border-b border-solid break-words\" href=\"https:\/\/frankfurt.t-online.de\/region\/frankfurt-am-main\/id_100927048\/frankfurt-offenbach-s-bahn-strecke-in-herbstferien-wieder-gesperrt.html\" data-sctrack=\"BodyAnchor\" target=\"_blank\" rel=\"noopener\">Offenbacher City-Tunnel vollst\u00e4ndig gesperrt<\/a>. Diese Ma\u00dfnahme betrifft auch die An- und Abreise zum Airport.<\/p>\n<p class=\"text-18 leading-17\">Von der Sperrung sind die Linien S1, S2, S8 und S9 betroffen, die auf ge\u00e4nderten Routen oder verk\u00fcrzt fahren. Die S8 wird \u00fcber Frankfurt S\u00fcd und Offenbach-Zentrum umgeleitet, die S9 verkehrt nur zwischen Wiesbaden und Frankfurt Hauptbahnhof und h\u00e4lt derzeit nicht am Flughafen. Auch auf den Strecken der S1 und S2 kommt es zu Unterbrechungen.<\/p>\n<p class=\"text-18 leading-17\">F\u00fcr Fahrg\u00e4ste wurde ein Schienenersatzverkehr mit Bussen eingerichtet, der zwischen Frankfurt Ostendstra\u00dfe und Offenbach Ost pendelt und mehrere Stationen wie Kaiserlei, Ledermuseum und Marktplatz abdeckt. Diese Halte k\u00f6nnen w\u00e4hrend der Bauarbeiten nicht regul\u00e4r bedient werden.<\/p>\n<p class=\"text-18 leading-17\">Parallel zu den Tunnelma\u00dfnahmen f\u00fchren die Deutsche Bahn und der RMV derzeit n\u00e4chtliche Oberleitungsarbeiten westlich des Flughafens durch. Sie dauern t\u00e4glich von 20 Uhr bis 5:30 Uhr und sorgen ebenfalls f\u00fcr Einschr\u00e4nkungen bei den Linien S8 und S9, die zum Flughafen fahren.<\/p>\n<p class=\"text-18 leading-17\">Besonders in den N\u00e4chten vom 16. auf den 17. Oktober sowie vom 19. auf den 20. Oktober entfallen einzelne Streckenabschnitte komplett. So f\u00e4hrt etwa in der Nacht auf Freitag keine S-Bahn zwischen Wiesbaden und Kelsterbach, in der Nacht auf Montag entf\u00e4llt die S9, w\u00e4hrend die S8 ohne Halt in Mainz-Kastel unterwegs ist.<\/p>\n<p class=\"text-18 leading-17\">Der RMV r\u00e4t Reisenden, mehr Zeit f\u00fcr die Anreise zum Flughafen einzuplanen und sich vor Fahrtantritt \u00fcber den aktuellen Fahrplan zu informieren. Eine Alternative bieten die Regionalz\u00fcge RE2 und RE3, die weiterhin zwischen dem Frankfurter Hauptbahnhof und dem Flughafen Regionalbahnhof verkehren.<\/p>\n<p class=\"text-18 leading-17\">F\u00fcr Offenbacher Fahrg\u00e4ste gilt: l\u00e4ngere Fahrzeiten, zus\u00e4tzliche Umstiege und der Ersatzbus sind in dieser Woche unvermeidlich. Da gleichzeitig weitere Baustellen im Gro\u00dfraum Frankfurt laufen, kann es auch kurzfristig zu zus\u00e4tzlichen Einschr\u00e4nkungen kommen. Aktuelle Informationen stellt der RMV unter www.rmv.de bereit.<\/p>\n","protected":false},"excerpt":{"rendered":"Bahnarbeiten im Rhein-Main-Gebiet Flughafen Frankfurt warnt: Hier droht S-Bahn-Chaos 14.10.2025 &#8211; 11:47 UhrLesedauer: 2 Min. Eine S-Bahn f\u00e4hrt&hellip;\n","protected":false},"author":2,"featured_media":17605,"comment_status":"","ping_status":"","sticky":false,"template":"","format":"standard","meta":{"footnotes":""},"categories":[1829],"tags":[3092,29,2109,2050,2051,30,2052,19212,16803,4544],"class_list":{"0":"post-497821","1":"post","2":"type-post","3":"status-publish","4":"format-standard","5":"has-post-thumbnail","7":"category-frankfurt-am-main","8":"tag-3092","9":"tag-deutschland","10":"tag-flughafen","11":"tag-frankfurt","12":"tag-frankfurt-am-main","13":"tag-germany","14":"tag-hessen","15":"tag-offenbach","16":"tag-rhein-main-gebiet","17":"tag-wiesbaden"},"share_on_mastodon":{"url":"https:\/\/pubeurope.com\/@de\/115372201685557042","error":""},"_links":{"self":[{"href":"https:\/\/www.europesays.com\/de\/wp-json\/wp\/v2\/posts\/497821","targetHints":{"allow":["GET"]}}],"collection":[{"href":"https:\/\/www.europesays.com\/de\/wp-json\/wp\/v2\/posts"}],"about":[{"href":"https:\/\/www.europesays.com\/de\/wp-json\/wp\/v2\/types\/post"}],"author":[{"embeddable":true,"href":"https:\/\/www.europesays.com\/de\/wp-json\/wp\/v2\/users\/2"}],"replies":[{"embeddable":true,"href":"https:\/\/www.europesays.com\/de\/wp-json\/wp\/v2\/comments?post=497821"}],"version-history":[{"count":0,"href":"https:\/\/www.europesays.com\/de\/wp-json\/wp\/v2\/posts\/497821\/revisions"}],"wp:featuredmedia":[{"embeddable":true,"href":"https:\/\/www.europesays.com\/de\/wp-json\/wp\/v2\/media\/17605"}],"wp:attachment":[{"href":"https:\/\/www.europesays.com\/de\/wp-json\/wp\/v2\/media?parent=497821"}],"wp:term":[{"taxonomy":"category","embeddable":true,"href":"https:\/\/www.europesays.com\/de\/wp-json\/wp\/v2\/categories?post=497821"},{"taxonomy":"post_tag","embeddable":true,"href":"https:\/\/www.europesays.com\/de\/wp-json\/wp\/v2\/tags?post=497821"}],"curies":[{"name":"wp","href":"https:\/\/api.w.org\/{rel}","templated":true}]}}