{"id":498118,"date":"2025-10-14T13:51:13","date_gmt":"2025-10-14T13:51:13","guid":{"rendered":"https:\/\/www.europesays.com\/de\/498118\/"},"modified":"2025-10-14T13:51:13","modified_gmt":"2025-10-14T13:51:13","slug":"badeunfall-in-hamburg-wasserleiche-aus-see-geborgen","status":"publish","type":"post","link":"https:\/\/www.europesays.com\/de\/498118\/","title":{"rendered":"Badeunfall in Hamburg: Wasserleiche aus See geborgen"},"content":{"rendered":"\n<p><strong>Bei der abermaligen Suchaktion wurde die Polizei f\u00fcndig. Handelt es sich bei der Wasserleiche um den vermissten Schwimmer?<\/strong><\/p>\n<p>Rund eineinhalb Monate nach dem Verschwinden eines Mannes im See Hinterm Horn hat die Polizei eine Leiche gefunden. Ob es sich bei der Leiche um den Vermissten handelt, ist noch ungekl\u00e4rt, wie eine Polizeisprecherin sagte.<\/p>\n<p>Badeunfall Hamburg: Wasserleiche mit Spezialsonar geortet<\/p>\n<p>Am 31. August war ein 46 Jahre alter Mann in dem Badesee in Allerm\u00f6he untergegangen. Die Polizei suchte mehrfach nach ihm. Beamte aus Bayern, die \u00fcber spezielles Sonarger\u00e4t verf\u00fcgen, unterst\u00fctzten am Dienstag die Suche der Hamburger Polizisten. (dpa)<\/p>\n<p> <img decoding=\"async\" class=\"vg_wort_pixel\" src=\"https:\/\/www.europesays.com\/de\/wp-content\/uploads\/2025\/10\/vgzm.1021513-mopo-1668043.gif\" alt=\"\" style=\"width: 1px; height: 1px; position: absolute; pointer-events: none;\"\/><\/p>\n","protected":false},"excerpt":{"rendered":"Bei der abermaligen Suchaktion wurde die Polizei f\u00fcndig. Handelt es sich bei der Wasserleiche um den vermissten Schwimmer?&hellip;\n","protected":false},"author":2,"featured_media":498119,"comment_status":"","ping_status":"","sticky":false,"template":"","format":"standard","meta":{"footnotes":""},"categories":[1826],"tags":[29,30,692],"class_list":{"0":"post-498118","1":"post","2":"type-post","3":"status-publish","4":"format-standard","5":"has-post-thumbnail","7":"category-hamburg","8":"tag-deutschland","9":"tag-germany","10":"tag-hamburg"},"share_on_mastodon":{"url":"https:\/\/pubeurope.com\/@de\/115372850817775240","error":""},"_links":{"self":[{"href":"https:\/\/www.europesays.com\/de\/wp-json\/wp\/v2\/posts\/498118","targetHints":{"allow":["GET"]}}],"collection":[{"href":"https:\/\/www.europesays.com\/de\/wp-json\/wp\/v2\/posts"}],"about":[{"href":"https:\/\/www.europesays.com\/de\/wp-json\/wp\/v2\/types\/post"}],"author":[{"embeddable":true,"href":"https:\/\/www.europesays.com\/de\/wp-json\/wp\/v2\/users\/2"}],"replies":[{"embeddable":true,"href":"https:\/\/www.europesays.com\/de\/wp-json\/wp\/v2\/comments?post=498118"}],"version-history":[{"count":0,"href":"https:\/\/www.europesays.com\/de\/wp-json\/wp\/v2\/posts\/498118\/revisions"}],"wp:featuredmedia":[{"embeddable":true,"href":"https:\/\/www.europesays.com\/de\/wp-json\/wp\/v2\/media\/498119"}],"wp:attachment":[{"href":"https:\/\/www.europesays.com\/de\/wp-json\/wp\/v2\/media?parent=498118"}],"wp:term":[{"taxonomy":"category","embeddable":true,"href":"https:\/\/www.europesays.com\/de\/wp-json\/wp\/v2\/categories?post=498118"},{"taxonomy":"post_tag","embeddable":true,"href":"https:\/\/www.europesays.com\/de\/wp-json\/wp\/v2\/tags?post=498118"}],"curies":[{"name":"wp","href":"https:\/\/api.w.org\/{rel}","templated":true}]}}