{"id":498415,"date":"2025-10-14T16:28:13","date_gmt":"2025-10-14T16:28:13","guid":{"rendered":"https:\/\/www.europesays.com\/de\/498415\/"},"modified":"2025-10-14T16:28:13","modified_gmt":"2025-10-14T16:28:13","slug":"koeln-verkaeuferin-soll-ihre-kleinen-schwestern-missbraucht-haben-regional","status":"publish","type":"post","link":"https:\/\/www.europesays.com\/de\/498415\/","title":{"rendered":"K\u00f6ln: Verk\u00e4uferin soll ihre kleinen Schwestern missbraucht haben | Regional"},"content":{"rendered":"<p>K\u00f6ln (NRW) \u2013<b> Sie sitzt still da. Die Haare ordentlich frisiert. Der Blick gesenkt. Auf den ersten Blick wirkt die Angeklagte wie ein Unschuldsengel. Doch was der Staatsanwalt ihr vor dem Landgericht K\u00f6ln vorwirft, ist kaum zu ertragen: Vanessa W. (34) soll ihre beiden Halbschwestern sexuell missbraucht und gefilmt haben!<\/b><\/p>\n<p>Jahrelanger Missbrauch der Schwestern<\/p>\n<p>Was sich im Landgericht K\u00f6ln zur Sprache kommt, l\u00e4sst viele im Saal verstummen: Die Anklage lautet auf sexuellen Missbrauch von Kindern sowie das Herstellen von kinderpornografischen Schriften in 30 F\u00e4llen. <\/p>\n<p>Schon als 17-J\u00e4hrige soll die Angeklagte im Sommer 2009 bis zum Herbst 2015 ihre minderj\u00e4hrigen Geschwister nackt einge\u00f6lt und mit Gegenst\u00e4nden missbraucht haben. Die widerlichen Taten wurden von einer Kamera gefilmt und auf einer Festplatte gespeichert. <\/p>\n<p><img decoding=\"async\" width=\"992\" height=\"558\" alt=\"Richter Christoph Kaufmann verhandelt den Fall am Langericht in K\u00f6ln\" src=\"https:\/\/www.europesays.com\/de\/wp-content\/uploads\/2025\/10\/49215aecae989ab7bf1cef2831c66079,e9dce286\"   class=\"landscape\" loading=\"lazy\"\/><\/p>\n<p class=\"fig__caption__text\">Richter Christoph Kaufmann verhandelt den Fall am Langericht in K\u00f6ln<\/p>\n<p>Foto: Mario J\u00fcngling \/ BILD<\/p>\n<p>Immer wieder soll sie die Kinder gedem\u00fctigt, verletzt, missbraucht haben \u2013 teils, w\u00e4hrend sie schliefen. In einem Fall wurde der Missbrauch live ins Internet \u00fcbertragen. Zudem soll sich W. in einem Chat als eine Jugendliche ausgegeben und minderj\u00e4hrige M\u00e4dchen dazu \u00fcberredet haben, ihr Nacktfotos zu schicken.<\/p>\n<p>Ehemann soll sie zu Missbrauch angestiftet haben<\/p>\n<p>Inzwischen ist die gelernte Einzelhandelskauffrau selbst Mutter einer dreij\u00e4hrigen Tochter. Ihr Ehemann Thorsten W. soll sie zum Missbrauch angestiftet haben.<\/p>\n<p><img decoding=\"async\" width=\"992\" height=\"558\" alt=\"Ehemann Thorsten W. sitzt ebenfalls auf der Anklagebank\" src=\"https:\/\/www.europesays.com\/de\/wp-content\/uploads\/2025\/10\/bc2eb6b892630c50600e688900c2e8e0,30444a18\"   class=\"landscape\" loading=\"lazy\"\/><\/p>\n<p class=\"fig__caption__text\">Ehemann Thorsten W. sitzt ebenfalls auf der Anklagebank <\/p>\n<p>Foto: Mario J\u00fcngling \/ BILD<\/p>\n<p>Der 47-J\u00e4hrige wurde bereits im vergangenen Jahr in einem anderen Verfahren wegen des sexuellen Missbrauchs von Kindern zu drei Jahren und sechs Monaten verurteilt und steht jetzt zusammen mit ihr vor Gericht. <\/p>\n<p>Mehr zum Thema<\/p>\n<p>Trotz der Verurteilung hielt die Ehe zwischen den beiden. Vanessa W. will ihm, laut eigener Aussage, die Taten verziehen haben. Die Angeklagten k\u00fcndigten \u00fcber ihre Anw\u00e4lte an, unter Ausschluss der \u00d6ffentlichkeit die Taten zu gestehen. Das Verfahren gegen sie soll noch bis Ende Oktober fortgef\u00fchrt werden. <\/p>\n","protected":false},"excerpt":{"rendered":"K\u00f6ln (NRW) \u2013 Sie sitzt still da. Die Haare ordentlich frisiert. Der Blick gesenkt. Auf den ersten Blick&hellip;\n","protected":false},"author":2,"featured_media":498416,"comment_status":"","ping_status":"","sticky":false,"template":"","format":"standard","meta":{"footnotes":""},"categories":[1828],"tags":[29,15868,30,37747,3812,3887,1420,2800,1209,121,1269,5502,45,1921],"class_list":{"0":"post-498415","1":"post","2":"type-post","3":"status-publish","4":"format-standard","5":"has-post-thumbnail","7":"category-koeln","8":"tag-deutschland","9":"tag-ehemann","10":"tag-germany","11":"tag-geschwister","12":"tag-kinderpornografie","13":"tag-kindesmissbrauch","14":"tag-koeln","15":"tag-landgericht-koeln","16":"tag-nordrhein-westfalen","17":"tag-polizei","18":"tag-prozess","19":"tag-sexueller-missbrauch","20":"tag-texttospeech","21":"tag-vergewaltigung"},"share_on_mastodon":{"url":"https:\/\/pubeurope.com\/@de\/115373468951040201","error":""},"_links":{"self":[{"href":"https:\/\/www.europesays.com\/de\/wp-json\/wp\/v2\/posts\/498415","targetHints":{"allow":["GET"]}}],"collection":[{"href":"https:\/\/www.europesays.com\/de\/wp-json\/wp\/v2\/posts"}],"about":[{"href":"https:\/\/www.europesays.com\/de\/wp-json\/wp\/v2\/types\/post"}],"author":[{"embeddable":true,"href":"https:\/\/www.europesays.com\/de\/wp-json\/wp\/v2\/users\/2"}],"replies":[{"embeddable":true,"href":"https:\/\/www.europesays.com\/de\/wp-json\/wp\/v2\/comments?post=498415"}],"version-history":[{"count":0,"href":"https:\/\/www.europesays.com\/de\/wp-json\/wp\/v2\/posts\/498415\/revisions"}],"wp:featuredmedia":[{"embeddable":true,"href":"https:\/\/www.europesays.com\/de\/wp-json\/wp\/v2\/media\/498416"}],"wp:attachment":[{"href":"https:\/\/www.europesays.com\/de\/wp-json\/wp\/v2\/media?parent=498415"}],"wp:term":[{"taxonomy":"category","embeddable":true,"href":"https:\/\/www.europesays.com\/de\/wp-json\/wp\/v2\/categories?post=498415"},{"taxonomy":"post_tag","embeddable":true,"href":"https:\/\/www.europesays.com\/de\/wp-json\/wp\/v2\/tags?post=498415"}],"curies":[{"name":"wp","href":"https:\/\/api.w.org\/{rel}","templated":true}]}}