{"id":498419,"date":"2025-10-14T16:30:19","date_gmt":"2025-10-14T16:30:19","guid":{"rendered":"https:\/\/www.europesays.com\/de\/498419\/"},"modified":"2025-10-14T16:30:19","modified_gmt":"2025-10-14T16:30:19","slug":"muenchen-heute-nachrichten-vom-14-10-2025-muenchen","status":"publish","type":"post","link":"https:\/\/www.europesays.com\/de\/498419\/","title":{"rendered":"M\u00fcnchen heute &#8211; Nachrichten vom 14.10.2025 &#8211; M\u00fcnchen"},"content":{"rendered":"<p> div:not([style*=&#8217;display: none&#8216;]):not(.iqdnoad)){margin-bottom:60px;margin-top:60px;}}]]> div:not([style*=&#8217;display: none&#8216;]):not(.iqdnoad))::before{content:none;}@media screen and (min-width: 768px){.css-wglhfu{margin-bottom:0;margin-top:0;}}@media screen and (min-width: 768px){.css-wglhfu{margin-left:0;margin-right:0;}}@media screen and (min-width: 1000px){.css-wglhfu{margin-left:-180px;width:1000px;}.css-wglhfu:has(> div:not([style*=&#8217;display: none&#8216;]):not(.iqdnoad)){margin-bottom:60px;margin-top:60px;}}]]> div:not([style*=&#8217;display: none&#8216;]):not(.iqdnoad))::before{content:none;}@media screen and (min-width: 768px){.css-1qhsfhd{margin-bottom:0;margin-top:0;}}@media screen and (min-width: 768px){.css-1qhsfhd{display:block;}}@media screen and (min-width: 768px){.css-1qhsfhd{margin-left:0;margin-right:0;}}@media screen and (min-width: 1000px){.css-1qhsfhd{margin-left:-180px;width:1000px;}.css-1qhsfhd:has(> div:not([style*=&#8217;display: none&#8216;]):not(.iqdnoad)){margin-bottom:60px;margin-top:60px;}}]]><\/p>\n<p data-manual=\"paragraph\" data-schema-org-speakable=\"true\" class=\"css-1eosz7k\"><strong>DER TAG IN <\/strong><strong><a href=\"https:\/\/www.sueddeutsche.de\/thema\/M%C3%BCnchen\" target=\"_blank\" rel=\"noopener\">M\u00dcNCHEN<\/a><\/strong><\/p>\n<p data-manual=\"paragraph\" data-schema-org-speakable=\"true\" class=\"css-1eosz7k\"><strong>Die Stauhauptstadt wird zur Fu\u00dfg\u00e4nger-Metropole<\/strong> W\u00e4hrend der Anteil der Autofahrten am M\u00fcnchner Verkehr immer weiter zur\u00fcckgeht, sind umweltfreundliche Fortbewegungsarten im Kommen. <a href=\"https:\/\/www.sueddeutsche.de\/muenchen\/muenchen-mobilitaet-verkehrswende-studie-li.3325239\" target=\"_blank\" rel=\"noopener\">Eine neue Studie zum Verkehrsverhalten zeigt deutliche Verschiebungen im Vergleich zu fr\u00fcheren Umfragen (SZ Plus).<\/a><\/p>\n<p data-manual=\"paragraph\" data-schema-org-speakable=\"true\" class=\"css-1eosz7k\"><strong>Tanz f\u00fcr die Freien, Trauer um die Toten<\/strong>\u00a0Mehr als zwei Jahre hat die j\u00fcdische Community in M\u00fcnchen um die Freilassung der Hamas-Geiseln gebangt. Am Montagabend sind Freude und Erleichterung gro\u00df. Gleichzeitig trauern Pal\u00e4stina-Unterst\u00fctzer auf dem Odeonsplatz um die Opfer im Gazastreifen \u2013 <a href=\"https:\/\/www.sueddeutsche.de\/muenchen\/muenchen-synagoge-geisel-freilassung-hamas-li.3325544\" target=\"_blank\" rel=\"noopener\">und fordern Gerechtigkeit.<\/a><\/p>\n<p data-manual=\"paragraph\" data-schema-org-speakable=\"true\" class=\"css-1eosz7k\"><strong>Anwalt klagt Honorar von Jens Lehmann f\u00fcr \u201eKettens\u00e4gen-Prozess\u201c ein<\/strong>\u00a0Der ehemalige Fu\u00dfall-Nationaltorwart hatte sich geweigert, die Rechnung \u00fcber 24 000 Euro f\u00fcr den \u201eKettens\u00e4gen-Prozess\u201c zu bezahlen. <a href=\"https:\/\/www.sueddeutsche.de\/muenchen\/starnberg\/jens-lehmann-muenchen-zivilprozess-anwaltshonorar-li.3325522\" target=\"_blank\" rel=\"noopener\">Nun fordert sein damaliger Verteidiger vor dem Landgericht M\u00fcnchen II die Geb\u00fchren ein (SZ Plus).<\/a><\/p>\n<p data-manual=\"paragraph\" data-schema-org-speakable=\"true\" class=\"css-1eosz7k\"><strong>CSU fordert politische Aufarbeitung des Chaos auf der Wiesn<\/strong> F\u00fcr die Partei sind nach der wohl gerade noch vermiedenen Massenpanik am mittleren Wiesnsamstag <a href=\"https:\/\/www.sueddeutsche.de\/muenchen\/oktoberfest-ueberfuellung-aufarbeitung-forderung-csu-li.3325492\" target=\"_blank\" rel=\"noopener\">noch viele Fragen offen.<\/a><\/p>\n<p data-manual=\"paragraph\" data-schema-org-speakable=\"true\" class=\"css-1eosz7k\"><strong>Das soll auf M\u00fcnchens Silvestermeile geboten sein<\/strong> Auf 800 Metern soll die Ludwigstra\u00dfe zum Jahreswechsel f\u00fcr zahlende G\u00e4ste zur Partymeile werden \u2013 <a href=\"https:\/\/www.sueddeutsche.de\/muenchen\/muenchen-silvestermeile-ludwigstrasse-party-jahreswechsel-li.3325814\" target=\"_blank\" rel=\"noopener\">mit Lasershow, Hip-Hop und Alphorn-Techno.<\/a><\/p>\n<p data-manual=\"paragraph\" data-schema-org-speakable=\"true\" class=\"css-1eosz7k\"><strong>WEITERE NACHRICHTEN<\/strong><\/p>\n<p data-manual=\"paragraph\" data-schema-org-speakable=\"true\" class=\"css-1eosz7k\"><strong>Stra\u00dfenbahnbau:<\/strong>\u00a0<a href=\"https:\/\/www.sueddeutsche.de\/muenchen\/fuerstenrieder-strasse-gesperrt-polizei-hohlraeume-boden-li.3325775\" target=\"_blank\" rel=\"noopener\">Der Boden gibt nach: F\u00fcrstenrieder Stra\u00dfe teilweise gesperrt<\/a><\/p>\n<p data-manual=\"paragraph\" data-schema-org-speakable=\"true\" class=\"css-1eosz7k\"><strong>Amtsgericht M\u00fcnchen:<\/strong>\u00a0<a href=\"https:\/\/www.sueddeutsche.de\/muenchen\/muenchen-musiker-sportschuetzenverein-gage-auftritt-ausfall-klage-li.3322384\" target=\"_blank\" rel=\"noopener\">Musiker wollen Gage nach abgesagten Auftritten einklagen<\/a><\/p>\n<p> div:not([style*=&#8217;display: none&#8216;]):not(.iqdnoad))::before{content:none;}@media screen and (min-width: 768px){.css-1gb0u7z{margin-bottom:0;margin-top:0;}}@media screen and (min-width: 1000px){.css-1gb0u7z{display:block;min-height:auto;}}@media screen and (min-width: 768px){.css-1gb0u7z{margin-left:0;margin-right:0;}}@media screen and (min-width: 1000px){.css-1gb0u7z{margin-left:-180px;width:1000px;}.css-1gb0u7z:has(> div:not([style*=&#8217;display: none&#8216;]):not(.iqdnoad)){margin-bottom:60px;margin-top:60px;}}]]> div:not([style*=&#8217;display: none&#8216;]):not(.iqdnoad))::before{content:none;}@media screen and (min-width: 768px){.css-6qp6or{margin-bottom:0;margin-top:0;}}@media screen and (min-width: 768px){.css-6qp6or{margin-left:0;margin-right:0;}}@media screen and (min-width: 1000px){.css-6qp6or{margin-left:-180px;width:1000px;}.css-6qp6or:has(> div:not([style*=&#8217;display: none&#8216;]):not(.iqdnoad)){margin-bottom:60px;margin-top:60px;}}]]> div:not([style*=&#8217;display: none&#8216;]):not(.iqdnoad))::before{content:none;}@media screen and (min-width: 768px){.css-1vs3ay6{margin-bottom:0;margin-top:0;}}@media screen and (min-width: 768px){.css-1vs3ay6{display:block;}}@media screen and (min-width: 768px){.css-1vs3ay6{margin-left:0;margin-right:0;}}@media screen and (min-width: 1000px){.css-1vs3ay6{margin-left:-180px;width:1000px;}.css-1vs3ay6:has(> div:not([style*=&#8217;display: none&#8216;]):not(.iqdnoad)){margin-bottom:60px;margin-top:60px;}}]]><\/p>\n<p data-manual=\"paragraph\" data-schema-org-speakable=\"true\" class=\"css-1eosz7k\"><strong>Einweihung am Dienstag:<\/strong>\u00a0<a href=\"https:\/\/www.sueddeutsche.de\/muenchen\/feuerwache-muenchen-einweihung-infrastruktur-ramersdorf-li.3323470\" target=\"_blank\" rel=\"noopener\">Wo das Herz der Feuerwache 5 schl\u00e4gt<\/a><\/p>\n<p data-manual=\"paragraph\" data-schema-org-speakable=\"true\" class=\"css-1eosz7k\"><strong><a href=\"https:\/\/www.sueddeutsche.de\/thema\/Literaturfest_M%C3%BCnchen\" target=\"_blank\" rel=\"noopener\">Literaturfest M\u00fcnchen<\/a><\/strong><strong> 2026:<\/strong>\u00a0<a href=\"https:\/\/www.sueddeutsche.de\/muenchen\/literaturfest-muenchen-2026-kuratorin-dana-grigorcea-li.3325652\" target=\"_blank\" rel=\"noopener\">Dana Grigorcea wird Literaturfest-Kuratorin<\/a><\/p>\n<p data-manual=\"paragraph\" data-schema-org-speakable=\"true\" class=\"css-1eosz7k\"><strong>M\u00dcNCHEN ERLESEN<\/strong><\/p>\n<p><a href=\"https:\/\/www.sueddeutsche.de\/muenchen\/muenchen-teppichreiniger-mikael-rouk-gruenwald-villa-luis-vuitton-li.3306664\" aria-label=\"Artikelverlinkung:\" data-track-szde=\"{&quot;event&quot;:&quot;teaser_clicked&quot;,&quot;teaser_clicked&quot;:{&quot;article_title&quot;:&quot;nachts_allein_bei_louis_vuitton&quot;,&quot;doctype&quot;:&quot;&quot;,&quot;label&quot;:&quot;szplus&quot;,&quot;main_topic&quot;:&quot;leben_und_gesellschaft_in_muenchen&quot;,&quot;object_id&quot;:&quot;li.3306664&quot;,&quot;pcat&quot;:&quot;paid&quot;,&quot;section&quot;:&quot;muenchen&quot;,&quot;teaser_type&quot;:&quot;article_teaser_top&quot;}}\" data-manual=\"teaser-url\" data-tb-link=\"\" aria-labelledby=\"teaser-httpswwwsueddeutschedemuenchenmuenchen-teppichreiniger-mikael-rouk-gruenwald-villa-luis-vuitton-li3306664\" class=\"css-14tg8sh\" target=\"_blank\" rel=\"noopener\"><img decoding=\"async\" src=\"https:\/\/www.europesays.com\/de\/wp-content\/uploads\/2025\/10\/94e863d5-8560-4765-8d97-f4e88061bc7a.jpg\"   alt=\"\" loading=\"lazy\" class=\"css-8atqhb\"\/><\/p>\n<p>Der Teppichreiniger<\/p>\n<p>:Nachts allein bei Louis Vuitton<\/p>\n<p class=\"css-a6ecqs\" data-manual=\"teaser-text\" data-tb-description=\"\" data-schema-org-speakable=\"true\">Ob mit Security-\u00dcberwachung in der Prunk-Villa oder mit Alarmknopf in der Psychiatrie \u2013 Teppichreiniger Mikael Rouk lernt in seinem Beruf die ungew\u00f6hnlichsten Orte und Menschen kennen. Ekel darf er dabei nicht empfinden.<\/p>\n<p>SZ PlusVon Lisa Marie Wimmer&#8230;<a href=\"https:\/\/www.sueddeutsche.de\/muenchen\/chicago-ice-judy-ledgerwood-porzellanmanufaktur-nymphenburg-blue-line-racine-li.3323769\" aria-label=\"Artikelverlinkung:\" data-track-szde=\"{&quot;event&quot;:&quot;teaser_clicked&quot;,&quot;teaser_clicked&quot;:{&quot;article_title&quot;:&quot;von_nymphenburg_nach_chicago&quot;,&quot;doctype&quot;:&quot;&quot;,&quot;label&quot;:&quot;&quot;,&quot;main_topic&quot;:&quot;kultur_in_muenchen&quot;,&quot;object_id&quot;:&quot;li.3323769&quot;,&quot;pcat&quot;:&quot;metered&quot;,&quot;section&quot;:&quot;muenchen&quot;,&quot;teaser_type&quot;:&quot;article_teaser_top&quot;}}\" data-manual=\"teaser-url\" data-tb-link=\"\" aria-labelledby=\"teaser-httpswwwsueddeutschedemuenchenchicago-ice-judy-ledgerwood-porzellanmanufaktur-nymphenburg-blue-line-racine-li3323769\" class=\"css-14tg8sh\" target=\"_blank\" rel=\"noopener\"><img decoding=\"async\" src=\"https:\/\/www.europesays.com\/de\/wp-content\/uploads\/2025\/10\/732d25eb-c05f-49a2-93ba-345ed3d8fcba.jpg\"   alt=\"\" loading=\"lazy\" class=\"css-8atqhb\"\/><\/p>\n<p>Judy Ledgerwoods Kunstprojekt \u201eFlowers for the Blue Line\u201c<\/p>\n<p>:Von Nymphenburg nach Chicago<\/p>\n<p class=\"css-a6ecqs\" data-manual=\"teaser-text\" data-tb-description=\"\" data-schema-org-speakable=\"true\">Die US-K\u00fcnstlerin Judy Ledgerwood hat in der Porzellanmanufaktur Nymphenburg Majolika-Fliesen f\u00fcr ein Kunstwerk geschaffen, das Licht und Farbe in die Bahnstation Racine in Chicago bringt.<\/p>\n<p data-manual=\"paragraph\" data-schema-org-speakable=\"true\" class=\"css-1eosz7k\"><strong>UNSER FREIZEITTIPP<\/strong><\/p>\n<p><a href=\"https:\/\/www.sueddeutsche.de\/muenchen\/muenchen-studium-bibliotheken-tipps-uebersicht-li.3280984\" aria-label=\"Artikelverlinkung:\" data-track-szde=\"{&quot;event&quot;:&quot;teaser_clicked&quot;,&quot;teaser_clicked&quot;:{&quot;article_title&quot;:&quot;hier_koennen_muenchens_studierende_gut_lernen&quot;,&quot;doctype&quot;:&quot;&quot;,&quot;label&quot;:&quot;&quot;,&quot;main_topic&quot;:&quot;bildung_in_muenchen&quot;,&quot;object_id&quot;:&quot;li.3280984&quot;,&quot;pcat&quot;:&quot;metered&quot;,&quot;section&quot;:&quot;muenchen&quot;,&quot;teaser_type&quot;:&quot;article_teaser_top&quot;}}\" data-manual=\"teaser-url\" data-tb-link=\"\" aria-labelledby=\"teaser-httpswwwsueddeutschedemuenchenmuenchen-studium-bibliotheken-tipps-uebersicht-li3280984\" class=\"css-14tg8sh\" target=\"_blank\" rel=\"noopener\"><img decoding=\"async\" src=\"https:\/\/www.europesays.com\/de\/wp-content\/uploads\/2025\/10\/c68b9e0a-533a-4206-9f3d-c30e63c811b0.jpg\"   alt=\"\" loading=\"lazy\" class=\"css-8atqhb\"\/><\/p>\n<p>Bibliotheken im \u00dcberblick<\/p>\n<p>:Hier k\u00f6nnen M\u00fcnchens Studierende gut lernen<\/p>\n<p class=\"css-a6ecqs\" data-manual=\"teaser-text\" data-tb-description=\"\" data-schema-org-speakable=\"true\">Von der medizinischen Lesehalle \u00fcber die \u201eHogwarts-Bib\u201c und zum M\u00fcnchens Ged\u00e4chtnis : Welche Bibliotheken es f\u00fcr Studierende gibt und was dort zu beachten ist.<\/p>\n<p data-manual=\"paragraph\" data-schema-org-speakable=\"true\" class=\"css-1eosz7k\"><a href=\"https:\/\/www.sueddeutsche.de\/thema\/Restaurants\" target=\"_blank\" rel=\"noopener\">Restaurants in M\u00fcnchen<\/a> | <a href=\"https:\/\/www.sueddeutsche.de\/thema\/Bars\" target=\"_blank\" rel=\"noopener\">Bars in M\u00fcnchen<\/a> | <a href=\"https:\/\/www.sueddeutsche.de\/thema\/Fr%C3%BChst%C3%BCck_und_Brunch\" target=\"_blank\" rel=\"noopener\">Fr\u00fchst\u00fcck und Brunch<\/a><strong>Zu den Landkreisen:<\/strong> <a href=\"https:\/\/www.sueddeutsche.de\/muenchen\/wolfratshausen\" target=\"_blank\" rel=\"noopener\">Bad T\u00f6lz-Wolfratshausen<\/a> | <a href=\"https:\/\/www.sueddeutsche.de\/muenchen\/dachau\" target=\"_blank\" rel=\"noopener\">Dachau<\/a> | <a href=\"https:\/\/www.sueddeutsche.de\/muenchen\/ebersberg\" target=\"_blank\" rel=\"noopener\">Ebersberg<\/a> | <a href=\"https:\/\/www.sueddeutsche.de\/muenchen\/erding\" target=\"_blank\" rel=\"noopener\">Erding<\/a> | <a href=\"https:\/\/www.sueddeutsche.de\/muenchen\/freising\" target=\"_blank\" rel=\"noopener\">Freising<\/a> | <a href=\"https:\/\/www.sueddeutsche.de\/muenchen\/fuerstenfeldbruck\" target=\"_blank\" rel=\"noopener\">F\u00fcrstenfeldbruck<\/a> | <a href=\"https:\/\/www.sueddeutsche.de\/muenchen\/landkreismuenchen\" target=\"_blank\" rel=\"noopener\">M\u00fcnchen<\/a> | <a href=\"https:\/\/www.sueddeutsche.de\/muenchen\/starnberg\" target=\"_blank\" rel=\"noopener\">Starnberg<\/a><\/p>\n","protected":false},"excerpt":{"rendered":"div:not([style*=&#8217;display: none&#8216;]):not(.iqdnoad)){margin-bottom:60px;margin-top:60px;}}]]&gt; div:not([style*=&#8217;display: none&#8216;]):not(.iqdnoad))::before{content:none;}@media screen and (min-width: 768px){.css-wglhfu{margin-bottom:0;margin-top:0;}}@media screen and (min-width: 768px){.css-wglhfu{margin-left:0;margin-right:0;}}@media screen and (min-width: 1000px){.css-wglhfu{margin-left:-180px;width:1000px;}.css-wglhfu:has(> div:not([style*=&#8217;display: none&#8216;]):not(.iqdnoad)){margin-bottom:60px;margin-top:60px;}}]]&gt;&hellip;\n","protected":false},"author":2,"featured_media":387201,"comment_status":"","ping_status":"","sticky":false,"template":"","format":"standard","meta":{"footnotes":""},"categories":[1827],"tags":[772,29,2634,30,2505,1268,2338,2339,121,149,3232],"class_list":{"0":"post-498419","1":"post","2":"type-post","3":"status-publish","4":"format-standard","5":"has-post-thumbnail","7":"category-muenchen","8":"tag-bayern","9":"tag-deutschland","10":"tag-gerichtsprozesse-in-muenchen","11":"tag-germany","12":"tag-literaturfest-muenchen","13":"tag-muenchen","14":"tag-newsletter","15":"tag-oberbayern","16":"tag-polizei","17":"tag-sueddeutsche-zeitung","18":"tag-verkehr-in-muenchen"},"share_on_mastodon":{"url":"https:\/\/pubeurope.com\/@de\/115373475631497552","error":""},"_links":{"self":[{"href":"https:\/\/www.europesays.com\/de\/wp-json\/wp\/v2\/posts\/498419","targetHints":{"allow":["GET"]}}],"collection":[{"href":"https:\/\/www.europesays.com\/de\/wp-json\/wp\/v2\/posts"}],"about":[{"href":"https:\/\/www.europesays.com\/de\/wp-json\/wp\/v2\/types\/post"}],"author":[{"embeddable":true,"href":"https:\/\/www.europesays.com\/de\/wp-json\/wp\/v2\/users\/2"}],"replies":[{"embeddable":true,"href":"https:\/\/www.europesays.com\/de\/wp-json\/wp\/v2\/comments?post=498419"}],"version-history":[{"count":0,"href":"https:\/\/www.europesays.com\/de\/wp-json\/wp\/v2\/posts\/498419\/revisions"}],"wp:featuredmedia":[{"embeddable":true,"href":"https:\/\/www.europesays.com\/de\/wp-json\/wp\/v2\/media\/387201"}],"wp:attachment":[{"href":"https:\/\/www.europesays.com\/de\/wp-json\/wp\/v2\/media?parent=498419"}],"wp:term":[{"taxonomy":"category","embeddable":true,"href":"https:\/\/www.europesays.com\/de\/wp-json\/wp\/v2\/categories?post=498419"},{"taxonomy":"post_tag","embeddable":true,"href":"https:\/\/www.europesays.com\/de\/wp-json\/wp\/v2\/tags?post=498419"}],"curies":[{"name":"wp","href":"https:\/\/api.w.org\/{rel}","templated":true}]}}