{"id":498423,"date":"2025-10-14T16:33:22","date_gmt":"2025-10-14T16:33:22","guid":{"rendered":"https:\/\/www.europesays.com\/de\/498423\/"},"modified":"2025-10-14T16:33:22","modified_gmt":"2025-10-14T16:33:22","slug":"hamburg-kanns-halt-einfach-besser","status":"publish","type":"post","link":"https:\/\/www.europesays.com\/de\/498423\/","title":{"rendered":"Hamburg kann\u2019s halt einfach besser"},"content":{"rendered":"<p class=\"expressive-copy-lg-body\"><strong>\u201eSchwarze Schafe\u201c,<\/strong> klingelt da was? Das ist ein kleiner Kultfilm aus dem Jahr 2006. Ein paar Berliner, klare Sache: Underdogs ohne Money, schlagen sich so durch. Oliver Rhis drehte die episodische Erz\u00e4hlung unabh\u00e4ngig und ohne F\u00f6rdermittel. Wer mitmachte, tat das umsonst. Jetzt gibt es die Fortsetzung. In der Kunstform der Gegenwart: der <strong>Streamingserie<\/strong>.<\/p>\n<p class=\"expressive-copy-lg-body\">Stars wie <a href=\"https:\/\/www.abendblatt.de\/hamburg\/kultur\/article410116940\/serie-hundertdreizehn-die-ard-will-es-gern-gut-machen-aber-es-gelingt-nur-halb.html\" data-category-full-path=\"https:\/\/www.abendblatt.de\/hamburg\/kultur\/\" data-paid-status=\"premium\" data-article-publish-date=\"1759717920\" target=\"_blank\" rel=\"noopener\">Robert Stadlobe<\/a>r, Jule B\u00f6we, Robert Lohr und Milan Peschel sind in ihren alten Rollen wieder dabei. Dazu sto\u00dfen in dem Zehnteiler (Leadautor Oliver Rihs) neue Stars wie Martin Brambach <a href=\"https:\/\/www.abendblatt.de\/kultur-live\/tv-und-medien\/article239871247\/Perfide-und-abgruendig-Dresdner-Tatort-als-Psychodrama.html\" data-category-full-path=\"\/kultur-live\/tv-und-medien\/\" data-paid-status=\"free\" data-article-publish-date=\"1697810016\" target=\"_blank\" rel=\"noopener\">(\u201eTatort\u201c<\/a>), Frederick Lau (\u201e4 Blocks\u201c) und Jella Haase (<a href=\"https:\/\/www.abendblatt.de\/kultur-live\/article236198157\/Rachethriller-mit-Galgenhumor-Jella-Haase-spielt-Kleo.html\" data-category-full-path=\"\/kultur-live\/\" data-paid-status=\"free\" data-article-publish-date=\"1660899212\" target=\"_blank\" rel=\"noopener\">\u201eKleo\u201c<\/a>). Das Episodische des Films spiegelt sich in den 20-min\u00fctigen Folgen: Sie erz\u00e4hlen absurde Geschichten von Gl\u00fccksrittern und Losern, und sie spielen fast ausschlie\u00dflich alle unter der derbe runterbrennenden Sonne Berlins.   <\/p>\n<p>Neue Serie \u201eSchwarze Schafe\u201c: In Berlin sind sowieso alle druff<\/p>\n<p class=\"expressive-copy-lg-body\">In Neuk\u00f6lln, Kreuzberg, Mitte. <a href=\"https:\/\/www.abendblatt.de\/hamburg\/kultur\/article408394842\/dope-thief-neue-serie-apple-tv-streaming-kritik.html\" data-category-full-path=\"https:\/\/www.abendblatt.de\/hamburg\/kultur\/\" data-paid-status=\"premium\" data-article-publish-date=\"1741750860\" target=\"_blank\" rel=\"noopener\">Da Drogenkriminalit\u00e4t seit Langem eine der popkulturell und seriell eintr\u00e4glichsten Erz\u00e4hlungen<\/a> ist und in Berlin sowieso alle, alle druff sind (ist doch so, oder?), ist der Dealer-Plot auch in \u201eSchwarze Schafe\u201c durchaus \u00fcppig bemessen. Das Problem von Omar (Yasin El Harrouk) ist, dass seine Tochter Sorge um den Fortbestand des Planeten hat. Da muss er sich anstrengen, das Business emissionsfrei zu machen. Erst einmal soll ein ob dieses Auftrags einigerma\u00dfen ratloser Rapper einen Fridays-for-Future-Song produzieren. Omar: \u201eUnd schreib, dass wir dem Klimawandel so auf die Fresse hauen, dass er bald wieder runterk\u00fchlt, haste verstanden.\u201c<\/p>\n<p>    <img decoding=\"async\" src=\"https:\/\/www.europesays.com\/de\/wp-content\/uploads\/2025\/10\/410221014_1760437945_v16_9_1200.jpeg\" class=\"block w-full object-cover relative z-10 aspect-[16\/9] md:aspect-[16\/9] lg:aspect-[16\/9] \" alt=\"Streaming Serie Schwarze Schafe\" title=\"Charlotte (Jule B\u00f6we) hat einen Taugenichts als Lebensgef\u00e4hrten. Ihr Gl\u00fcck: Mit einer geklauten Kreditkarte kann sie mal richtig einkaufen.\" loading=\"lazy\"\/><\/p>\n<p>\n      Charlotte (Jule B\u00f6we) hat einen Taugenichts als Lebensgef\u00e4hrten. Ihr Gl\u00fcck: Mit einer geklauten Kreditkarte kann sie mal richtig einkaufen.<br \/>\n      \u00a9 Port au Prince Pictures GmbH | Clara Marnette\n    <\/p>\n<p class=\"expressive-copy-lg-body\">Auch andere haben Sorgen. Die Balkon-imkernde Kreuzberg-Niete Fritz von Plettenburg (Frederick Lau) hat die Drogen, die Koks-Kafka (Marc Hosemann) f\u00fcr Omar verticken soll, in seinem Bienenstock untergebracht. \u201eDie M\u00e4dels kommen gar nicht klar\u201c aber, wie Fritz seiner mit \u201eGenderdolls\u201c (das sind merkw\u00fcrdige Puppen mit angen\u00e4hten Geschlechtsteilen) hausierenden Schwester Delphine (Jella Haase) verklickert. Die Bienchen sind n\u00e4mlich auf Speed, das lag da halt so rum.<\/p>\n<p>  Serie \u201eSchwarze Schafe\u201c: Tragischer Spreekrabbenfischer, arroganter Bayer<\/p>\n<p class=\"expressive-copy-lg-body\">Martin Brambachs Middle-Ager-Figur Kurt will, gemeinsam mit seinem Taxifahrerkollegen Mamadou (Foscky Pueta) wegen der hohen Kosten, die seine Haartransplantation verursachte, mit dem Verkauf eines Hakenkreuzteppichs Tausende Euro einnehmen. Nachvollziehbarerweise sucht das Duo potenzielle K\u00e4ufer auf einer rechtsextremen Kundgebung.  Nazi-Bez\u00fcge gibt es noch ein paar mehr, au\u00dferdem einen tragischen Spreekrabbenfischer und einen arroganten Bayern, der eine \u201eGreen Hub\u201c-Messe in Sch\u00f6nefeld abh\u00e4lt und dabei bizarren Gesch\u00e4ftsideen ein Forum bietet.<\/p>\n<p class=\"expressive-copy-lg-body\">Die Storys sind miteinander verflochten und einigerma\u00dfen vergn\u00fcglich. Es k\u00f6nnte sich allerdings, f\u00e4llt einem beim Glotzen irgendwann auf, eine Art Hamburg-Fremdscham-Syndrom bei \u201eSchwarze Schafe\u201c einstellen. Nicht dass man sich fremdsch\u00e4mte angesichts der Berliner Humorbem\u00fchungen. Nee, man vermisst aber halt die Peinlichkeiten von<a href=\"https:\/\/www.abendblatt.de\/hamburg\/kultur\/article407755570\/die-discounter-eimsbuettel-filiale-da-sind-alle-so-asozial.html\" data-category-full-path=\"https:\/\/www.abendblatt.de\/hamburg\/kultur\/\" data-paid-status=\"premium\" data-article-publish-date=\"1732622218\" target=\"_blank\" rel=\"noopener\"> \u201eDie Discounter\u201c<\/a> oder <a href=\"https:\/\/www.abendblatt.de\/hamburg\/kultur\/article407399256\/neue-serie-keks-aus-hamburg-digger-das-ist-safe-so-witzig.html\" data-category-full-path=\"https:\/\/www.abendblatt.de\/hamburg\/kultur\/\" data-paid-status=\"premium\" data-article-publish-date=\"1728874020\" target=\"_blank\" rel=\"noopener\">\u201eKEKs<\/a>\u201c. \u201eSchwarze Schafe\u201c ist insgesamt nicht so witzig, wie es gerne w\u00e4re, und ganz sch\u00f6n nett, also sehr harmlos.<\/p>\n<p class=\"expressive-copy-lg-body\">Durchgucken kann man das dennoch sehr gut. Und das ab dem 17. Oktober vor\u00fcbergehend ganz umsonst: Die Indie-Serie jenseits der gro\u00dfen Plattformen Netflix, Amazon und Disney ist dann auf <a href=\"https:\/\/www.schwarzeschafe.eu\/\" target=\"_blank\" rel=\"noopener\">www.schwarzeschafe.eu<\/a> zwei Tage gratis abrufbar. Das bleibt anschlie\u00dfend bei den ersten drei Folgen so, die anderen kann man erwerben. Sch\u00f6ne Sache: Unter dem Motto \u201eStream for Future\u201c geht ein Euro pro Kauf an die Hamburger Non-Profit-Organisation Viva con Agua. <\/p>\n<p>    <img decoding=\"async\" src=\"https:\/\/www.europesays.com\/de\/wp-content\/uploads\/2025\/10\/410221019_1760436740_v16_9_1200.jpeg\" class=\"block w-full object-cover relative z-10 aspect-[16\/9] md:aspect-[16\/9] lg:aspect-[16\/9] \" alt=\"Streaming Serie Schwarze Schafe\" title=\"Neue Serie \u201eSchwarze Schafe\u201c: Kurt (Martin Brambach) \u00a0und Mamadou (Foscky Pueta) wollen einen Nazi-Teppich verkaufen.\" loading=\"lazy\"\/><\/p>\n<p>\n      Neue Serie \u201eSchwarze Schafe\u201c: Kurt (Martin Brambach) \u00a0und Mamadou (Foscky Pueta) wollen einen Nazi-Teppich verkaufen.<br \/>\n      \u00a9 Port au Prince Pictures GmbH | Clara Marnette\n    <\/p>\n<p>  Sternstunde oder Reinfall?<\/p>\n<p class=\"expressive-copy-lg-body\">Jeden Monat rezensieren wir f\u00fcr unsere Abonnentinnen und Abonnenten mehr als 100 Theatervorstellungen, Konzerte, Choreografien, Shows, B\u00fccher, Ausstellungen, Serien oder Filme. <a href=\"https:\/\/www.abendblatt.de\/hamburg\/kultur\/kritiken\/\" target=\"_blank\" rel=\"noopener\">Hier finden Sie alle Kritiken<\/a> \u2013 was Sie in Hamburg unbedingt gesehen, geh\u00f6rt oder gelesen haben m\u00fcssen!<\/p>\n","protected":false},"excerpt":{"rendered":"\u201eSchwarze Schafe\u201c, klingelt da was? Das ist ein kleiner Kultfilm aus dem Jahr 2006. Ein paar Berliner, klare&hellip;\n","protected":false},"author":2,"featured_media":498424,"comment_status":"","ping_status":"","sticky":false,"template":"","format":"standard","meta":{"footnotes":""},"categories":[1826],"tags":[29,30,692],"class_list":{"0":"post-498423","1":"post","2":"type-post","3":"status-publish","4":"format-standard","5":"has-post-thumbnail","7":"category-hamburg","8":"tag-deutschland","9":"tag-germany","10":"tag-hamburg"},"share_on_mastodon":{"url":"https:\/\/pubeurope.com\/@de\/115373487195777532","error":""},"_links":{"self":[{"href":"https:\/\/www.europesays.com\/de\/wp-json\/wp\/v2\/posts\/498423","targetHints":{"allow":["GET"]}}],"collection":[{"href":"https:\/\/www.europesays.com\/de\/wp-json\/wp\/v2\/posts"}],"about":[{"href":"https:\/\/www.europesays.com\/de\/wp-json\/wp\/v2\/types\/post"}],"author":[{"embeddable":true,"href":"https:\/\/www.europesays.com\/de\/wp-json\/wp\/v2\/users\/2"}],"replies":[{"embeddable":true,"href":"https:\/\/www.europesays.com\/de\/wp-json\/wp\/v2\/comments?post=498423"}],"version-history":[{"count":0,"href":"https:\/\/www.europesays.com\/de\/wp-json\/wp\/v2\/posts\/498423\/revisions"}],"wp:featuredmedia":[{"embeddable":true,"href":"https:\/\/www.europesays.com\/de\/wp-json\/wp\/v2\/media\/498424"}],"wp:attachment":[{"href":"https:\/\/www.europesays.com\/de\/wp-json\/wp\/v2\/media?parent=498423"}],"wp:term":[{"taxonomy":"category","embeddable":true,"href":"https:\/\/www.europesays.com\/de\/wp-json\/wp\/v2\/categories?post=498423"},{"taxonomy":"post_tag","embeddable":true,"href":"https:\/\/www.europesays.com\/de\/wp-json\/wp\/v2\/tags?post=498423"}],"curies":[{"name":"wp","href":"https:\/\/api.w.org\/{rel}","templated":true}]}}