{"id":498576,"date":"2025-10-14T17:59:20","date_gmt":"2025-10-14T17:59:20","guid":{"rendered":"https:\/\/www.europesays.com\/de\/498576\/"},"modified":"2025-10-14T17:59:20","modified_gmt":"2025-10-14T17:59:20","slug":"nettelbeckplatz-in-berlin-wedding-heisst-fortan-martha-ndumbe-platz","status":"publish","type":"post","link":"https:\/\/www.europesays.com\/de\/498576\/","title":{"rendered":"Nettelbeckplatz in Berlin-Wedding hei\u00dft fortan Martha-Ndumbe-Platz"},"content":{"rendered":"<p class=\"tspBHk0 tspBHk1\">Der Nettelbeckplatz in <a href=\"https:\/\/www.tagesspiegel.de\/berlin\/bezirke\/mitte?icid=in-text-link_14565686\" class=\"link link--internal\" data-gtm-class=\"article-text-link\" data-gtm-val=\"internal\" target=\"_blank\" rel=\"noopener\">Berlin-Wedding<\/a> ist umbenannt worden und hei\u00dft fortan Martha-Ndumbe-Platz. Das teilte das Bezirksamt Mitte mit. Die Umbenennung trat formal bereits am vergangenen Sonntag in Kraft, eine Zeremonie ist f\u00fcr Samstag (18.10.) geplant.<\/p>\n<p>Bezirke-Newsletter: Mitte<\/p>\n<p><img decoding=\"async\" src=\"https:\/\/www.europesays.com\/de\/wp-content\/uploads\/2025\/04\/icon-mitte.png\" alt=\"\" class=\"tspBXfv\"\/><\/p>\n<p class=\"tspBXmz\"> Mehr Neuigkeiten zum Bezirk gibt es in unserem Newsletter \u2014 jede Woche per E-Mail. <\/p>\n<p class=\"tspBHk0\">Der bisherige Namensgeber Joachim Nettelbeck (1738\u20131824) war Obersteuermann auf Versklavungsschiffen, Koloniallobbyist und sp\u00e4ter eine Symbolfigur des deutschen Nationalismus. Das Bezirksamt bezeichnete ihn als \u201eWegbereiter und Verfechter von Kolonialismus, Sklaverei und rassistisch-imperialistischen Ideologien\u201c.<\/p>\n<p> Martha Ndumbe hatte mit starker Diskriminierung zu k\u00e4mpfen <\/p>\n<p class=\"tspBHk0\">Neu benannt wurde der Platz nach Martha Ndumbe (1902-1045). Sie wurde als Tochter einer Deutschen und eines Kameruners in Berlin geboren. Als junge Erwachsene hatte sie mit der zunehmenden Diskriminierung gegen schwarze Menschen in Deutschland zu k\u00e4mpfen. Sie hatte Schwierigkeiten, eine feste Anstellung zu finden und verdiente ihren Haupterwerb ab Mitte der 1920er-Jahre mit Kleinkriminalit\u00e4t und Prostitution.<\/p>\n<p class=\"tspBHk0\">W\u00e4hrend der NS-Zeit war Ndumbe besonders gef\u00e4hrdet, da sie aus Sicht des Regimes als soziale und rassische Au\u00dfenseiterin galt. Sie wurde 1943 zu einer Gef\u00e4ngnisstrafe von eineinhalb Jahren verurteilt, kam aber nur rund ein halbes Jahr sp\u00e4ter in das KZ Ravensbr\u00fcck. Dort starb sie 1945 im Alter von 42 Jahren.<\/p>\n<p class=\"tspBHk0\">Die Namensfindung f\u00fcr den Platz war ein aufw\u00e4ndiger Prozess: \u00dcber 500 Vorschl\u00e4ge aus der Bev\u00f6lkerung wurden gesammelt. Eine Kommission stimmte f\u00fcr drei Favoriten, aus denen die Bezirksverordnetenversammlung den neuen Namen ausw\u00e4hlte.<\/p>\n<p> Weitere Umbenennungen in Berlin <a href=\"https:\/\/www.tagesspiegel.de\/berlin\/nach-jahrelanger-debatte-in-berlin-steglitz-die-treitschkestrasse-heisst-jetzt-betty-katz-strasse-14437469.html?icid=topic-list_14565686___\" data-gtm-class=\"article-mzt-link\" class=\"tspBRlv\" target=\"_blank\" rel=\"noopener\">Nach jahrelanger Debatte in Berlin-Steglitz Die Treitschkestra\u00dfe hei\u00dft jetzt Betty-Katz-Stra\u00dfe <\/a><a href=\"https:\/\/www.tagesspiegel.de\/berlin\/eine-grosse-strasse-fur-einen-grossen-mann-berlin-bekommt-helmut-kohl-allee-14425013.html?icid=topic-list_14565686___\" data-gtm-class=\"article-mzt-link\" class=\"tspBRlv\" target=\"_blank\" rel=\"noopener\">\u201eEine gro\u00dfe Stra\u00dfe f\u00fcr einen gro\u00dfen Mann\u201c Berlin bekommt Helmut-Kohl-Allee <\/a><a href=\"https:\/\/www.tagesspiegel.de\/berlin\/bezirke\/spandau\/margot-friedlander-gymnasium-berliner-oberschule-will-sich-umbenennen-lassen-14336315.html?icid=topic-list_14565686___\" data-gtm-class=\"article-mzt-link\" class=\"tspBRlv\" target=\"_blank\" rel=\"noopener\">\u201eMargot-Friedl\u00e4nder-Gymnasium\u201c Berliner Oberschule will sich umbenennen <\/a><\/p>\n<p class=\"tspBHk0\">Die <a href=\"https:\/\/www.berlin.de\/ba-mitte\/aktuelles\/pressemitteilungen\/2025\/pressemitteilung.1606457.php\" target=\"_blank\" rel=\"noopener\" class=\"link link--external\" data-gtm-class=\"article-text-link\" data-gtm-val=\"external\" aria-describedby=\"message-target-blank\">Feier zur Umbenennung<\/a> soll am Samstag zwischen 14 Uhr und 15.30 Uhr auf dem Martha-Ndumbe-Platz stattfinden. Ein Festakt soll an Martha Ndumbe erinnern, au\u00dferdem sind Redebeitr\u00e4ge und Musik geplant.<\/p>\n","protected":false},"excerpt":{"rendered":"Der Nettelbeckplatz in Berlin-Wedding ist umbenannt worden und hei\u00dft fortan Martha-Ndumbe-Platz. Das teilte das Bezirksamt Mitte mit. Die&hellip;\n","protected":false},"author":2,"featured_media":498577,"comment_status":"","ping_status":"","sticky":false,"template":"","format":"standard","meta":{"footnotes":""},"categories":[1825],"tags":[296,29,30,9681,525,25619],"class_list":{"0":"post-498576","1":"post","2":"type-post","3":"status-publish","4":"format-standard","5":"has-post-thumbnail","7":"category-berlin","8":"tag-berlin","9":"tag-deutschland","10":"tag-germany","11":"tag-holocaust","12":"tag-mitte","13":"tag-vergangenheitsbewaeltigung"},"share_on_mastodon":{"url":"https:\/\/pubeurope.com\/@de\/115373825414613394","error":""},"_links":{"self":[{"href":"https:\/\/www.europesays.com\/de\/wp-json\/wp\/v2\/posts\/498576","targetHints":{"allow":["GET"]}}],"collection":[{"href":"https:\/\/www.europesays.com\/de\/wp-json\/wp\/v2\/posts"}],"about":[{"href":"https:\/\/www.europesays.com\/de\/wp-json\/wp\/v2\/types\/post"}],"author":[{"embeddable":true,"href":"https:\/\/www.europesays.com\/de\/wp-json\/wp\/v2\/users\/2"}],"replies":[{"embeddable":true,"href":"https:\/\/www.europesays.com\/de\/wp-json\/wp\/v2\/comments?post=498576"}],"version-history":[{"count":0,"href":"https:\/\/www.europesays.com\/de\/wp-json\/wp\/v2\/posts\/498576\/revisions"}],"wp:featuredmedia":[{"embeddable":true,"href":"https:\/\/www.europesays.com\/de\/wp-json\/wp\/v2\/media\/498577"}],"wp:attachment":[{"href":"https:\/\/www.europesays.com\/de\/wp-json\/wp\/v2\/media?parent=498576"}],"wp:term":[{"taxonomy":"category","embeddable":true,"href":"https:\/\/www.europesays.com\/de\/wp-json\/wp\/v2\/categories?post=498576"},{"taxonomy":"post_tag","embeddable":true,"href":"https:\/\/www.europesays.com\/de\/wp-json\/wp\/v2\/tags?post=498576"}],"curies":[{"name":"wp","href":"https:\/\/api.w.org\/{rel}","templated":true}]}}