{"id":498621,"date":"2025-10-14T18:23:12","date_gmt":"2025-10-14T18:23:12","guid":{"rendered":"https:\/\/www.europesays.com\/de\/498621\/"},"modified":"2025-10-14T18:23:12","modified_gmt":"2025-10-14T18:23:12","slug":"jeffrey-gouweleeuw-trainiert-nach-verletzung-wieder-mit-team","status":"publish","type":"post","link":"https:\/\/www.europesays.com\/de\/498621\/","title":{"rendered":"Jeffrey Gouweleeuw trainiert nach Verletzung wieder mit Team"},"content":{"rendered":"<p class=\"mb-6 text-xs md:text-m lg:text-l font-serif group-[.font-sans]:font-sans \">\n    Mit ein paar Minuten Versp\u00e4tung steigen die Spieler des FC Augsburg am Dienstagnachmittag in die Vorbereitung auf das n\u00e4chste Bundesligaspiel ein. Drei freie Tage haben sie genossen, in denen der Fu\u00dfball mal in den Hintergrund r\u00fcckte. Mal abschalten, mal die Seele baumeln lassen, ehe der Alltag auf dem Trainingsplatz nahe der Arena beginnt.\n  <\/p>\n<p class=\"mb-6 text-xs md:text-m lg:text-l font-serif group-[.font-sans]:font-sans \">\n    Dass die fu\u00dfballlose Zeit gutgetan hat, ist in den Gesichtern abzulesen. Trainer <a href=\"https:\/\/www.augsburger-allgemeine.de\/personen\/aa-sandro-wagner\" target=\"_self\" class=\"underline \" rel=\"nofollow noopener\">Sandro Wagner<\/a> holt seine Mannschaft zusammen, tr\u00e4gt selbst zur guten Laune bei, scherzt. Wer wei\u00df, wie die Stimmung auf dem Platz ohne den<a href=\"https:\/\/www.augsburger-allgemeine.de\/sport\/fc-augsburg\/fca-um-fca-trainer-wagner-kehrt-trotz-des-3-1-sieges-keine-ruhe-ein-111976951\" target=\"_self\" class=\"underline \" rel=\"nofollow noopener\"> j\u00fcngsten Erfolg gegen den VfL Wolfsburg (3:1)<\/a> gewesen w\u00e4re. So aber passt der Sonnenschein ins Bild, vereinzelte dunkle Wolken ziehen weg.\n  <\/p>\n<p>            FCA-Trainer Sandro Wagner strebt den zweiten Bundesligasieg in Serie an<\/p>\n<p class=\"mb-6 text-xs md:text-m lg:text-l font-serif group-[.font-sans]:font-sans \">\n    Im Auftritt gegen Wolfsburg haben sich Wagner und seine Mannschaft in ihrem Tun best\u00e4tigt gef\u00fchlt. Attraktiv und zugleich erfolgreich spielen, das haben sie sich in dieser Saison vorgenommen. Zweifel waren aufgekommen nach vier Niederlagen in Serie, der \u00fcberzeugende Sieg gegen harmlose Wolfsburger kam zur richtigen Zeit. Nun arbeitet Wagner daran, solche Auftritte in fortlaufender Konstanz auf den Rasen zu bringen. Schon das Ausw\u00e4rtsspiel beim 1. FC K\u00f6ln (Samstag, 15.30 Uhr) stellt eine Herausforderung dar. Alles andere als ein Selbstl\u00e4ufer.\n  <\/p>\n<p class=\"mb-6 text-xs md:text-m lg:text-l font-serif group-[.font-sans]:font-sans \">\n    <a href=\"https:\/\/www.augsburger-allgemeine.de\/baden-wuerttemberg\/fussball-bundesliga-gottgegebene-gabe-el-mala-verzueckt-ueber-10-000-koeln-fans-111981543\" target=\"_self\" class=\"underline \" rel=\"nofollow noopener\">Der Aufsteiger ist stark in die Saison gestartet<\/a>, hat zehn Punkte in sechs Spielen geholt. Zugleich ist er der Kategorie Gegner zuzuordnen, denen sich Verantwortliche des FCA aus einem gewissen Selbstverst\u00e4ndnis heraus inzwischen \u00fcberlegen sehen. Keine Punkte gegen K\u00f6ln w\u00e4ren nach dem Fortschritt gegen Wolfsburg ein R\u00fcckschritt. Wagner und sein Trainerteam haben den Gegner analysiert. In den ersten Saisonspielen hat er Anschauungsmaterial geliefert bekommen: wenig Risiko, zweite B\u00e4lle, schnelles Umschalten nach Balleroberungen. Das liest sich einfach, kann aber zu Problemen f\u00fchren, wenn die FCA-Spieler eine Einstellung wie zuhause gegen Mainz (1:4) oder in Heidenheim (1:2) mitbringen.\n  <\/p>\n<p>            Etliche Nationalspieler fehlen am Dienstag<\/p>\n<p class=\"mb-6 text-xs md:text-m lg:text-l font-serif group-[.font-sans]:font-sans \">\n    Personell muss Wagner in der ersten Einheit der Woche noch auf einige seiner Spieler verzichten. Kristijan Jakic (Kroatien), Elvis Rexhbecaj (Kosovo), Fabian Rieder (Schweiz) und Samuel Essende (Kongo) sind oder waren ebenso mit ihren Nationalteams unterwegs wie Mert K\u00f6m\u00fcr (Deutschland\/U21) oder Torh\u00fcter Finn Dahmen (Deutschland). Schon wieder zur\u00fcck auf dem Platz ist hingegen Dimitrios Giannoulis. Sein Ausflug zur Nationalmannschaft Griechenlands h\u00e4tte entt\u00e4uschender kaum verlaufen k\u00f6nnen. <a href=\"https:\/\/www.augsburger-allgemeine.de\/sport\/fc-augsburg\/fc-augsburg-dimitrios-giannoulis-scheitert-mit-griechenland-an-wm-qualifikation-112426026\" target=\"_self\" class=\"underline \" rel=\"nofollow noopener\">Keine Minute kam er in zwei Partien zum Einsatz<\/a>, obendrein verspielten seine Kollegen auf dem Rasen die letzte Chance auf eine WM-Teilnahme.\n  <\/p>\n<p class=\"mb-6 text-xs md:text-m lg:text-l font-serif group-[.font-sans]:font-sans \">\n    Zur\u00fcck auf dem Platz ist Jeffrey Gouweleeuw. Erstmals<a href=\"https:\/\/www.augsburger-allgemeine.de\/sport\/fc-augsburg\/fca-abwehrchef-jeffrey-gouweleeuw-faellt-mit-knieverletzung-mehrere-wochen-aus-111389485\" target=\"_self\" class=\"underline \" rel=\"nofollow noopener\"> nach seiner Innenbandverletzung im Knie<\/a> absolvierte der Kapit\u00e4n wieder weite Teile des Trainings mit seinen Mitspielern. In K\u00f6ln d\u00fcrfte der 34-J\u00e4hrige noch kein Thema werden, m\u00f6glicherweise wird er f\u00fcr das folgende Heimspiel gegen RB Leipzig fit. Stellt sich die Frage, ob er sogleich wieder in der Startelf stehen w\u00fcrde? Schlie\u00dflich hat sich Abwehrtalent Noakhai Banks j\u00fcngst in den Vordergrund gespielt.\n  <\/p>\n<p class=\"mb-6 text-xs md:text-m lg:text-l font-serif group-[.font-sans]:font-sans \">\n    Wagner hat in den ersten Partien h\u00e4ufig seine Formationen ver\u00e4ndert. Hat sich am Gegner orientiert oder auf Leistungen seiner Spieler reagiert. Die waren mal besser, mal schlechter. Leistungskultur ist Wagner wichtig. Nach dem Spiel gegen Wolfsburg h\u00e4tte der Trainer eigentlich wenig Anlass zu Tauschaktionen.\n  <\/p>\n<ul data-module-id=\"DragDropModule\" class=\"flex flex-wrap justify-start group-[.no-bookmarks]:hidden\">\n<li class=\"mb-3 mr-3\">\n    Johannes Graf<\/p>\n<p>      Icon Haken im Kreis gesetzt<\/p>\n<p>      Icon Plus im Kreis<\/p>\n<\/li>\n<li class=\"mb-3 mr-3\">\n    FC Augsburg<\/p>\n<p>      Icon Haken im Kreis gesetzt<\/p>\n<p>      Icon Plus im Kreis<\/p>\n<\/li>\n<li class=\"mb-3 mr-3\">\n    Sandro Wagner<\/p>\n<p>      Icon Haken im Kreis gesetzt<\/p>\n<p>      Icon Plus im Kreis<\/p>\n<\/li>\n<\/ul>\n","protected":false},"excerpt":{"rendered":"Mit ein paar Minuten Versp\u00e4tung steigen die Spieler des FC Augsburg am Dienstagnachmittag in die Vorbereitung auf das&hellip;\n","protected":false},"author":2,"featured_media":498622,"comment_status":"","ping_status":"","sticky":false,"template":"","format":"standard","meta":{"footnotes":""},"categories":[1846],"tags":[680,772,3364,29,548,663,3934,30,13,14,15,12],"class_list":{"0":"post-498621","1":"post","2":"type-post","3":"status-publish","4":"format-standard","5":"has-post-thumbnail","7":"category-augsburg","8":"tag-augsburg","9":"tag-bayern","10":"tag-de","11":"tag-deutschland","12":"tag-eu","13":"tag-europa","14":"tag-europe","15":"tag-germany","16":"tag-headlines","17":"tag-nachrichten","18":"tag-news","19":"tag-schlagzeilen"},"share_on_mastodon":{"url":"https:\/\/pubeurope.com\/@de\/115373920572608480","error":""},"_links":{"self":[{"href":"https:\/\/www.europesays.com\/de\/wp-json\/wp\/v2\/posts\/498621","targetHints":{"allow":["GET"]}}],"collection":[{"href":"https:\/\/www.europesays.com\/de\/wp-json\/wp\/v2\/posts"}],"about":[{"href":"https:\/\/www.europesays.com\/de\/wp-json\/wp\/v2\/types\/post"}],"author":[{"embeddable":true,"href":"https:\/\/www.europesays.com\/de\/wp-json\/wp\/v2\/users\/2"}],"replies":[{"embeddable":true,"href":"https:\/\/www.europesays.com\/de\/wp-json\/wp\/v2\/comments?post=498621"}],"version-history":[{"count":0,"href":"https:\/\/www.europesays.com\/de\/wp-json\/wp\/v2\/posts\/498621\/revisions"}],"wp:featuredmedia":[{"embeddable":true,"href":"https:\/\/www.europesays.com\/de\/wp-json\/wp\/v2\/media\/498622"}],"wp:attachment":[{"href":"https:\/\/www.europesays.com\/de\/wp-json\/wp\/v2\/media?parent=498621"}],"wp:term":[{"taxonomy":"category","embeddable":true,"href":"https:\/\/www.europesays.com\/de\/wp-json\/wp\/v2\/categories?post=498621"},{"taxonomy":"post_tag","embeddable":true,"href":"https:\/\/www.europesays.com\/de\/wp-json\/wp\/v2\/tags?post=498621"}],"curies":[{"name":"wp","href":"https:\/\/api.w.org\/{rel}","templated":true}]}}