{"id":499278,"date":"2025-10-15T00:27:16","date_gmt":"2025-10-15T00:27:16","guid":{"rendered":"https:\/\/www.europesays.com\/de\/499278\/"},"modified":"2025-10-15T00:27:16","modified_gmt":"2025-10-15T00:27:16","slug":"polizei-sucht-fahrer-eines-grauen-toyota","status":"publish","type":"post","link":"https:\/\/www.europesays.com\/de\/499278\/","title":{"rendered":"Polizei sucht Fahrer eines grauen Toyota"},"content":{"rendered":"<p>\t\tPedelec-Fahrer bei Unfall verletzt<br \/>\n\t\t\t\t\tPolizei sucht grauen Toyota und Zeugen<\/p>\n<p>    <a href=\"https:\/\/www.ruhrnachrichten.de\/wp-content\/uploads\/2025\/10\/14\/13\/630_0900_5172416_-1648x824.jpg\" target=\"_blank\" rel=\"noopener\"><\/p>\n<p>            <img decoding=\"async\" fetchpriority=\"high\" src=\"https:\/\/www.europesays.com\/de\/wp-content\/uploads\/2025\/10\/630_0900_5172415_-640x428.jpg\" width=\"640\" height=\"428\"  alt=\"Polizei im Einsatz.\"\/><\/p>\n<p>    <\/a><br \/>\n    Nach einer Unfallflucht in Dortmund-K\u00f6rne sucht die Polizei nach dem Verursacher. \u00a9 Carsten Rehder\/dpa<\/p>\n<p class=\"article__teaser-text\">Ein grauer Toyota, ein verletzter Pedelec-Fahrer und ein Fahrer, der verschwand: In Dortmund-K\u00f6rne untersucht die Polizei einen Unfall mit Fahrerflucht.<\/p>\n<p>1 Min Lesezeit<\/p>\n<p>An der Kreuzung Am Zehnthof\/Paderborner Stra\u00dfe in <a href=\"https:\/\/www.ruhrnachrichten.de\/dortmund\/\" data-imported=\"1\" target=\"_blank\" rel=\"noopener\">Dortmund<\/a>-K\u00f6rne hat sich am Abend des 4. Oktober ein Verkehrsunfall mit Personenschaden ereignet. Nach Angaben der Polizei Dortmund war ein 39-J\u00e4hriger mit einem Pedelec (E-Bike bis 25 km\/h) auf der Stra\u00dfe Am Zehnthof in s\u00fcdlicher Richtung unterwegs.<\/p>\n<p>Zu diesem Zeitpunkt n\u00e4herte sich aus westlicher Richtung auf der Paderborner Stra\u00dfe ein bislang unbekannter Fahrer eines grauen Toyotas. Nach polizeilichen Erkenntnissen missachtete der Autofahrer die Vorfahrt des Pedelec-Fahrers, wodurch dieser abrupt bremsen musste.<\/p>\n<p>Flucht vom Unfallort<\/p>\n<p>Auf der nassen Fahrbahn verlor der Radfahrer die Kontrolle, st\u00fcrzte und zog sich leichte Verletzungen zu. Der unbekannte Autofahrer hielt wenige Meter weiter an, sprach den Gest\u00fcrzten kurz auf gebrochenem Deutsch an und setzte anschlie\u00dfend seine Fahrt in Richtung Osten fort, ohne seine Personalien zu hinterlassen. Die Polizei wertet dies als unerlaubtes Entfernen vom Unfallort.<\/p>\n<p>Der Fahrer wird wie folgt beschrieben: etwa 65 bis 70 Jahre alt, rund 1,72 Meter gro\u00df, graue Haare, Dreitagebart und Brille. M\u00f6gliche Zeugen, die den Unfall beobachtet haben oder Hinweise zur Identit\u00e4t des Beteiligten geben k\u00f6nnen, werden gebeten, sich bei der Polizeiwache K\u00f6rne unter Tel. 0231\/132-3321 zu melden. Die Ermittlungen dauern an.<\/p>\n","protected":false},"excerpt":{"rendered":"Pedelec-Fahrer bei Unfall verletzt Polizei sucht grauen Toyota und Zeugen Nach einer Unfallflucht in Dortmund-K\u00f6rne sucht die Polizei&hellip;\n","protected":false},"author":2,"featured_media":499279,"comment_status":"","ping_status":"","sticky":false,"template":"","format":"standard","meta":{"footnotes":""},"categories":[1833],"tags":[1950,3364,29,217,30,1209,18270],"class_list":{"0":"post-499278","1":"post","2":"type-post","3":"status-publish","4":"format-standard","5":"has-post-thumbnail","7":"category-dortmund","8":"tag-blaulicht","9":"tag-de","10":"tag-deutschland","11":"tag-dortmund","12":"tag-germany","13":"tag-nordrhein-westfalen","14":"tag-unfallflucht"},"share_on_mastodon":{"url":"https:\/\/pubeurope.com\/@de\/115375351509159596","error":""},"_links":{"self":[{"href":"https:\/\/www.europesays.com\/de\/wp-json\/wp\/v2\/posts\/499278","targetHints":{"allow":["GET"]}}],"collection":[{"href":"https:\/\/www.europesays.com\/de\/wp-json\/wp\/v2\/posts"}],"about":[{"href":"https:\/\/www.europesays.com\/de\/wp-json\/wp\/v2\/types\/post"}],"author":[{"embeddable":true,"href":"https:\/\/www.europesays.com\/de\/wp-json\/wp\/v2\/users\/2"}],"replies":[{"embeddable":true,"href":"https:\/\/www.europesays.com\/de\/wp-json\/wp\/v2\/comments?post=499278"}],"version-history":[{"count":0,"href":"https:\/\/www.europesays.com\/de\/wp-json\/wp\/v2\/posts\/499278\/revisions"}],"wp:featuredmedia":[{"embeddable":true,"href":"https:\/\/www.europesays.com\/de\/wp-json\/wp\/v2\/media\/499279"}],"wp:attachment":[{"href":"https:\/\/www.europesays.com\/de\/wp-json\/wp\/v2\/media?parent=499278"}],"wp:term":[{"taxonomy":"category","embeddable":true,"href":"https:\/\/www.europesays.com\/de\/wp-json\/wp\/v2\/categories?post=499278"},{"taxonomy":"post_tag","embeddable":true,"href":"https:\/\/www.europesays.com\/de\/wp-json\/wp\/v2\/tags?post=499278"}],"curies":[{"name":"wp","href":"https:\/\/api.w.org\/{rel}","templated":true}]}}