{"id":499521,"date":"2025-10-15T02:41:11","date_gmt":"2025-10-15T02:41:11","guid":{"rendered":"https:\/\/www.europesays.com\/de\/499521\/"},"modified":"2025-10-15T02:41:11","modified_gmt":"2025-10-15T02:41:11","slug":"bayreuth-weihnachtsmarktsaison-geht-mit-winterdorf-los","status":"publish","type":"post","link":"https:\/\/www.europesays.com\/de\/499521\/","title":{"rendered":"Bayreuth | Weihnachtsmarktsaison geht mit \u00abWinterdorf\u00bb los"},"content":{"rendered":"<p>Bayreuth (dpa) &#8211; Noch sind es gut zwei Monate bis Weihnachten. Doch in Bayreuth steht schon am Mittwoch die Er\u00f6ffnung des \u00abWinterdorfes\u00bb an, einem beliebten Treffpunkt mit Holzh\u00fctten und Gl\u00fchweinbuden in der Fu\u00dfg\u00e4ngerzone.\u00a0<\/p>\n<p>Nach und nach gehen nun sogenannte Winterm\u00e4rkte los, die auch schon als Weihnachtsm\u00e4rkte empfunden werden k\u00f6nnen. In den meisten St\u00e4dten starten die Weihnachtsm\u00e4rkte aber erst im November und sogar Ende November.\u00a0<\/p>\n<p>In Hannover etwa gibt es aber den \u00abWinterzauber Herrenhausen\u00bb vom 29. Oktober bis 2. November, in Berlin startet die \u00abWinterwelt am Potsdamer Platz\u00bb am 31. Oktober und die \u00abLichtenberger Winterzeit\u00bb am 1. November.<\/p>\n<p>Bayreuther Winterdorf<\/p>\n<p>In der Bayreuther Maximilianstra\u00dfe wird das Winterdorf am Alten Schloss traditionell Mitte Oktober er\u00f6ffnet \u2013 das ist ungew\u00f6hnlich fr\u00fch, tut der Beliebtheit aber keinen Abbruch: Nach Angaben der Marketing &amp; Tourismus GmbH wird die Budenstadt pro Jahr von rund 120.000 Menschen besucht.<\/p>\n<p>Die Betreiber versprechen \u00abAlpenflair und H\u00fcttenfeeling im Herzen der Stadt\u00bb. Es gibt s\u00fc\u00dfe und herzhafte Speisen, Gl\u00fchwein und andere warme und kalte Getr\u00e4nke, Apr\u00e8s-Ski-Hits, Live-Musik und Kinderprogramm. Das Bayreuther Winterdorf ist bis zum 31. Dezember t\u00e4glich ge\u00f6ffnet.<\/p>\n<p>Essen ist auch 2025 wieder fr\u00fch dran<\/p>\n<p>Im Essener Stadtteil Steele gibt es ab dem 2. November (bis 4. Januar) den \u00abSteeler Weihnachtsmarkt\u00bb. In der Essener Innenstadt geht es erst am 14. November los, in der Ruhrgebietsstadt Duisburg schon am 13. November.<\/p>\n<p>Traditionell er\u00f6ffnen die meisten Weihnachtsm\u00e4rkte im deutschsprachigen Raum erst nach Totensonntag, der 2025 auf den 23. November f\u00e4llt.\u00a0<\/p>\n<p>So beginnen etwa der M\u00fcnchner auf dem Marienplatz oder der Frankfurter rund um den R\u00f6merberg am 24. November. Der Dresdner Striezelmarkt geht sogar erst am 26. November los.<\/p>\n<p>N\u00fcrnberger Christkindlesmarkt<\/p>\n<p>Eine Auflistung von ber\u00fchmten Weihnachtsm\u00e4rkten w\u00e4re unvollst\u00e4ndig ohne den N\u00fcrnberger Christkindlesmarkt. Er gilt als einer der \u00e4ltesten. Jahr f\u00fcr Jahr zieht er viele Tausend Besucher aus aller Welt an. Er wird am 28. November mit dem Prolog des N\u00fcrnberger Christkindes er\u00f6ffnet und geht bis Heiligabend.<\/p>\n","protected":false},"excerpt":{"rendered":"Bayreuth (dpa) &#8211; Noch sind es gut zwei Monate bis Weihnachten. Doch in Bayreuth steht schon am Mittwoch&hellip;\n","protected":false},"author":2,"featured_media":499522,"comment_status":"","ping_status":"","sticky":false,"template":"","format":"standard","meta":{"footnotes":""},"categories":[1841],"tags":[772,1605,3364,29,41076,22935,2507,30,13599,1209],"class_list":{"0":"post-499521","1":"post","2":"type-post","3":"status-publish","4":"format-standard","5":"has-post-thumbnail","7":"category-bielefeld","8":"tag-bayern","9":"tag-bielefeld","10":"tag-de","11":"tag-deutschland","12":"tag-divertme","13":"tag-fest-kultur","14":"tag-freizeit","15":"tag-germany","16":"tag-jahreszeiten","17":"tag-nordrhein-westfalen"},"share_on_mastodon":{"url":"https:\/\/pubeurope.com\/@de\/115375877898773712","error":""},"_links":{"self":[{"href":"https:\/\/www.europesays.com\/de\/wp-json\/wp\/v2\/posts\/499521","targetHints":{"allow":["GET"]}}],"collection":[{"href":"https:\/\/www.europesays.com\/de\/wp-json\/wp\/v2\/posts"}],"about":[{"href":"https:\/\/www.europesays.com\/de\/wp-json\/wp\/v2\/types\/post"}],"author":[{"embeddable":true,"href":"https:\/\/www.europesays.com\/de\/wp-json\/wp\/v2\/users\/2"}],"replies":[{"embeddable":true,"href":"https:\/\/www.europesays.com\/de\/wp-json\/wp\/v2\/comments?post=499521"}],"version-history":[{"count":0,"href":"https:\/\/www.europesays.com\/de\/wp-json\/wp\/v2\/posts\/499521\/revisions"}],"wp:featuredmedia":[{"embeddable":true,"href":"https:\/\/www.europesays.com\/de\/wp-json\/wp\/v2\/media\/499522"}],"wp:attachment":[{"href":"https:\/\/www.europesays.com\/de\/wp-json\/wp\/v2\/media?parent=499521"}],"wp:term":[{"taxonomy":"category","embeddable":true,"href":"https:\/\/www.europesays.com\/de\/wp-json\/wp\/v2\/categories?post=499521"},{"taxonomy":"post_tag","embeddable":true,"href":"https:\/\/www.europesays.com\/de\/wp-json\/wp\/v2\/tags?post=499521"}],"curies":[{"name":"wp","href":"https:\/\/api.w.org\/{rel}","templated":true}]}}