{"id":499687,"date":"2025-10-15T04:21:12","date_gmt":"2025-10-15T04:21:12","guid":{"rendered":"https:\/\/www.europesays.com\/de\/499687\/"},"modified":"2025-10-15T04:21:12","modified_gmt":"2025-10-15T04:21:12","slug":"us-praesident-wirkt-ratlos-trump-bin-sehr-enttaeuscht-von-putin","status":"publish","type":"post","link":"https:\/\/www.europesays.com\/de\/499687\/","title":{"rendered":"US-Pr\u00e4sident wirkt ratlos: Trump: &#8222;Bin sehr entt\u00e4uscht&#8220; von Putin"},"content":{"rendered":"<p>                    US-Pr\u00e4sident wirkt ratlos<br \/>\n                Trump: &#8222;Bin sehr entt\u00e4uscht&#8220; von Putin<\/p>\n<p>\t\t\t\t              15.10.2025, 03:15 Uhr<\/p>\n<p>\t\t\t\t\t       Artikel anh\u00f6ren<\/p>\n<p>\t\t\t\t\t\t\tDiese Audioversion wurde k\u00fcnstlich generiert. <a href=\"https:\/\/www.n-tv.de\/23249898\" target=\"_blank\" rel=\"noopener\">Mehr Infos<\/a><\/p>\n<p><strong>Trump kann gut mit Putin &#8211; dachte er bislang jedenfalls. Kurz vor einem Besuch des ukrainischen Staatschefs l\u00e4sst der US-Pr\u00e4sident aber eine gewisse Ern\u00fcchterung erkennen.<\/strong><\/p>\n<p>US-Pr\u00e4sident Donald Trump hat wenige Tage vor einem Treffen mit dem ukrainischen Pr\u00e4sidenten Wolodymyr Selenskyj in Washington seinen Unmut \u00fcber Kremlchef Wladimir Putin ge\u00e4u\u00dfert. &#8222;Ich bin sehr entt\u00e4uscht, denn Wladimir und ich hatten ein sehr gutes Verh\u00e4ltnis. Wahrscheinlich haben wir das immer noch&#8220;, sagte Trump im Wei\u00dfen Haus. &#8222;Ich wei\u00df nicht, warum er diesen Krieg fortsetzt.&#8220; <\/p>\n<p>Putin wolle den Krieg einfach nicht beenden, sagte Trump. &#8222;Und ich denke, das l\u00e4sst ihn sehr schlecht dastehen. Er k\u00f6nnte ihn beenden. Er k\u00f6nnte ihn schnell beenden.&#8220; In Russland gebe es lange Schlangen an den Tankstellen, und die Wirtschaft des Landes werde zusammenbrechen, sagte Trump. Im August hatte er den Kremlchef in Alaska empfangen, Fortschritte wurden dabei allerdings nicht erzielt.<\/p>\n<p>Gleichzeitig zollte der US-Pr\u00e4sident der Ukraine Respekt f\u00fcr ihre seit mehr als dreieinhalb Jahren w\u00e4hrende Verteidigung gegen den russischen Angriffskrieg. Trump best\u00e4tigte, dass Selenskyj ihn am Freitag besuchen wird: &#8222;Er will Waffen. Er m\u00f6chte Tomahawks haben.&#8220; Der US-Pr\u00e4sident hatte eine Lieferung von Tomahawk-Marschflugk\u00f6rpern an die Ukraine zuvor nicht ausgeschlossen und sagte j\u00fcngst, er wolle mit der russischen Seite \u00fcber das Thema reden. Tomahawks seien eine &#8222;neue Stufe der Aggression&#8220;, betonte Trump dabei. &#8222;Wollen sie, dass Tomahawks in ihre Richtung fliegen? Ich glaube nicht.&#8220;<\/p>\n<p><a href=\"https:\/\/www.n-tv.de\/politik\/Moskau-Tomahawk-Lieferung-koennte-fuer-Trump-schlecht-ausgehen-article26094181.html\" rel=\"Follow noopener\" target=\"_self\">Kremlsprecher Dmitri Peskow warnte am Montag vor solch einer Lieferung.<\/a> Der Einsatz erfordere &#8222;auf die eine oder andere Weise die Beteiligung amerikanischer Spezialisten&#8220;, sagte er nach Angaben der russischen staatlichen Nachrichtenagentur Tass. Marschflugk\u00f6rper vom Typ Tomahawk haben eine Reichweite von bis zu 2500 Kilometern und k\u00f6nnen prinzipiell auch mit Atomsprengk\u00f6pfen best\u00fcckt werden. <\/p>\n","protected":false},"excerpt":{"rendered":"US-Pr\u00e4sident wirkt ratlos Trump: &#8222;Bin sehr entt\u00e4uscht&#8220; von Putin 15.10.2025, 03:15 Uhr Artikel anh\u00f6ren Diese Audioversion wurde k\u00fcnstlich&hellip;\n","protected":false},"author":2,"featured_media":499688,"comment_status":"","ping_status":"","sticky":false,"template":"","format":"standard","meta":{"footnotes":""},"categories":[5],"tags":[331,332,661,3364,29,106,30,13,14,15,16,12,10134,306,107],"class_list":{"0":"post-499687","1":"post","2":"type-post","3":"status-publish","4":"format-standard","5":"has-post-thumbnail","7":"category-nachrichten","8":"tag-aktuelle-nachrichten","9":"tag-aktuelle-news","10":"tag-angriff-auf-die-ukraine","11":"tag-de","12":"tag-deutschland","13":"tag-donald-trump","14":"tag-germany","15":"tag-headlines","16":"tag-nachrichten","17":"tag-news","18":"tag-politik","19":"tag-schlagzeilen","20":"tag-waffenlieferung","21":"tag-wladimir-putin","22":"tag-wolodymyr-selenskyj"},"share_on_mastodon":{"url":"https:\/\/pubeurope.com\/@de\/115376271228370346","error":""},"_links":{"self":[{"href":"https:\/\/www.europesays.com\/de\/wp-json\/wp\/v2\/posts\/499687","targetHints":{"allow":["GET"]}}],"collection":[{"href":"https:\/\/www.europesays.com\/de\/wp-json\/wp\/v2\/posts"}],"about":[{"href":"https:\/\/www.europesays.com\/de\/wp-json\/wp\/v2\/types\/post"}],"author":[{"embeddable":true,"href":"https:\/\/www.europesays.com\/de\/wp-json\/wp\/v2\/users\/2"}],"replies":[{"embeddable":true,"href":"https:\/\/www.europesays.com\/de\/wp-json\/wp\/v2\/comments?post=499687"}],"version-history":[{"count":0,"href":"https:\/\/www.europesays.com\/de\/wp-json\/wp\/v2\/posts\/499687\/revisions"}],"wp:featuredmedia":[{"embeddable":true,"href":"https:\/\/www.europesays.com\/de\/wp-json\/wp\/v2\/media\/499688"}],"wp:attachment":[{"href":"https:\/\/www.europesays.com\/de\/wp-json\/wp\/v2\/media?parent=499687"}],"wp:term":[{"taxonomy":"category","embeddable":true,"href":"https:\/\/www.europesays.com\/de\/wp-json\/wp\/v2\/categories?post=499687"},{"taxonomy":"post_tag","embeddable":true,"href":"https:\/\/www.europesays.com\/de\/wp-json\/wp\/v2\/tags?post=499687"}],"curies":[{"name":"wp","href":"https:\/\/api.w.org\/{rel}","templated":true}]}}