{"id":499728,"date":"2025-10-15T04:44:13","date_gmt":"2025-10-15T04:44:13","guid":{"rendered":"https:\/\/www.europesays.com\/de\/499728\/"},"modified":"2025-10-15T04:44:13","modified_gmt":"2025-10-15T04:44:13","slug":"tvb-stuttgart-gegen-fuechse-berlin-bob-hanning-misha-kaufmann-ist-ein-gluecksgriff-fuer-den-tvb-stuttgart-sport","status":"publish","type":"post","link":"https:\/\/www.europesays.com\/de\/499728\/","title":{"rendered":"TVB Stuttgart gegen F\u00fcchse Berlin: Bob Hanning: \u201eMisha Kaufmann ist ein Gl\u00fccksgriff f\u00fcr den TVB Stuttgart\u201c &#8211; Sport"},"content":{"rendered":"<p>Bob Hanning ist Trainer des italienischen Nationalteams und Gesch\u00e4ftsf\u00fchrer der F\u00fcchse Berlin. Vor dem Duell in Stuttgart spricht er \u00fcber den TVB, seine Zukunft und die des Handballs.<\/p>\n<p>F\u00fcr Bob Hanning ist es ein besonderes Spiel. Als Gesch\u00e4ftsf\u00fchrer des deutschen Meisters <a href=\"https:\/\/www.esslinger-zeitung.de\/thema\/F%C3%BCchse_Berlin\" title=\"F\u00fcchse Berlin\" class=\"art_thema\" target=\"_blank\" rel=\"noopener\">F\u00fcchse Berlin<\/a> trifft er am Sonntag beim <a href=\"https:\/\/www.esslinger-zeitung.de\/thema\/TVB_Stuttgart\" target=\"_blank\" rel=\"noopener\">Duell in Stuttgart<\/a> (15 Uhr\/<a href=\"https:\/\/www.esslinger-zeitung.de\/thema\/Porsche-Arena\" title=\"Porsche-Arena\" class=\"art_thema\" target=\"_blank\" rel=\"noopener\">Porsche-Arena<\/a>) auf Simone Mengon. Der TVB-Spielmacher ist die Schl\u00fcsselfigur in der von ihm betreuten italienischen Nationalmannschaft. <\/p>\n","protected":false},"excerpt":{"rendered":"Bob Hanning ist Trainer des italienischen Nationalteams und Gesch\u00e4ftsf\u00fchrer der F\u00fcchse Berlin. Vor dem Duell in Stuttgart spricht&hellip;\n","protected":false},"author":2,"featured_media":499729,"comment_status":"","ping_status":"","sticky":false,"template":"","format":"standard","meta":{"footnotes":""},"categories":[1830],"tags":[1634,20357,3364,29,1933,30,7403,125108,2134,355,33914,125107,7400,1441,7401],"class_list":{"0":"post-499728","1":"post","2":"type-post","3":"status-publish","4":"format-standard","5":"has-post-thumbnail","7":"category-stuttgart","8":"tag-baden-wuerttemberg","9":"tag-bob-hanning","10":"tag-de","11":"tag-deutschland","12":"tag-fuechse-berlin","13":"tag-germany","14":"tag-handball-bundesliga","15":"tag-hassan-moustafa","16":"tag-interview","17":"tag-italien","18":"tag-porsche-arena","19":"tag-simone-mengon","20":"tag-sportmeldungen","21":"tag-stuttgart","22":"tag-tvb-stuttgart"},"share_on_mastodon":{"url":"https:\/\/pubeurope.com\/@de\/115376361679430775","error":""},"_links":{"self":[{"href":"https:\/\/www.europesays.com\/de\/wp-json\/wp\/v2\/posts\/499728","targetHints":{"allow":["GET"]}}],"collection":[{"href":"https:\/\/www.europesays.com\/de\/wp-json\/wp\/v2\/posts"}],"about":[{"href":"https:\/\/www.europesays.com\/de\/wp-json\/wp\/v2\/types\/post"}],"author":[{"embeddable":true,"href":"https:\/\/www.europesays.com\/de\/wp-json\/wp\/v2\/users\/2"}],"replies":[{"embeddable":true,"href":"https:\/\/www.europesays.com\/de\/wp-json\/wp\/v2\/comments?post=499728"}],"version-history":[{"count":0,"href":"https:\/\/www.europesays.com\/de\/wp-json\/wp\/v2\/posts\/499728\/revisions"}],"wp:featuredmedia":[{"embeddable":true,"href":"https:\/\/www.europesays.com\/de\/wp-json\/wp\/v2\/media\/499729"}],"wp:attachment":[{"href":"https:\/\/www.europesays.com\/de\/wp-json\/wp\/v2\/media?parent=499728"}],"wp:term":[{"taxonomy":"category","embeddable":true,"href":"https:\/\/www.europesays.com\/de\/wp-json\/wp\/v2\/categories?post=499728"},{"taxonomy":"post_tag","embeddable":true,"href":"https:\/\/www.europesays.com\/de\/wp-json\/wp\/v2\/tags?post=499728"}],"curies":[{"name":"wp","href":"https:\/\/api.w.org\/{rel}","templated":true}]}}