{"id":499821,"date":"2025-10-15T05:38:21","date_gmt":"2025-10-15T05:38:21","guid":{"rendered":"https:\/\/www.europesays.com\/de\/499821\/"},"modified":"2025-10-15T05:38:21","modified_gmt":"2025-10-15T05:38:21","slug":"lecornu-knickt-vor-sozialisten-ein","status":"publish","type":"post","link":"https:\/\/www.europesays.com\/de\/499821\/","title":{"rendered":"Lecornu knickt vor Sozialisten ein"},"content":{"rendered":"<p><img class=\"absolute left-0 top-0 block h-full w-full  undefined\"  width=\"5568\" height=\"3712\" alt=\"\" loading=\"lazy\" \/><\/p>\n<p class=\"mb-2 font-sans text-base font-thin leading-[26px] md:mb-[16px] md:text-xl md:leading-[32px]\">Die neue Regierung von S\u00e9bastien Lecornu k\u00f6nnte diese Woche \u00fcberleben \u2013 f\u00fcr den Preis, dass die verhasste Rentenreform ausgesetzt wird. Das ist ein teures und t\u00f6richtes Versprechen.<\/p>\n<p><img class=\"absolute left-0 top-0 block h-full w-full  \"  width=\"2304\" height=\"1536\" alt=\"Der franz\u00f6sische Premierminister S\u00e9bastien Lecornu ist erst k\u00fcrzlich zur\u00fcckgetreten. Seine neue Minderheitsregierung bleibt fragil \u2013 wie die Abh\u00e4ngigkeit von den Sozialisten zeigt.\" style=\"cursor:pointer;transform:scale(1)\" loading=\"lazy\" \/>Der franz\u00f6sische Premierminister S\u00e9bastien Lecornu ist erst k\u00fcrzlich zur\u00fcckgetreten. Seine neue Minderheitsregierung bleibt fragil \u2013 wie die Abh\u00e4ngigkeit von den Sozialisten zeigt.<\/p>\n<p>Sarah Meyssonnier \/ Reuters<\/p>\n<p class=\"articlecomponent text-paper-950 dark:text-paper-50 darknzz:text-paper-50 dark:lightnzz:text-paper-950 font-serif text-lg font-normal leading-[1.56] md:text-xl md:leading-[1.6]\" id=\"id-doc-1j7hia5ja1\" componenttype=\"p\" data-team-paragraph=\"true\">Nun ist es also passiert: S\u00e9bastien Lecornu ist vor den Sozialisten eingeknickt. Der franz\u00f6sische Premierminister hat in seiner ersten Regierungserkl\u00e4rung am Dienstag vorgeschlagen, die Rentenreform von Pr\u00e4sident Macron auszusetzen \u2013 jenes Grossprojekt, das vor zwei Jahren Hunderttausende auf die Strasse trieb und ein zentrales Verm\u00e4chtnis Macrons werden sollte.<\/p>\n<p>Optimieren Sie Ihre Browsereinstellungen<\/p>\n<p>NZZ.ch ben\u00f6tigt JavaScript f\u00fcr wichtige Funktionen. Ihr Browser oder Adblocker verhindert dies momentan.<\/p>\n<p>Bitte passen Sie die Einstellungen an.<\/p>\n<p>Leben wie Gott in Frankreich<\/p>\n<p class=\"nzzinteraction articlecomponent text-paper-950 dark:text-paper-50 darknzz:text-paper-50 dark:lightnzz:text-paper-950 font-serif text-lg font-normal leading-[1.56] md:text-xl md:leading-[1.6]\" id=\"id-doc-1j7hia5jb0\" componenttype=\"p\" data-team-paragraph=\"true\">Konkret k\u00fcndigte Lecornu an, die stufenweise Anhebung des Renteneintrittsalters bis Januar 2028 auf dem jetzigen Stand einzufrieren. Momentan liegt das gesetzliche Rentenalter in Frankreich bei 62 Jahren und 9 Monaten. Wer in den n\u00e4chsten zwei Jahren sein Arbeitsleben beendet, soll sich also weiterhin in diesem komfortablen Alter zur Ruhe setzen k\u00f6nnen. Leben wie Gott in Frankreich!<\/p>\n<p class=\"nzzinteraction articlecomponent text-paper-950 dark:text-paper-50 darknzz:text-paper-50 dark:lightnzz:text-paper-950 font-serif text-lg font-normal leading-[1.56] md:text-xl md:leading-[1.6]\" id=\"id-doc-1j7hlrl9v0\" componenttype=\"p\" data-team-paragraph=\"true\">Lecornu erf\u00fcllt damit eine zentrale Forderung der Sozialisten, ohne deren Duldung seine Minderheitsregierung keine \u00dcberlebenschance hat. Die radikale Linke und das rechte Rassemblement national haben schon Misstrauensvoten eingereicht und angek\u00fcndigt, die Regierung auf jeden Fall st\u00fcrzen zu wollen. Lecornu musste also auf den Parti socialiste zugehen. Und der nutzte seine Schl\u00fcsselrolle mit maximalem Kalk\u00fcl: Nicht nur ist die verhasste Rentenreform vorerst erledigt, der neue Haushaltsentwurf sieht auch, ganz nach dem Geschmack der Linken, neue Steuern f\u00fcr Unternehmen und Verm\u00f6gende vor.<\/p>\n<p class=\"nzzinteraction articlecomponent text-paper-950 dark:text-paper-50 darknzz:text-paper-50 dark:lightnzz:text-paper-950 font-serif text-lg font-normal leading-[1.56] md:text-xl md:leading-[1.6]\" id=\"id-doc-1j7hnmamg0\" componenttype=\"p\" data-team-paragraph=\"true\">Die Sozialisten haben sich von ihren linken B\u00fcndnispartnern abgesetzt, im Ergebnis aber fast dieselben Forderungen durchgesetzt. Daf\u00fcr gewinnen sie in den Umfragen und erscheinen den Franzosen wieder als regierungsf\u00e4hige Kraft. Lecornu hingegen riskiert, um seine fragile Mehrheit zu sichern, das Herzst\u00fcck von Macrons Reformpolitik preiszugeben. Dabei warnen Wirtschaftsinstitute davor, was die Aussetzung der Rentenpl\u00e4ne das Land kosten w\u00fcrde: 500 Millionen Euro im kommenden Jahr, 1,8 Milliarden im Jahr 2027. Das ist Geld, das Frankreich nicht hat \u2013 und das die ohnehin rekordverd\u00e4chtige Neuverschuldung noch weiter in die H\u00f6he treiben d\u00fcrfte.<\/p>\n<p class=\"nzzinteraction articlecomponent text-paper-950 dark:text-paper-50 darknzz:text-paper-50 dark:lightnzz:text-paper-950 font-serif text-lg font-normal leading-[1.56] md:text-xl md:leading-[1.6]\" id=\"id-doc-1j7hp2dkc0\" componenttype=\"p\" data-team-paragraph=\"true\">Wie alle europ\u00e4ischen Gesellschaften k\u00e4mpft auch Frankreich mit demografischen Problemen: einer steigenden Lebenserwartung, Babyboomern im Ruhestand und immer weniger Erwerbst\u00e4tigen, die f\u00fcr die Rentner aufkommen m\u00fcssen. Der Preis, den kommende Generationen zahlen m\u00fcssen, ist hoch: Die Ausgaben f\u00fcr Pensionen <a target=\"_blank\" href=\"https:\/\/www.ccomptes.fr\/sites\/default\/files\/2025-05\/20250220-summary-Financial-situation-and-outlook-for-the-pension-system.pdf?utm_source=chatgpt.com\" rel=\"noopener\">\u00fcbersteigen schon jetzt 14 Prozent der nationalen Wirtschaftsleistung<\/a>.<\/p>\n<p>Desastr\u00f6ses Signal an die M\u00e4rkte<\/p>\n<p class=\"nzzinteraction articlecomponent text-paper-950 dark:text-paper-50 darknzz:text-paper-50 dark:lightnzz:text-paper-950 font-serif text-lg font-normal leading-[1.56] md:text-xl md:leading-[1.6]\" id=\"id-doc-1j7hr0hk60\" componenttype=\"p\" data-team-paragraph=\"true\">Macrons Reform mag schlecht kommuniziert und politisch autorit\u00e4r umgesetzt worden sein, mithilfe eines verhassten Notstandsparagrafen, doch \u00f6konomisch ist sie unerl\u00e4sslich \u2013 auch, um Frankreichs Glaubw\u00fcrdigkeit an den Finanzm\u00e4rkten zu retten. Gleichwohl h\u00e4lt die politische Linke \u2013 ebenso wie die nationalistische Rechte von Marine Le Pen \u2013 an der Illusion fest, Frankreich k\u00f6nne seinen Wohlstand und seine sozialen Versprechen allein durch Umverteilung sichern.<\/p>\n<p class=\"nzzinteraction articlecomponent text-paper-950 dark:text-paper-50 darknzz:text-paper-50 dark:lightnzz:text-paper-950 font-serif text-lg font-normal leading-[1.56] md:text-xl md:leading-[1.6]\" id=\"id-doc-1j7hjm33b0\" componenttype=\"p\" data-team-paragraph=\"true\">Ob Lecornu diese Woche \u00fcbersteht, ist noch nicht einmal ausgemacht. Bei den wirtschaftsliberalen Konservativen w\u00e4chst der Widerstand; ob sich alle an die vom Parteichef Bruno Retailleau verordnete Stimmenthaltung bei den Misstrauensvoten halten, ist ungewiss. Vielleicht kann Lecornu seine und damit Macrons Macht sichern, aber wirtschaftlich schadet er dem Land enorm. Indem er den Sozialisten nachgibt, versch\u00e4rft er die Krise, die er l\u00f6sen will.<\/p>\n<p class=\"nzzinteraction articlecomponent text-paper-950 dark:text-paper-50 darknzz:text-paper-50 dark:lightnzz:text-paper-950 font-serif text-lg font-normal leading-[1.56] md:text-xl md:leading-[1.6]\" id=\"id-doc-1j7hia5jb4\" componenttype=\"p\" data-vars-danzz-last-article-element=\"true\" data-team-paragraph=\"true\">Es ist schon ironisch: Just in dieser Woche erhielt der Franzose Philippe Aghion den Wirtschaftsnobelpreis (gemeinsam mit zwei weiteren Preistr\u00e4gern) \u2013 ein \u00d6konom, der erforscht, wie Innovation und Wettbewerb Wachstum vorantreiben, also genau das, was Frankreich eigentlich so dringend brauchte. \u00abDie Zahl unserer Nobelpreistr\u00e4ger steht in umgekehrtem Verh\u00e4ltnis zu unseren wirtschaftlichen Erfolgen\u00bb, spottete die Wirtschaftszeitung \u00abLes \u00c9chos\u00bb.<\/p>\n<p class=\"text-xs font-medium\">Martin Ahlemeyer<\/p>\n<p>vor 18 Minuten<\/p>\n<p>Totgesagte leben l\u00e4nger, Griechenland wurde gerettet, geht doch. Italien h\u00e4ufig tot gesagt, h\u00f6rt man nichts mehr von. Nun ist Frankreich dran.. Bonit\u00e4ten herabgesetzt, na und. Jetzt \u00fcberschuldet sich Deutschland. Die Amerikaner haben doch auch enorm viel Schulden und aktuell steht der Euro besser da als der Dollar.Seit Jahren Warnungen vor \u00dcberschuldung und Inflation, aber es ist doch bisher gut gegangen, nix brach wirklich zusammen. Weltwirtschaftskrisen, was war das nochmal?<\/p>\n<p class=\"text-xs font-medium\">Bernhard Piller<\/p>\n<p>vor 19 Minuten<\/p>\n<p>Manchmal muss ein System an die Wand gefahren werden, bevor die Leute eine Aenderung akzeptieren. Vielleicht wird Frankreich das neue Argentinien&#8230;<\/p>\n","protected":false},"excerpt":{"rendered":"Die neue Regierung von S\u00e9bastien Lecornu k\u00f6nnte diese Woche \u00fcberleben \u2013 f\u00fcr den Preis, dass die verhasste Rentenreform&hellip;\n","protected":false},"author":2,"featured_media":499822,"comment_status":"","ping_status":"","sticky":false,"template":"","format":"standard","meta":{"footnotes":""},"categories":[3974],"tags":[331,332,548,663,3934,3980,156,13,14,15,12],"class_list":{"0":"post-499821","1":"post","2":"type-post","3":"status-publish","4":"format-standard","5":"has-post-thumbnail","7":"category-frankreich","8":"tag-aktuelle-nachrichten","9":"tag-aktuelle-news","10":"tag-eu","11":"tag-europa","12":"tag-europe","13":"tag-france","14":"tag-frankreich","15":"tag-headlines","16":"tag-nachrichten","17":"tag-news","18":"tag-schlagzeilen"},"share_on_mastodon":{"url":"https:\/\/pubeurope.com\/@de\/115376574231579341","error":""},"_links":{"self":[{"href":"https:\/\/www.europesays.com\/de\/wp-json\/wp\/v2\/posts\/499821","targetHints":{"allow":["GET"]}}],"collection":[{"href":"https:\/\/www.europesays.com\/de\/wp-json\/wp\/v2\/posts"}],"about":[{"href":"https:\/\/www.europesays.com\/de\/wp-json\/wp\/v2\/types\/post"}],"author":[{"embeddable":true,"href":"https:\/\/www.europesays.com\/de\/wp-json\/wp\/v2\/users\/2"}],"replies":[{"embeddable":true,"href":"https:\/\/www.europesays.com\/de\/wp-json\/wp\/v2\/comments?post=499821"}],"version-history":[{"count":0,"href":"https:\/\/www.europesays.com\/de\/wp-json\/wp\/v2\/posts\/499821\/revisions"}],"wp:featuredmedia":[{"embeddable":true,"href":"https:\/\/www.europesays.com\/de\/wp-json\/wp\/v2\/media\/499822"}],"wp:attachment":[{"href":"https:\/\/www.europesays.com\/de\/wp-json\/wp\/v2\/media?parent=499821"}],"wp:term":[{"taxonomy":"category","embeddable":true,"href":"https:\/\/www.europesays.com\/de\/wp-json\/wp\/v2\/categories?post=499821"},{"taxonomy":"post_tag","embeddable":true,"href":"https:\/\/www.europesays.com\/de\/wp-json\/wp\/v2\/tags?post=499821"}],"curies":[{"name":"wp","href":"https:\/\/api.w.org\/{rel}","templated":true}]}}