{"id":499918,"date":"2025-10-15T06:34:12","date_gmt":"2025-10-15T06:34:12","guid":{"rendered":"https:\/\/www.europesays.com\/de\/499918\/"},"modified":"2025-10-15T06:34:12","modified_gmt":"2025-10-15T06:34:12","slug":"nato-staaten-erwarten-neuen-druck-der-usa-bei-treffen-in-bruessel","status":"publish","type":"post","link":"https:\/\/www.europesays.com\/de\/499918\/","title":{"rendered":"NATO-Staaten erwarten neuen Druck der USA bei Treffen in Br\u00fcssel"},"content":{"rendered":"<p>            <img loading=\"lazy\" decoding=\"async\" class=\"ts-image\" src=\"https:\/\/www.europesays.com\/de\/wp-content\/uploads\/2025\/10\/nato-474.jpg\" alt=\"Eine Flagge der NATO vor dem NATO-Hauptquartier in Br\u00fcssel\" title=\"Eine Flagge der NATO vor dem NATO-Hauptquartier in Br\u00fcssel | dpa\"\/><\/p>\n<p class=\"metatextline\">Stand: 15.10.2025 07:17 Uhr<\/p>\n<p class=\"textabsatz columns twelve  m-ten  m-offset-one l-eight l-offset-two\">\n        <strong>Beim heutigen Treffen der NATO-Verteidigungsminister in Br\u00fcssel d\u00fcrfte ein Thema wieder im Mittelpunkt stehen: Die aus US-Sicht zu niedrigen R\u00fcstungsausgaben der Europ\u00e4er. Auch Vereinbarungen zur Ukraine-Unterst\u00fctzung bergen Z\u00fcndstoff. <\/strong>\n    <\/p>\n<p>                                        <a class=\"authorline__link\" href=\"https:\/\/www.tagesschau.de\/korrespondenten\/helga-schmidt-101.html\" target=\"_blank\" rel=\"noopener\"><br \/>\n                                            <img decoding=\"async\" class=\"authorline__img\" alt=\"Helga Schmidt\" src=\"https:\/\/www.europesays.com\/de\/wp-content\/uploads\/2025\/10\/schmidt-328.jpg\"\/><br \/>\n                                        <\/a><\/p>\n<p class=\"textabsatz m-ten m-offset-one l-eight l-offset-two columns twelve\">Wenn Amerikas Verteidigungsminister nach Br\u00fcssel ins NATO-Hauptquartier kommt, ist er immer ein besonderer Gast. Er kommt aus dem m\u00e4chtigsten Mitgliedsland und ist f\u00fcr die meisten immer noch der wichtigste Alliierte. Das hat sich unter Donald Trump nicht wesentlich ge\u00e4ndert. Ge\u00e4ndert hat sich, dass der US-Verteidigungsminister jetzt Kriegsminister genannt werden m\u00f6chte.<\/p>\n<p class=\"textabsatz m-ten m-offset-one l-eight l-offset-two columns twelve\">Nicht nur darin unterscheidet Pete Hegseth sich von seinen Vorg\u00e4ngern. Offensiv bis aggressiv wirkt sein Auftreten gegen\u00fcber den Partnern, kompromisslos seine Sprache. Das hat die Stimmung ver\u00e4ndert. Die Europ\u00e4er rechnen damit, dass Hegseth auch beim heutigen Treffen wieder eine Menge Druck machen wird.<\/p>\n<p>    Spanien zieht Trumps \u00c4rger auf sich<\/p>\n<p class=\"textabsatz m-ten m-offset-one l-eight l-offset-two columns twelve\">Das Pochen auf Umsetzung der <a href=\"https:\/\/www.tagesschau.de\/ausland\/europa\/nato-gipfel-ergebnisse-100.html\" title=\"Was auf dem NATO-Gipfel beschlossen wurde\" target=\"_blank\" rel=\"noopener\">Beschl\u00fcsse vom letzten NATO-Gipfel in Den Haag<\/a> ist da noch einer der weniger dramatischen Konfliktpunkte. 3,5 Prozent der Wirtschaftskraft f\u00fcr direkte R\u00fcstungsausgaben plus 1,5 Prozent f\u00fcr verteidigungsrelevante Infrastruktur, <a href=\"https:\/\/www.tagesschau.de\/ausland\/europa\/nato-gipfel-5-prozent-abschluss-100.html\" title=\"NATO beschlie\u00dft Erh\u00f6hung der Verteidigungsausgaben auf f\u00fcnf Prozent\" target=\"_blank\" rel=\"noopener\">das hatte man vereinbart<\/a>. Die Europ\u00e4er seien auch auf dem Weg dahin, bekr\u00e4ftigte NATO-Generalsekret\u00e4r Mark Rutte kurz vor dem Treffen. Allerdings in unterschiedlicher Geschwindigkeit.<\/p>\n<p class=\"textabsatz m-ten m-offset-one l-eight l-offset-two columns twelve\">Am weitesten entfernt vom R\u00fcstungsziel ist Spanien, Ministerpr\u00e4sident Sanchez stellt sich quer. Schon in Den Haag hatte er nur pro forma zugestimmt und danach mehrfach erkl\u00e4rt, dass er die gew\u00fcnschte Aufr\u00fcstung nicht mitmachen wird. Was ihm vor einer Woche <a href=\"https:\/\/www.tagesschau.de\/ausland\/europa\/nato-spanien-trump-ausschluss-100.html\" title=\"US-Pr\u00e4sident Trump droht Spanien mit Rauswurf aus der NATO\" target=\"_blank\" rel=\"noopener\">eine pers\u00f6nliche Drohung aus Washington einbrachte<\/a>: &#8222;Vielleicht sollte man die aus der NATO werfen&#8220;, sinnierte Donald Trump. In der Haut des spanischen Verteidigungsministers m\u00f6chte jetzt beim Treffen in Br\u00fcssel niemand stecken, hei\u00dft es bei der NATO.<\/p>\n<p>    Ein Angebot, das die Europ\u00e4er ablehnen<\/p>\n<p class=\"textabsatz m-ten m-offset-one l-eight l-offset-two columns twelve\">Auch die Frage nach der Zukunft der Milit\u00e4rhilfe f\u00fcr die Ukraine enth\u00e4lt einigen Z\u00fcndstoff, auch da kann Hegseth sich auf getroffene Vereinbarungen berufen. Die USA hatten zugesagt, weiter Waffen f\u00fcr die Ukraine zur Verf\u00fcgung zu stellen &#8211; aber nur, wenn die Europ\u00e4er sie bezahlen.<\/p>\n<p class=\"textabsatz m-ten m-offset-one l-eight l-offset-two columns twelve\">Einkaufen bei US-R\u00fcstungskonzernen, das gef\u00e4llt allerdings nicht allen europ\u00e4ischen Regierungen. Unpopul\u00e4r ist der Gedanke vor allem in Frankreich, aber auch andere gro\u00dfe EU-L\u00e4nder halten sich zur\u00fcck. Nicht mal Gro\u00dfbritannien, sonst enger Partner f\u00fcr Washington in Verteidigungsfragen, hat bisher beim Angebot &#8222;buy american&#8220; zugegriffen.<\/p>\n<p>    Wenig Interesse an US-Waffen<\/p>\n<p class=\"textabsatz m-ten m-offset-one l-eight l-offset-two columns twelve\">Dabei hatte US-Pr\u00e4sident Trump im Juli zusammen mit NATO-Generalsekret\u00e4r Rutte ein eigenes Programm f\u00fcr die neue Lastenteilung aufgelegt, die &#8222;Priorisierte Anforderungsliste f\u00fcr die Ukraine&#8220; (PURL). Auf der Liste stehen Waffen aus amerikanischer Produktion, die Europ\u00e4er sollten sie f\u00fcr die Ukraine kaufen. Bisher ist die Gruppe der Interessenten \u00fcberschaubar.<\/p>\n<p class=\"textabsatz m-ten m-offset-one l-eight l-offset-two columns twelve\">Deutschland und die Niederlande haben jeweils Waffen im Wert von 500 Millionen Dollar gekauft, die skandinavischen L\u00e4nder haben sich zusammengetan und f\u00fcr rund 500 Millionen bestellt. Andere Alliierte halten sich zur\u00fcck. Sie k\u00f6nnen davon ausgehen, so hei\u00dft es bei der NATO, dass der Pentagon-Chef sie an die Vereinbarung mit dem Namen PURL (Prioritized Ukraine Requirements List<strong>)<\/strong> erinnern wird.<\/p>\n<p>    Schw\u00e4che im Luftraum offenbart<\/p>\n<p class=\"textabsatz m-ten m-offset-one l-eight l-offset-two columns twelve\">Weniger Konflikte werden beim Thema Drohnenabwehr erwartet. Hier sind sich die meisten Alliierten einig, dass es Nachholbedarf gibt. Das B\u00fcndnis sah nicht besonders gut aus bei den Luftraumverletzungen durch russische Drohnen in den vergangenen Wochen. &#8222;Wir lernen immer etwas aus Fehlern&#8220;, konstatierte der Oberkommandierende der alliierten Truppen in Europa, US Airforce General Alexus Gynkewich, schon nach den ersten Drohnenfl\u00fcgen \u00fcber Polen.<\/p>\n<p class=\"textabsatz m-ten m-offset-one l-eight l-offset-two columns twelve\">Viel zu aufw\u00e4ndig, viel zu teuer, so lautete eine der Lehren, die man zog. Zum Teil mussten gro\u00dfe Kampfflugzeuge mit teuren Raketen gegen relativ schlichte und kosteng\u00fcnstige russische Drohnen eingesetzt werden, das soll sich \u00e4ndern.<\/p>\n<p class=\"textabsatz m-ten m-offset-one l-eight l-offset-two columns twelve\">Unterst\u00fctzung kommt von EU-Kommissionspr\u00e4sidentin Ursula von der Leyen, sie schl\u00e4gt den EU-Regierungen vor, zusammen eine Drohnenmauer zu errichten. Das Ziel: ein europ\u00e4isches System f\u00fcr eine schnelle und wirksame Abwehr russischer Drohnen. Konkretes werden die Verteidigungsminister aus den EU-L\u00e4ndern am Abend erfahren &#8211; dann aber nicht mehr im NATO-Hauptquartier, sondern im Ratsgeb\u00e4ude im Br\u00fcsseler Europaviertel.<\/p>\n<p>    <a href=\"https:\/\/www.tagesschau.de\/multimedia\/audio\/audio-306472.html\" target=\"_blank\" rel=\"noopener\"><\/p>\n<p>Helga Schmidt, ARD Br\u00fcssel, tagesschau, 14.10.2025 18:00 Uhr<\/p>\n<p>    <\/a><\/p>\n","protected":false},"excerpt":{"rendered":"Stand: 15.10.2025 07:17 Uhr Beim heutigen Treffen der NATO-Verteidigungsminister in Br\u00fcssel d\u00fcrfte ein Thema wieder im Mittelpunkt stehen:&hellip;\n","protected":false},"author":2,"featured_media":499919,"comment_status":"","ping_status":"","sticky":false,"template":"","format":"standard","meta":{"footnotes":""},"categories":[3],"tags":[13,23604,14,1159,15,12,10,8,9,11,6013,103,104],"class_list":{"0":"post-499918","1":"post","2":"type-post","3":"status-publish","4":"format-standard","5":"has-post-thumbnail","7":"category-welt","8":"tag-headlines","9":"tag-hegseth","10":"tag-nachrichten","11":"tag-nato","12":"tag-news","13":"tag-schlagzeilen","14":"tag-top-news","15":"tag-top-meldungen","16":"tag-topmeldungen","17":"tag-topnews","18":"tag-verteidigungsausgaben","19":"tag-welt","20":"tag-world"},"share_on_mastodon":{"url":"https:\/\/pubeurope.com\/@de\/115376794232593852","error":""},"_links":{"self":[{"href":"https:\/\/www.europesays.com\/de\/wp-json\/wp\/v2\/posts\/499918","targetHints":{"allow":["GET"]}}],"collection":[{"href":"https:\/\/www.europesays.com\/de\/wp-json\/wp\/v2\/posts"}],"about":[{"href":"https:\/\/www.europesays.com\/de\/wp-json\/wp\/v2\/types\/post"}],"author":[{"embeddable":true,"href":"https:\/\/www.europesays.com\/de\/wp-json\/wp\/v2\/users\/2"}],"replies":[{"embeddable":true,"href":"https:\/\/www.europesays.com\/de\/wp-json\/wp\/v2\/comments?post=499918"}],"version-history":[{"count":0,"href":"https:\/\/www.europesays.com\/de\/wp-json\/wp\/v2\/posts\/499918\/revisions"}],"wp:featuredmedia":[{"embeddable":true,"href":"https:\/\/www.europesays.com\/de\/wp-json\/wp\/v2\/media\/499919"}],"wp:attachment":[{"href":"https:\/\/www.europesays.com\/de\/wp-json\/wp\/v2\/media?parent=499918"}],"wp:term":[{"taxonomy":"category","embeddable":true,"href":"https:\/\/www.europesays.com\/de\/wp-json\/wp\/v2\/categories?post=499918"},{"taxonomy":"post_tag","embeddable":true,"href":"https:\/\/www.europesays.com\/de\/wp-json\/wp\/v2\/tags?post=499918"}],"curies":[{"name":"wp","href":"https:\/\/api.w.org\/{rel}","templated":true}]}}