{"id":499973,"date":"2025-10-15T07:05:19","date_gmt":"2025-10-15T07:05:19","guid":{"rendered":"https:\/\/www.europesays.com\/de\/499973\/"},"modified":"2025-10-15T07:05:19","modified_gmt":"2025-10-15T07:05:19","slug":"eu-plant-filterzigaretten-verbot-kippenfreiheit-wichtiger-als-menschen","status":"publish","type":"post","link":"https:\/\/www.europesays.com\/de\/499973\/","title":{"rendered":"EU plant Filterzigaretten-Verbot: \u201eKippenfreiheit\u201c wichtiger als Menschen?"},"content":{"rendered":"<p>\t\t\t\t\t\t\t\t\t\t\t\t\t\t\t\t\t\t\t\t\t\t\t\t\t\t\t\t      \t\t            \t\t             \t\t\t\t   \t\t\t\t\t   <img decoding=\"async\" id=\"article-image\" fetchpriority=\"high\" alt=\"EU plant Filterzigaretten-Verbot: \u201eKippenfreiheit\u201c wichtiger als Menschen?\" title=\"EU plant Filterzigaretten-Verbot: \u201eKippenfreiheit\u201c wichtiger als Menschen?\" src=\"https:\/\/www.europesays.com\/de\/wp-content\/uploads\/2025\/10\/media.media.f6a34a92-10d8-4c4c-ab36-c92e6428d4c2.16x9_700.jpg\" data-linkto=\"https:\/\/www.stuttgarter-nachrichten.de\/javascript:void(0);\"\/>\t\t\t\t\t\t\t\t\t\t\t\t\t\t\t\t\t\t\t\t\t\t\t\tZigarettenkippen am Strand sind kein sch\u00f6ner Anblick.\u00a0Foto: IMAGO\/Future Image\t\t\t<\/p>\n<p>Geheimpapier enth\u00fcllt: EU und WHO wollen Zigarettenfilter verbieten und Verkaufsstellen reduzieren \u2013 Rauchverbot f\u00fcr Jugendliche?<\/p>\n<p>Ein radikaler Vorsto\u00df im Kampf gegen das Rauchen zeichnet sich in der Europ\u00e4ischen Union ab. Wie die \u00f6sterreichische \u201eKronen Zeitung\u201c als erste berichtet hatte, plant die <a href=\"https:\/\/www.stuttgarter-nachrichten.de\/thema\/EU\" title=\"EU\" class=\"art_thema\" rel=\"nofollow noopener\" target=\"_blank\">EU<\/a>-Kommission offenbar ein Verbot von Filterzigaretten und <a href=\"https:\/\/www.stuttgarter-nachrichten.de\/thema\/E-Zigaretten\" title=\"E-Zigaretten\" class=\"art_thema\" rel=\"nofollow noopener\" target=\"_blank\">E-Zigaretten<\/a>. <a href=\"https:\/\/www.stuttgarter-nachrichten.de\/inhalt.eu-filterzigaretten-verbot-wann-mhsd.fcb7dab9-58f1-4b1c-b6d9-53ee3030182c.html\" target=\"_blank\" rel=\"nofollow noopener\"> Ab wann das gelten k\u00f6nnte, ist jedoch noch unklar.<\/a> <\/p>\n<p>Die Ma\u00dfnahme w\u00e4re ein weitreichender Eingriff in die Konsumgewohnheiten von Millionen europ\u00e4ischen B\u00fcrgern und k\u00f6nnte die Tabakbranche grundlegend ver\u00e4ndern. Laut \u201eKrone\u201c liegt der Redaktion ein geheimes Papier aus Br\u00fcssel vor, laut dem die EU-Kommission den Pl\u00e4nen der Weltgesundheitsorganisation (<a href=\"https:\/\/www.stuttgarter-nachrichten.de\/thema\/WHO\" title=\"WHO\" class=\"art_thema\" rel=\"nofollow noopener\" target=\"_blank\">WHO<\/a>) gegen das Rauchen zustimmen will. <\/p>\n<p>Die WHO hat sich dem Kampf gegen das Rauchen verschrieben und verfolgt das Ziel einer \u201enikotinfreien Generation\u201c, will also ein komplettes Verbot des Rauchens.<\/p>\n<p>   Geplantes Filterzigaretten-Verbot von EU und WHO  <\/p>\n<ul>\n<li>Verbot von Zigarettenfiltern<\/li>\n<li>Drastische Reduzierung von Verkaufsstellen f\u00fcr Tabakprodukte<\/li>\n<li>Verbot von Werbung und \u201eVerkaufsanreizen\u201c f\u00fcr Tabakprodukte<\/li>\n<li>Unterbindung der kommerziellen Gewinnerzielung mit Tabakprodukten<\/li>\n<li>M\u00f6gliches Verkaufsverbot f\u00fcr Personen, die nach einem bestimmten Datum geboren sind <\/li>\n<\/ul>\n<p>In dem Mandatsentwurf f\u00fcr die anstehende COP-Konferenz der WHO in <a href=\"https:\/\/www.stuttgarter-nachrichten.de\/thema\/Genf\" title=\"Genf\" class=\"art_thema\" rel=\"nofollow noopener\" target=\"_blank\">Genf<\/a> steht laut \u201eKrone\u201c, dass die Europ\u00e4ische Union \u201edie Vorschl\u00e4ge der Expertengruppe unterst\u00fctzt\u201c und ihre eigenen Pl\u00e4ne anpassen will. Die Ma\u00dfnahmen sind weitreichend: So sollen Verkaufsstellen drastisch reduziert werden, was in \u00d6sterreich haupts\u00e4chlich die Tabakl\u00e4den (Trafiken) betreffen w\u00fcrde.<\/p>\n<p>WHO: \u201eZigarettenfilter schaden der Umwelt\u201c <\/p>\n<p>Besonders weitgehend ist das vorgeschlagene Verbot von Zigarettenfiltern, das die EU-Kommission offenbar ebenfalls begr\u00fc\u00dft. Die Begr\u00fcndung: Filter schaden der Umwelt, wenn sie in der Natur landen, etwa am Strand.<\/p>\n<p>Die \u201eKrone\u201c weist jedoch kritisch darauf hin, dass Konsumenten, die nur noch filterlos rauchen k\u00f6nnen, die Giftstoffe und Teer ungefiltert in die Lunge ziehen w\u00fcrden \u2013 was den WHO-Funktion\u00e4ren unter dem aus dem diktatorischen \u00c4thiopien stammenden Tedros Adhanom Ghebreyesus aber offenbar v\u00f6llig egal ist.<\/p>\n<p>Zus\u00e4tzlich sieht das Papier vor, dass der Verkauf von Tabakprodukten nicht mehr kommerziell erfolgen soll, was bedeutet, dass m\u00f6glichst keine Gewinne mehr flie\u00dfen sollen. Auch \u201eVerkaufsanreize\u201c und Werbung will die WHO verbieten.<\/p>\n<p> Zigarettenfilter- und Verkaufsverbot f\u00fcr Jugendliche in der EU? <\/p>\n<p>Die \u201eKrone\u201c berichtet weiter, dass die EU-Kommission auch ein Verkaufsverbot f\u00fcr Tabak f\u00fcr alle, die nach einem bestimmten Datum geboren sind, unterst\u00fctzt \u2013 die Idee der \u201etabakfreien Generation\u201c. <\/p>\n<p>Die Zeitung merkt kritisch an, dass bisher nur <a href=\"https:\/\/www.stuttgarter-nachrichten.de\/thema\/Neuseeland\" title=\"Neuseeland\" class=\"art_thema\" rel=\"nofollow noopener\" target=\"_blank\">Neuseeland<\/a> unter der fr\u00fcheren Premierministerin und Scharfmacherin Jacinda Ardern ein solches Verbot beschlossen hatte. Es musste teilweise wieder zur\u00fcckgenommen werden, nachdem Schwarzmarkt und Schmuggel wie zu Zeiten der Alkohol-Prohibition in den <a href=\"https:\/\/www.stuttgarter-nachrichten.de\/thema\/USA\" title=\"USA\" class=\"art_thema\" rel=\"nofollow noopener\" target=\"_blank\">USA<\/a> zu florieren begannen.<\/p>\n<p>Wie die Mitgliedsstaaten die Pl\u00e4ne beurteilen, ist laut \u201eKrone\u201c noch offen. Am Donnerstag tagt eine Ratsarbeitsgruppe, in der sich Vertreter aus allen EU-L\u00e4ndern einbringen k\u00f6nnen.<\/p>\n","protected":false},"excerpt":{"rendered":"Zigarettenkippen am Strand sind kein sch\u00f6ner Anblick.\u00a0Foto: IMAGO\/Future Image Geheimpapier enth\u00fcllt: EU und WHO wollen Zigarettenfilter verbieten und&hellip;\n","protected":false},"author":2,"featured_media":499974,"comment_status":"","ping_status":"","sticky":false,"template":"","format":"standard","meta":{"footnotes":""},"categories":[3933],"tags":[331,332,10915,548,663,158,3934,3935,125133,37303,13,58374,125134,14,15,1433,23380,12,5494,591],"class_list":{"0":"post-499973","1":"post","2":"type-post","3":"status-publish","4":"format-standard","5":"has-post-thumbnail","7":"category-eu","8":"tag-aktuelle-nachrichten","9":"tag-aktuelle-news","10":"tag-e-zigaretten","11":"tag-eu","12":"tag-europa","13":"tag-europaeische-union","14":"tag-europe","15":"tag-european-union","16":"tag-filterzigaretten","17":"tag-genf","18":"tag-headlines","19":"tag-krone","20":"tag-kronenzeitung","21":"tag-nachrichten","22":"tag-news","23":"tag-oesterreich","24":"tag-rauchverbot","25":"tag-schlagzeilen","26":"tag-who","27":"tag-wissen"},"share_on_mastodon":{"url":"https:\/\/pubeurope.com\/@de\/115376916222568644","error":""},"_links":{"self":[{"href":"https:\/\/www.europesays.com\/de\/wp-json\/wp\/v2\/posts\/499973","targetHints":{"allow":["GET"]}}],"collection":[{"href":"https:\/\/www.europesays.com\/de\/wp-json\/wp\/v2\/posts"}],"about":[{"href":"https:\/\/www.europesays.com\/de\/wp-json\/wp\/v2\/types\/post"}],"author":[{"embeddable":true,"href":"https:\/\/www.europesays.com\/de\/wp-json\/wp\/v2\/users\/2"}],"replies":[{"embeddable":true,"href":"https:\/\/www.europesays.com\/de\/wp-json\/wp\/v2\/comments?post=499973"}],"version-history":[{"count":0,"href":"https:\/\/www.europesays.com\/de\/wp-json\/wp\/v2\/posts\/499973\/revisions"}],"wp:featuredmedia":[{"embeddable":true,"href":"https:\/\/www.europesays.com\/de\/wp-json\/wp\/v2\/media\/499974"}],"wp:attachment":[{"href":"https:\/\/www.europesays.com\/de\/wp-json\/wp\/v2\/media?parent=499973"}],"wp:term":[{"taxonomy":"category","embeddable":true,"href":"https:\/\/www.europesays.com\/de\/wp-json\/wp\/v2\/categories?post=499973"},{"taxonomy":"post_tag","embeddable":true,"href":"https:\/\/www.europesays.com\/de\/wp-json\/wp\/v2\/tags?post=499973"}],"curies":[{"name":"wp","href":"https:\/\/api.w.org\/{rel}","templated":true}]}}