{"id":499988,"date":"2025-10-15T07:14:17","date_gmt":"2025-10-15T07:14:17","guid":{"rendered":"https:\/\/www.europesays.com\/de\/499988\/"},"modified":"2025-10-15T07:14:17","modified_gmt":"2025-10-15T07:14:17","slug":"weihnachtsmarkt-saison-hannover-startet-als-eine-der-ersten-staedte","status":"publish","type":"post","link":"https:\/\/www.europesays.com\/de\/499988\/","title":{"rendered":"Weihnachtsmarkt-Saison: Hannover startet als eine der ersten St\u00e4dte"},"content":{"rendered":"<p>        <img decoding=\"async\" src=\"https:\/\/www.europesays.com\/de\/wp-content\/uploads\/2025\/10\/winterzauber-100.webp\" alt=\"Die Betreiberin eines Standes f\u00fcr Weihnachtsbaum-Dekoration beim \u00abWinterzauber Herrenhausen\u00bb am Schloss Herrenhausen richtet ihr Angebot.\" title=\"Die Betreiberin eines Standes f\u00fcr Weihnachtsbaum-Dekoration beim \u00abWinterzauber Herrenhausen\u00bb am Schloss Herrenhausen richtet ihr Angebot. | picture alliance\/dpa, Moritz Frankenberg\" class=\"responsive\"\/><\/p>\n<p>\n            Stand: 15.10.2025 08:50 Uhr<\/p>\n<p class=\"preface\">Gl\u00fchwein, Pl\u00e4tzchen und Tannenb\u00e4ume schon im Oktober? Ende des Monats beginnt in Hannover der &#8222;Winterzauber Herrenhausen&#8220;. Damit ist die Stadt eine der Ersten, die in die Saison der Winter- und Weihnachtsm\u00e4rkte startet.<\/p>\n<p class=\"\">Vom 29. Oktober bis zum 2. November k\u00f6nnen Besucherinnen und Besucher am Schloss Herrenhausen schon einmal Weihnachtsluft schnuppern, Punsch und Gl\u00fchwein trinken und sich mit Weihnachtsschmuck ausstatten. Das bayerische Bayreuth ist noch fr\u00fcher dran: Dort \u00f6ffnet bereits an diesem Mittwoch das &#8222;Winterdorf&#8220; mit Holzh\u00fctten und Gl\u00fchweinbuden in der Fu\u00dfg\u00e4ngerzone. In Berlin k\u00f6nnen Weihnachtsfans ab 31. Oktober die &#8222;Winterwelt am Potsdamer Platz&#8220; und ab 1. November die &#8222;Lichtenberger Winterzeit&#8220; besuchen.<\/p>\n<p>    Weihnachtsm\u00e4rkte in Niedersachsen starten am 24. November<\/p>\n<p class=\"\">Weihnachtsm\u00e4rkte \u00f6ffnen im deutschsprachigen Raum traditionell erst nach Totensonntag. Der f\u00e4llt in diesem Jahr auf den 23. November. So beginnen der Weihnachtsmarkt in der Altstadt von Hannover, der Historische Weihnachtsmarkt <a href=\"https:\/\/www.ndr.de\/nachrichten\/ndrdata\/zensus-osnabrueck-bevoelkerung-wohnungen-familie-heizung,zensus486.html\" title=\"Zensus-Daten f\u00fcr Osnabr\u00fcck\" target=\"_blank\" rel=\"noopener\">Osnabr\u00fcck<\/a> und der Weihnachtsmarkt <a href=\"https:\/\/www.ndr.de\/nachrichten\/ndrdata\/zensus-goettingen-bevoelkerung-wohnungen-familie-heizung,zensus966.html\" title=\"Zensus-Daten f\u00fcr die Einheitsgemeinde G\u00f6ttingen\" target=\"_blank\" rel=\"noopener\">G\u00f6ttingen<\/a> am Montag, den 24. November. Der Lamberti-Weihnachtsmarkt in <a href=\"https:\/\/www.ndr.de\/nachrichten\/ndrdata\/zensus-oldenburgstadt-bevoelkerung-wohnungen-familie-heizung,zensus500.html\" title=\"Zensus-Daten f\u00fcr Oldenburg (Stadt)\" target=\"_blank\" rel=\"noopener\">Oldenburg<\/a> startet am Mittwoch, den 26. November, ebenso wie der <a href=\"https:\/\/www.ndr.de\/nachrichten\/niedersachsen\/braunschweig_harz_goettingen\/Braunschweiger-Weihnachtsmarkt-beendet-Schausteller-zufrieden,aktuellbraunschweig14656.html\" title=\"Braunschweig: Schausteller zufrieden mit Weihnachtsmarkt-Gesch\u00e4ft\" target=\"_blank\" rel=\"noopener\">Weihnachtsmarkt in Braunschweig<\/a>.<\/p>\n<p>        <img decoding=\"async\" src=\"https:\/\/www.europesays.com\/de\/wp-content\/uploads\/2025\/10\/bus672.webp\" alt=\"Ein Bus der G\u00f6ttinger Verkehrsbetriebe f\u00e4hrt \u00fcber eine Stra\u00dfe.\" title=\"Ein Bus der G\u00f6ttinger Verkehrsbetriebe f\u00e4hrt \u00fcber eine Stra\u00dfe. | picture alliance, Swen Pf\u00f6rtner\" class=\"responsive\" loading=\"lazy\"\/><\/p>\n<p>Die Stadt versch\u00e4rft die Sicherheitsma\u00dfnahmen. Der Busverkehr soll deshalb umgeleitet werden.<\/p>\n<p>        <img decoding=\"async\" src=\"https:\/\/www.europesays.com\/de\/wp-content\/uploads\/2025\/10\/oldenburg2758.webp\" alt=\"Das Bild zeigt Sabine G\u00f6rg auf dem Weihnachtsmarkt in Oldenburg.\" title=\"Das Bild zeigt Sabine G\u00f6rg auf dem Weihnachtsmarkt in Oldenburg. | NDR\" class=\"responsive\" loading=\"lazy\"\/><\/p>\n<p>Menschen mit Behinderung wollen die M\u00e4rkte gern besuchen, sto\u00dfen aber oft auf H\u00fcrden. Auch auf dem Oldenburger Lamberti-Markt.<\/p>\n<p>        <img decoding=\"async\" src=\"https:\/\/www.europesays.com\/de\/wp-content\/uploads\/2025\/10\/lingen962.webp\" alt=\"In der Innenstadt von Lingen ist im Dezember 2021 eine Eislaufbahn aufgebaut.\" title=\"In der Innenstadt von Lingen ist im Dezember 2021 eine Eislaufbahn aufgebaut. | NDR, Hedwig Ahrens\" class=\"responsive\" loading=\"lazy\"\/><\/p>\n<p>Schon jetzt gibt es laut Veranstalter so viele Besucher wie nie zuvor. Das liege auch an G\u00e4sten aus den Niederlanden.<\/p>\n","protected":false},"excerpt":{"rendered":"Stand: 15.10.2025 08:50 Uhr Gl\u00fchwein, Pl\u00e4tzchen und Tannenb\u00e4ume schon im Oktober? Ende des Monats beginnt in Hannover der&hellip;\n","protected":false},"author":2,"featured_media":499989,"comment_status":"","ping_status":"","sticky":false,"template":"","format":"standard","meta":{"footnotes":""},"categories":[1836],"tags":[3364,29,30,46,10693,1411,12289,8497,125136,124875],"class_list":{"0":"post-499988","1":"post","2":"type-post","3":"status-publish","4":"format-standard","5":"has-post-thumbnail","7":"category-hannover","8":"tag-de","9":"tag-deutschland","10":"tag-germany","11":"tag-hannover","12":"tag-herrenhausen","13":"tag-niedersachsen","14":"tag-weihnachten","15":"tag-weihnachtsmarkt","16":"tag-wimtermarkt","17":"tag-winterzauber"},"share_on_mastodon":{"url":"https:\/\/pubeurope.com\/@de\/115376952465583719","error":""},"_links":{"self":[{"href":"https:\/\/www.europesays.com\/de\/wp-json\/wp\/v2\/posts\/499988","targetHints":{"allow":["GET"]}}],"collection":[{"href":"https:\/\/www.europesays.com\/de\/wp-json\/wp\/v2\/posts"}],"about":[{"href":"https:\/\/www.europesays.com\/de\/wp-json\/wp\/v2\/types\/post"}],"author":[{"embeddable":true,"href":"https:\/\/www.europesays.com\/de\/wp-json\/wp\/v2\/users\/2"}],"replies":[{"embeddable":true,"href":"https:\/\/www.europesays.com\/de\/wp-json\/wp\/v2\/comments?post=499988"}],"version-history":[{"count":0,"href":"https:\/\/www.europesays.com\/de\/wp-json\/wp\/v2\/posts\/499988\/revisions"}],"wp:featuredmedia":[{"embeddable":true,"href":"https:\/\/www.europesays.com\/de\/wp-json\/wp\/v2\/media\/499989"}],"wp:attachment":[{"href":"https:\/\/www.europesays.com\/de\/wp-json\/wp\/v2\/media?parent=499988"}],"wp:term":[{"taxonomy":"category","embeddable":true,"href":"https:\/\/www.europesays.com\/de\/wp-json\/wp\/v2\/categories?post=499988"},{"taxonomy":"post_tag","embeddable":true,"href":"https:\/\/www.europesays.com\/de\/wp-json\/wp\/v2\/tags?post=499988"}],"curies":[{"name":"wp","href":"https:\/\/api.w.org\/{rel}","templated":true}]}}