{"id":500000,"date":"2025-10-15T07:21:09","date_gmt":"2025-10-15T07:21:09","guid":{"rendered":"https:\/\/www.europesays.com\/de\/500000\/"},"modified":"2025-10-15T07:21:09","modified_gmt":"2025-10-15T07:21:09","slug":"nach-schuessen-in-bottrop-gerichtsprozess-beginnt","status":"publish","type":"post","link":"https:\/\/www.europesays.com\/de\/500000\/","title":{"rendered":"Nach Sch\u00fcssen in Bottrop &#8211; Gerichtsprozess beginnt"},"content":{"rendered":"<ul>\n<li><strong>Angeklagt wegen gef\u00e4hrlicher K\u00f6rperverletzung <\/strong><\/li>\n<li><strong>Das Gerichtsurteil soll Ende Oktober fallen  <\/strong><\/li>\n<\/ul>\n<p>Sch\u00fcsse in Bottrop &#8211; ein ist Mann schwer verletzt. Diese Szene hat sich Mitte Juni dieses Jahres am S\u00fcdringcenter ereignet. Ab heute steht der mutma\u00dfliche Sch\u00fctze wegen gef\u00e4hrlicher K\u00f6rperverletzung vor dem Essener Landgericht. Eifersucht scheint sein Tatmotiv gewesen zu sein. Laut Anklage hat er in der Nacht des Geschehens seine Ex-Freundin verfolgt, die mit dem sp\u00e4teren Opfer unterwegs war. Er sei eifers\u00fcchtig gewesen auf den anderen Mann. Deshalb habe er ein modifiziertes Luftgewehr ausgepackt und auf denn Mann geschossen. Das Opfer wurde auf H\u00f6he der Rippen getroffen &#8211; die Munition hat sich durch die Leber gebohrt. Die Polizei konnte den Verd\u00e4chtigen nach ein paar Tagen festnehmen. Ein Urteil wird Ende Oktober erwartet. \u00a0<\/p>\n","protected":false},"excerpt":{"rendered":"Angeklagt wegen gef\u00e4hrlicher K\u00f6rperverletzung Das Gerichtsurteil soll Ende Oktober fallen Sch\u00fcsse in Bottrop &#8211; ein ist Mann schwer&hellip;\n","protected":false},"author":2,"featured_media":500001,"comment_status":"","ping_status":"","sticky":false,"template":"","format":"standard","meta":{"footnotes":""},"categories":[1834],"tags":[49375,125137,125138,3364,29,3688,30,1209,121,1269,30968],"class_list":{"0":"post-500000","1":"post","2":"type-post","3":"status-publish","4":"format-standard","5":"has-post-thumbnail","7":"category-essen","8":"tag-schsse","9":"tag-langericht","10":"tag-sdring-center","11":"tag-de","12":"tag-deutschland","13":"tag-essen","14":"tag-germany","15":"tag-nordrhein-westfalen","16":"tag-polizei","17":"tag-prozess","18":"tag-schwer-verletzt"},"share_on_mastodon":{"url":"https:\/\/pubeurope.com\/@de\/115376978959549519","error":""},"_links":{"self":[{"href":"https:\/\/www.europesays.com\/de\/wp-json\/wp\/v2\/posts\/500000","targetHints":{"allow":["GET"]}}],"collection":[{"href":"https:\/\/www.europesays.com\/de\/wp-json\/wp\/v2\/posts"}],"about":[{"href":"https:\/\/www.europesays.com\/de\/wp-json\/wp\/v2\/types\/post"}],"author":[{"embeddable":true,"href":"https:\/\/www.europesays.com\/de\/wp-json\/wp\/v2\/users\/2"}],"replies":[{"embeddable":true,"href":"https:\/\/www.europesays.com\/de\/wp-json\/wp\/v2\/comments?post=500000"}],"version-history":[{"count":0,"href":"https:\/\/www.europesays.com\/de\/wp-json\/wp\/v2\/posts\/500000\/revisions"}],"wp:featuredmedia":[{"embeddable":true,"href":"https:\/\/www.europesays.com\/de\/wp-json\/wp\/v2\/media\/500001"}],"wp:attachment":[{"href":"https:\/\/www.europesays.com\/de\/wp-json\/wp\/v2\/media?parent=500000"}],"wp:term":[{"taxonomy":"category","embeddable":true,"href":"https:\/\/www.europesays.com\/de\/wp-json\/wp\/v2\/categories?post=500000"},{"taxonomy":"post_tag","embeddable":true,"href":"https:\/\/www.europesays.com\/de\/wp-json\/wp\/v2\/tags?post=500000"}],"curies":[{"name":"wp","href":"https:\/\/api.w.org\/{rel}","templated":true}]}}