{"id":500125,"date":"2025-10-15T08:30:32","date_gmt":"2025-10-15T08:30:32","guid":{"rendered":"https:\/\/www.europesays.com\/de\/500125\/"},"modified":"2025-10-15T08:30:32","modified_gmt":"2025-10-15T08:30:32","slug":"bonn-ramersdorf-lkw-kracht-gegen-autobahnbruecke-der-a59","status":"publish","type":"post","link":"https:\/\/www.europesays.com\/de\/500125\/","title":{"rendered":"Bonn-Ramersdorf: LKW kracht gegen Autobahnbr\u00fccke der A59"},"content":{"rendered":"<p class=\"small date article__date\">Ver\u00f6ffentlicht:\u00a0Mittwoch, 15.10.2025 05:12<\/p>\n<p>Ein LKW, der einen Kran aufgeladen hatte, ist heute Nacht in Bonn-Ramersdorf gegen eine Br\u00fccke gekracht. Das passierte gegen viertel nach elf.<\/p>\n<p><img decoding=\"async\" alt=\"\" src=\"https:\/\/www.europesays.com\/de\/wp-content\/uploads\/2025\/10\/truck-731453_1920.jpg&#038;crop=0x120x1920x1200&#038;resize=1280x800&#038;dt=201908010542010.jpeg\" data-size=\"1280x800\"\/><\/p>\n<p>Wie die Leitstelle der Bonner Polizei heute Morgen mitteilte, hatte der LKW-Fahrer wohl die H\u00f6he seines Fahrzeugs untersch\u00e4tzt. Er fuhr auf der Oberkasseler Stra\u00dfe in Ramersdorf gegen die Autobahnbr\u00fccke der A59.<\/p>\n<p>Statik der Br\u00fccke muss \u00fcberpr\u00fcft werden<\/p>\n<p>Im Laufe des Tages soll untersucht werden, wie sehr die Autobahnbr\u00fccke dadurch besch\u00e4digt wurde. Der LKW musste nach dem Aufprall aufwendig abgeschleppt werden. Allein der geladene Kran wog 10 Tonnen.  <\/p>\n","protected":false},"excerpt":{"rendered":"Ver\u00f6ffentlicht:\u00a0Mittwoch, 15.10.2025 05:12 Ein LKW, der einen Kran aufgeladen hatte, ist heute Nacht in Bonn-Ramersdorf gegen eine Br\u00fccke&hellip;\n","protected":false},"author":2,"featured_media":500126,"comment_status":"","ping_status":"","sticky":false,"template":"","format":"standard","meta":{"footnotes":""},"categories":[1842],"tags":[125164,9913,1741,3364,29,30,1962,1209],"class_list":{"0":"post-500125","1":"post","2":"type-post","3":"status-publish","4":"format-standard","5":"has-post-thumbnail","7":"category-bonn","8":"tag-oberkasseler-strae","9":"tag-a59","10":"tag-bonn","11":"tag-de","12":"tag-deutschland","13":"tag-germany","14":"tag-lkw","15":"tag-nordrhein-westfalen"},"share_on_mastodon":{"url":"https:\/\/pubeurope.com\/@de\/115377250770337057","error":""},"_links":{"self":[{"href":"https:\/\/www.europesays.com\/de\/wp-json\/wp\/v2\/posts\/500125","targetHints":{"allow":["GET"]}}],"collection":[{"href":"https:\/\/www.europesays.com\/de\/wp-json\/wp\/v2\/posts"}],"about":[{"href":"https:\/\/www.europesays.com\/de\/wp-json\/wp\/v2\/types\/post"}],"author":[{"embeddable":true,"href":"https:\/\/www.europesays.com\/de\/wp-json\/wp\/v2\/users\/2"}],"replies":[{"embeddable":true,"href":"https:\/\/www.europesays.com\/de\/wp-json\/wp\/v2\/comments?post=500125"}],"version-history":[{"count":0,"href":"https:\/\/www.europesays.com\/de\/wp-json\/wp\/v2\/posts\/500125\/revisions"}],"wp:featuredmedia":[{"embeddable":true,"href":"https:\/\/www.europesays.com\/de\/wp-json\/wp\/v2\/media\/500126"}],"wp:attachment":[{"href":"https:\/\/www.europesays.com\/de\/wp-json\/wp\/v2\/media?parent=500125"}],"wp:term":[{"taxonomy":"category","embeddable":true,"href":"https:\/\/www.europesays.com\/de\/wp-json\/wp\/v2\/categories?post=500125"},{"taxonomy":"post_tag","embeddable":true,"href":"https:\/\/www.europesays.com\/de\/wp-json\/wp\/v2\/tags?post=500125"}],"curies":[{"name":"wp","href":"https:\/\/api.w.org\/{rel}","templated":true}]}}