{"id":500215,"date":"2025-10-15T09:23:11","date_gmt":"2025-10-15T09:23:11","guid":{"rendered":"https:\/\/www.europesays.com\/de\/500215\/"},"modified":"2025-10-15T09:23:11","modified_gmt":"2025-10-15T09:23:11","slug":"junge-oder-maedchen-1000-geburt-in-chemnitzer-krankenhaus-gefeiert","status":"publish","type":"post","link":"https:\/\/www.europesays.com\/de\/500215\/","title":{"rendered":"Junge oder M\u00e4dchen? 1000. Geburt in Chemnitzer Krankenhaus gefeiert"},"content":{"rendered":"<p>\t\t\t\t\t\t\t\t\t\t\t\t\t\t\t\t\t\t\t\t\t\t\t\t\t\t\t\t\t\t<b class=\"ortsmarke\">Chemnitz.<\/b>\u00a0<\/p>\n<p>Die Freude im <a href=\"https:\/\/www.blick.de\/thema\/organisation\/drk\" title=\"DRK\" class=\"internal-article-link\" data-ct=\"ENTITY\/ORGANISATION\/DRK\" rel=\"nofollow noopener\" target=\"_blank\">DRK<\/a> <a href=\"https:\/\/www.blick.de\/thema\/organisation\/krankenhaus\" title=\"Krankenhaus\" class=\"internal-article-link\" data-ct=\"ENTITY\/ORGANISATION\/KRANKENHAUS\" rel=\"nofollow noopener\" target=\"_blank\">Krankenhaus<\/a> Chemnitz-Rabenstein war riesig: Am Freitag, den 10. Oktober, wurde dort die 1000. <a href=\"https:\/\/www.blick.de\/thema\/schlagwort\/geburten\" title=\"Geburt\" class=\"internal-article-link\" data-ct=\"ENTITY\/KEYWORD\/GEBURT\" rel=\"nofollow noopener\" target=\"_blank\">Geburt<\/a> des Jahres gefeiert. Um 23:41 Uhr kam die kleine Melina kerngesund zur Welt \u2013 mit einem Gewicht von 3.000 Gramm und 52 Zentimetern Gr\u00f6\u00dfe.<\/p>\n<p>In den Armen ihrer gl\u00fccklichen Eltern Jennifer und Daniel begann f\u00fcr Melina das Leben \u2013 warm, geborgen und willkommen. F\u00fcr das Ehepaar ist es bereits das zweite Kind, das im DRK Krankenhaus Chemnitz-Rabenstein geboren wurde.<\/p>\n<p>\t\t\t\t\t\t\t\t\t\t\t\t\t\t\t\t\t\tZweites Familiengl\u00fcck im gleichen Krankenhaus<\/p>\n<p>Melinas gro\u00dfer Bruder Elia wurde bereits im Jahr 2021 in derselben Klinik geboren. Die Eltern erinnern sich noch gut daran, wie sicher und wohl sie sich damals gef\u00fchlt haben \u2013 ein Gef\u00fchl, das sich nun mit der Geburt von Melina erneut eingestellt hat.<\/p>\n<p>Ein besonders sch\u00f6ner Zufall: W\u00e4hrend Elia jedes Jahr am 9. September Geburtstag feiert, wird seine kleine Schwester Melina nun jedes Jahr rund einen Monat sp\u00e4ter am 10. Oktober ihr neues Lebensjahr beginnen \u2013 fast wie ein liebevoller Staffelstab von Geschwister zu Geschwister.<\/p>\n<p>\t\t\t\t\t\t\t\t\t\t\t\t\t\t\t\t\t\tWertsch\u00e4tzung f\u00fcr Geburtshilfe-Team und emotionale Momente<\/p>\n<p>Die Geburt wurde von einem erfahrenen Team begleitet: Ober\u00e4rztin Dr. med. Ulrike Spielberg, Claudia Schindler als betreuende \u00c4rztin sowie Gesch\u00e4ftsf\u00fchrer Falk Wagner begr\u00fc\u00dften die Familie pers\u00f6nlich. Hebammen und Pflegekr\u00e4fte \u00fcberreichten Blumen und Pr\u00e4sente, um den besonderen Moment gemeinsam zu feiern.<\/p>\n<p>\u201eEs sind genau diese Augenblicke, in denen sich unsere Arbeit mit Leben f\u00fcllt. Wenn ein neues Kapitel beginnt \u2013 begleitet von Liebe, Geborgenheit und Freude\u201c, so die Klinikleitung.<\/p>\n<p>\t\t\t\t\t\t\t\t\t\t\t\t\t\t\t\t\t\tEin emotionaler Meilenstein f\u00fcr Klinik und Familie<\/p>\n<p>Die 1000. Geburt ist nicht nur eine statistische Marke \u2013 sie ist ein Symbol f\u00fcr Vertrauen, F\u00fcrsorge und Verantwortung. Das DRK Krankenhaus Chemnitz-Rabenstein bleibt f\u00fcr viele Familien ein Ort des neuen Lebens, der Sicherheit und des Anfangs.<\/p>\n","protected":false},"excerpt":{"rendered":"Chemnitz.\u00a0 Die Freude im DRK Krankenhaus Chemnitz-Rabenstein war riesig: Am Freitag, den 10. Oktober, wurde dort die 1000.&hellip;\n","protected":false},"author":2,"featured_media":500216,"comment_status":"","ping_status":"","sticky":false,"template":"","format":"standard","meta":{"footnotes":""},"categories":[1851],"tags":[2770,3364,29,548,663,3934,30,13,10701,14,15,859,12],"class_list":{"0":"post-500215","1":"post","2":"type-post","3":"status-publish","4":"format-standard","5":"has-post-thumbnail","7":"category-chemnitz","8":"tag-chemnitz","9":"tag-de","10":"tag-deutschland","11":"tag-eu","12":"tag-europa","13":"tag-europe","14":"tag-germany","15":"tag-headlines","16":"tag-krankenhaeuser","17":"tag-nachrichten","18":"tag-news","19":"tag-sachsen","20":"tag-schlagzeilen"},"share_on_mastodon":{"url":"https:\/\/pubeurope.com\/@de\/115377458672160683","error":""},"_links":{"self":[{"href":"https:\/\/www.europesays.com\/de\/wp-json\/wp\/v2\/posts\/500215","targetHints":{"allow":["GET"]}}],"collection":[{"href":"https:\/\/www.europesays.com\/de\/wp-json\/wp\/v2\/posts"}],"about":[{"href":"https:\/\/www.europesays.com\/de\/wp-json\/wp\/v2\/types\/post"}],"author":[{"embeddable":true,"href":"https:\/\/www.europesays.com\/de\/wp-json\/wp\/v2\/users\/2"}],"replies":[{"embeddable":true,"href":"https:\/\/www.europesays.com\/de\/wp-json\/wp\/v2\/comments?post=500215"}],"version-history":[{"count":0,"href":"https:\/\/www.europesays.com\/de\/wp-json\/wp\/v2\/posts\/500215\/revisions"}],"wp:featuredmedia":[{"embeddable":true,"href":"https:\/\/www.europesays.com\/de\/wp-json\/wp\/v2\/media\/500216"}],"wp:attachment":[{"href":"https:\/\/www.europesays.com\/de\/wp-json\/wp\/v2\/media?parent=500215"}],"wp:term":[{"taxonomy":"category","embeddable":true,"href":"https:\/\/www.europesays.com\/de\/wp-json\/wp\/v2\/categories?post=500215"},{"taxonomy":"post_tag","embeddable":true,"href":"https:\/\/www.europesays.com\/de\/wp-json\/wp\/v2\/tags?post=500215"}],"curies":[{"name":"wp","href":"https:\/\/api.w.org\/{rel}","templated":true}]}}